{"id":54180,"date":"2025-10-24T08:02:08","date_gmt":"2025-10-24T11:02:08","guid":{"rendered":"https:\/\/maxradio923.com.ar\/index.php\/2025\/10\/24\/franco-colapinto-iniciara-su-actividad-en-el-gran-premio-de-mexico-con-una-practica-con-muchos-cambios-hora-tv-y-todo-lo-que-hay-que-saber\/"},"modified":"2025-10-24T08:02:08","modified_gmt":"2025-10-24T11:02:08","slug":"franco-colapinto-iniciara-su-actividad-en-el-gran-premio-de-mexico-con-una-practica-con-muchos-cambios-hora-tv-y-todo-lo-que-hay-que-saber","status":"publish","type":"post","link":"https:\/\/maxradio923.com.ar\/index.php\/2025\/10\/24\/franco-colapinto-iniciara-su-actividad-en-el-gran-premio-de-mexico-con-una-practica-con-muchos-cambios-hora-tv-y-todo-lo-que-hay-que-saber\/","title":{"rendered":"Franco Colapinto iniciar\u00e1 su actividad en el Gran Premio de M\u00e9xico con una pr\u00e1ctica con muchos cambios: hora, TV y todo lo que hay que saber"},"content":{"rendered":"<p><\/p>\n<div>\n<div class=\"sharebar-container display_flex\">\n<p><span class=\"sharebar-article-date\">24 Oct, 2025 07:00 a.m. EST<\/span><\/p>\n<\/div>\n<\/div>\n<div>\n<h2 class=\"header body-blogging-sub-header\" id=\"dias-y-horarios-de-franco-colapinto-en-el-gran-premio-de-mexico\">D\u00cdAS Y HORARIOS DE FRANCO COLAPINTO EN EL GRAN PREMIO DE M\u00c9XICO<\/h2>\n<p class=\"paragraph\"><i>Viernes 24 de octubre<\/i><\/p>\n<p class=\"paragraph\"><b>Pr\u00e1ctica Libre 1<\/b>: 15.30 (Argentina) \/ 12.30 (M\u00e9xico)<\/p>\n<p class=\"paragraph\"><b>Pr\u00e1ctica Libre 2<\/b>: 19.00 (Argentina) \/ 16.00 (M\u00e9xico)<\/p>\n<p class=\"paragraph\"><i>S\u00e1bado 25 de octubre<\/i><\/p>\n<p class=\"paragraph\"><b>Pr\u00e1ctica Libre 3<\/b>: 14.30 (Argentina) \/ 11.30 (M\u00e9xico)<\/p>\n<p class=\"paragraph\"><b>Clasificaci\u00f3n<\/b>: 18.00 (Argentina) \/ 15.00 (M\u00e9xico)<\/p>\n<p class=\"paragraph\"><i>Domingo 26 de octubre<\/i><\/p>\n<p class=\"paragraph\"><b>Carrera a 71 vueltas<\/b>: 17.00 (Argentina) \/ 14.00 (M\u00e9xico)<\/p>\n<p class=\"paragraph\"><b>Televisaci\u00f3n<\/b>: <i>Disney+<\/i> y <i>Fox Sports<\/i> (Latinoam\u00e9rica) \/ <i>F1TV <\/i>(plataforma) \/ <i>BandSports <\/i>(Brasil) \/ <i>DAZN <\/i>(Espa\u00f1a) \/ <i>ESPN Deportes<\/i> (Estados Unidos) \/ <i>Sky Italia<\/i> (Italia) \/ Sky Sports (Reino Unido)<\/p>\n<\/div>\n<div>\n<div class=\"body-blogging-container\" style=\"grid-template:&quot;time title&quot; auto 'time content-0' auto \/ 147px auto\" id=\"parrafo_0\">\n<p><h2 class=\"header body-blogging-sub-header\" id=\"datos-del-gp-de-mexico:\">Datos del GP de M\u00e9xico:<\/h2>\n<\/p>\n<div class=\"body-blogging-article \" style=\"grid-area:content-0\">\n<ul data-icon=\"\u2b24\" class=\"list\">\n<li data-icon=\"\u2b24\"><span>Primer Gran Premio \u2013 1963<\/span><\/li>\n<li data-icon=\"\u2b24\"><span>Longitud de la pista: 4,304 km<\/span><\/li>\n<li data-icon=\"\u2b24\"><span>R\u00e9cord de vuelta: 1 m 17,774 s, Valtteri Bottas, Mercedes, 2021<\/span><\/li>\n<li data-icon=\"\u2b24\"><span>M\u00e1s pole positions \u2013 Jim Clark (4)<\/span><\/li>\n<li data-icon=\"\u2b24\"><span>M\u00e1s victorias: Max Verstappen (5)<\/span><\/li>\n<\/ul>\n<\/div>\n<\/div>\n<div class=\"body-blogging-container\" style=\"grid-template:'time content-0' auto \/ 147px auto\" id=\"parrafo_1\">\n<div class=\"body-blogging-article \" style=\"grid-area:content-0\">\n<p class=\"paragraph\">El mexicano <b>Pato O\u2019Ward<\/b> estar\u00e1 en lugar de <b>Lando Norris <\/b>en <b>McLaren<\/b>, <b>Arvid Lindblad<\/b> ocupar\u00e1 la butaca de <b>Max Verstappen<\/b> en <b>Red Bull<\/b>, <b>Antonio Fuoco <\/b>sustituir\u00e1 a <b>Lewis Hamilton <\/b>en <b>Ferrari<\/b>, <b>Fred Vesti<\/b> ser\u00e1 reemplazante de <b>George Russell<\/b> en <b>Mercedes<\/b>, <b>Luke Browning<\/b> conducir\u00e1 el monoplaza de <b>Carlos Sainz<\/b> en <b>Williams<\/b>, <b>Jak Crawford<\/b> ir\u00e1 por <b>Lance Stroll<\/b> en <b>Aston Martin<\/b>, <b>Ryo Hirakawa<\/b> se subir\u00e1 al <b>Haas <\/b>de <b>Ollie Bearman<\/b>, <b>Ayumu Iwasa<\/b> estar\u00e1 en el sitio de <b>Liam Lawson<\/b> en <b>Racing Bulls<\/b> y <b>Paul Aron<\/b> se sentar\u00e1 en el lugar de <b>Pierre Gasly <\/b>en <b>Alpine<\/b>. De este modo, s\u00f3lo <b>Sauber <\/b>estar\u00e1 toda la jornada completa con sus dos corredores titulares: <b>Nico H\u00fclkenberg<\/b> y <b>Gabriel Bortoleto<\/b>.<\/p>\n<\/div>\n<\/div>\n<div class=\"body-blogging-container\" style=\"grid-template:'time content-0' auto \/ 147px auto\" id=\"parrafo_2\">\n<div class=\"body-blogging-article \" style=\"grid-area:content-0\">\n<div class=\"article-header article-headline-live-blogging\">\n<h2 id=\"los-9-cambios-de-pilotos-que-habra-en-el-primer-entrenamiento-del-gran-premio-de-mexico-de-formula-1\" class=\"display-block article-headline text_align_left article-headline-live-blogging\" style=\"margin-top:5px\">Los 9 cambios de pilotos que habr\u00e1 en el primer entrenamiento del Gran Premio de M\u00e9xico de F\u00f3rmula 1<\/h2>\n<h3 class=\"article-subheadline text_align_left article-subheadline-live-blogging\">Los equipos ceder\u00e1n sus butacas a corredores rookies en la FP1 para cumplir con las obligaciones reglamentarias<\/h3>\n<\/div>\n<div class=\"visual-image\"><picture><source srcset=\"https:\/\/www.infobae.com\/resizer\/v2\/X4OYP7HXPNBJFJAPYK6N7ZAKLU.JPG?auth=cf2d8a0462ddff088ad0132f4c74e71216826a56bb7fbeab2055a481094f3efe&amp;smart=true&amp;width=992&amp;height=695&amp;quality=85\" media=\"(min-width: 1000px)\"\/><source srcset=\"https:\/\/www.infobae.com\/resizer\/v2\/X4OYP7HXPNBJFJAPYK6N7ZAKLU.JPG?auth=cf2d8a0462ddff088ad0132f4c74e71216826a56bb7fbeab2055a481094f3efe&amp;smart=true&amp;width=768&amp;height=538&amp;quality=85\" media=\"(min-width: 768px)\"\/><source srcset=\"https:\/\/www.infobae.com\/resizer\/v2\/X4OYP7HXPNBJFJAPYK6N7ZAKLU.JPG?auth=cf2d8a0462ddff088ad0132f4c74e71216826a56bb7fbeab2055a481094f3efe&amp;smart=true&amp;width=577&amp;height=404&amp;quality=85\" media=\"(min-width: 580px)\"\/><source srcset=\"https:\/\/www.infobae.com\/resizer\/v2\/X4OYP7HXPNBJFJAPYK6N7ZAKLU.JPG?auth=cf2d8a0462ddff088ad0132f4c74e71216826a56bb7fbeab2055a481094f3efe&amp;smart=true&amp;width=420&amp;height=294&amp;quality=85\" media=\"(min-width: 350px)\"\/><source srcset=\"https:\/\/www.infobae.com\/resizer\/v2\/X4OYP7HXPNBJFJAPYK6N7ZAKLU.JPG?auth=cf2d8a0462ddff088ad0132f4c74e71216826a56bb7fbeab2055a481094f3efe&amp;smart=true&amp;width=350&amp;height=245&amp;quality=85\" media=\"(min-width: 80px)\"\/><img alt=\"Max Verstappen y Lewis Hamilton,\" class=\"global-image\" decoding=\"async\" fetchpriority=\"high\" height=\"3887\" loading=\"eager\" src=\"https:\/\/www.infobae.com\/resizer\/v2\/X4OYP7HXPNBJFJAPYK6N7ZAKLU.JPG?auth=cf2d8a0462ddff088ad0132f4c74e71216826a56bb7fbeab2055a481094f3efe&amp;smart=true&amp;width=350&amp;height=245&amp;quality=85\" width=\"5546\"\/><\/picture><figcaption class=\"blogbody-figcaption-img\">Max Verstappen y Lewis Hamilton, dos de los que ceder\u00e1n sus coches en la pr\u00e1ctica libre de M\u00e9xico (Foto: Reuters\/Jakub Porzycki)<\/figcaption><\/div>\n<p class=\"paragraph\">La <b>F\u00f3rmula 1<\/b> vivir\u00e1 un inicio por dem\u00e1s particular de la 20\u00aa fecha del calendario 2025 en el <i>Aut\u00f3dromo Hermanos Rodr\u00edguez<\/i> para el <b>Gran Premio de M\u00e9xico<\/b>: habr\u00e1 <b>nueve pilotos novatos girando en la pr\u00e1ctica 1 del viernes<\/b>.<\/p>\n<\/div>\n<\/div>\n<div class=\"body-blogging-container\" style=\"grid-template:'time content-0' auto \/ 147px auto\" id=\"parrafo_3\">\n<div class=\"body-blogging-article \" style=\"grid-area:content-0\">\n<div class=\"article-header article-headline-live-blogging\">\n<h2 id=\"las-razones-por-las-que-nicolas-varrone-puede-sonar-con-la-formula-1-y-cual-es-el-mano-a-mano-clave-que-afrontara-en-f2\" class=\"display-block article-headline text_align_left article-headline-live-blogging\" style=\"margin-top:5px\">Las razones por las que Nicol\u00e1s Varrone puede so\u00f1ar con la F\u00f3rmula 1 y cu\u00e1l es el mano a mano clave que afrontar\u00e1 en F2<\/h2>\n<h3 class=\"article-subheadline text_align_left article-subheadline-live-blogging\">El argentino correr\u00e1 en el equipo VAR de F\u00f3rmula 2 en 2026 y de la mano de General Motors buscar\u00e1 la promoci\u00f3n a Cadillac. C\u00f3mo ser\u00e1 evaluado <\/h3>\n<\/div>\n<div class=\"visual-image\"><picture><source srcset=\"https:\/\/www.infobae.com\/resizer\/v2\/KYPL5XJN4JGYTJMQYOP3GOEULA.jpg?auth=3099fc93c2f6d3027d5ce93d49c5aeb5e027f12a7ee909faa6371b3bf227f816&amp;smart=true&amp;width=992&amp;height=584&amp;quality=85\" media=\"(min-width: 1000px)\"\/><source srcset=\"https:\/\/www.infobae.com\/resizer\/v2\/KYPL5XJN4JGYTJMQYOP3GOEULA.jpg?auth=3099fc93c2f6d3027d5ce93d49c5aeb5e027f12a7ee909faa6371b3bf227f816&amp;smart=true&amp;width=768&amp;height=452&amp;quality=85\" media=\"(min-width: 768px)\"\/><source srcset=\"https:\/\/www.infobae.com\/resizer\/v2\/KYPL5XJN4JGYTJMQYOP3GOEULA.jpg?auth=3099fc93c2f6d3027d5ce93d49c5aeb5e027f12a7ee909faa6371b3bf227f816&amp;smart=true&amp;width=577&amp;height=340&amp;quality=85\" media=\"(min-width: 580px)\"\/><source srcset=\"https:\/\/www.infobae.com\/resizer\/v2\/KYPL5XJN4JGYTJMQYOP3GOEULA.jpg?auth=3099fc93c2f6d3027d5ce93d49c5aeb5e027f12a7ee909faa6371b3bf227f816&amp;smart=true&amp;width=420&amp;height=247&amp;quality=85\" media=\"(min-width: 350px)\"\/><source srcset=\"https:\/\/www.infobae.com\/resizer\/v2\/KYPL5XJN4JGYTJMQYOP3GOEULA.jpg?auth=3099fc93c2f6d3027d5ce93d49c5aeb5e027f12a7ee909faa6371b3bf227f816&amp;smart=true&amp;width=350&amp;height=206&amp;quality=85\" media=\"(min-width: 80px)\"\/><img alt=\"Nicol\u00e1s Varrone correr\u00e1 en la\" class=\"global-image\" decoding=\"async\" fetchpriority=\"high\" height=\"760\" loading=\"eager\" src=\"https:\/\/www.infobae.com\/resizer\/v2\/KYPL5XJN4JGYTJMQYOP3GOEULA.jpg?auth=3099fc93c2f6d3027d5ce93d49c5aeb5e027f12a7ee909faa6371b3bf227f816&amp;smart=true&amp;width=350&amp;height=206&amp;quality=85\" width=\"1290\"\/><\/picture><figcaption class=\"blogbody-figcaption-img\">Nicol\u00e1s Varrone correr\u00e1 en la F\u00f3rmula 2 y qued\u00f3 a un paso de la F\u00f3rmula 1. De la mano de General Motors buscar\u00e1 su chance en Cadillac <\/figcaption><\/div>\n<p class=\"paragraph\">La llegada de <b>Nicol\u00e1s Varrone<\/b> a la <b>F\u00f3rmula 2<\/b> renov\u00f3 las expectativa sobre la posible llegada del piloto argentino a la<b> F\u00f3rmula 1<\/b>. Si bien cumplir\u00e1 26 a\u00f1os el 6 de noviembre del pr\u00f3ximo a\u00f1o, el ser corredor oficial de General Motors (GM) le abre una perspectiva diferente al del resto de las escuder\u00edas de la M\u00e1xima y la chance en el flamante equipo <b>Cadillac <\/b>puede darse en el futuro. <\/p>\n<\/div>\n<\/div>\n<div class=\"body-blogging-container\" style=\"grid-template:&quot;time title&quot; auto 'time content-0' auto \/ 147px auto\" id=\"parrafo_4\">\n<p><h2 class=\"header body-blogging-sub-header\" id=\"los-detalles-del-circuito-en-el-gran-premio-de-mexico\">Los detalles del circuito en el Gran Premio de M\u00e9xico<\/h2>\n<\/p>\n<div class=\"body-blogging-article \" style=\"grid-area:content-0\">\n<div class=\"visual-image\"><picture><source srcset=\"https:\/\/www.infobae.com\/resizer\/v2\/BJXGKL7FMZHINJHWMEYPC37LRM.jpg?auth=557d01d8ca95c48d5ab403f45f0195d929ef2f7ec812941b014bc49d22303a46&amp;smart=true&amp;width=992&amp;height=664&amp;quality=85\" media=\"(min-width: 1000px)\"\/><source srcset=\"https:\/\/www.infobae.com\/resizer\/v2\/BJXGKL7FMZHINJHWMEYPC37LRM.jpg?auth=557d01d8ca95c48d5ab403f45f0195d929ef2f7ec812941b014bc49d22303a46&amp;smart=true&amp;width=768&amp;height=514&amp;quality=85\" media=\"(min-width: 768px)\"\/><source srcset=\"https:\/\/www.infobae.com\/resizer\/v2\/BJXGKL7FMZHINJHWMEYPC37LRM.jpg?auth=557d01d8ca95c48d5ab403f45f0195d929ef2f7ec812941b014bc49d22303a46&amp;smart=true&amp;width=577&amp;height=386&amp;quality=85\" media=\"(min-width: 580px)\"\/><source srcset=\"https:\/\/www.infobae.com\/resizer\/v2\/BJXGKL7FMZHINJHWMEYPC37LRM.jpg?auth=557d01d8ca95c48d5ab403f45f0195d929ef2f7ec812941b014bc49d22303a46&amp;smart=true&amp;width=420&amp;height=281&amp;quality=85\" media=\"(min-width: 350px)\"\/><source srcset=\"https:\/\/www.infobae.com\/resizer\/v2\/BJXGKL7FMZHINJHWMEYPC37LRM.jpg?auth=557d01d8ca95c48d5ab403f45f0195d929ef2f7ec812941b014bc49d22303a46&amp;smart=true&amp;width=350&amp;height=234&amp;quality=85\" media=\"(min-width: 80px)\"\/><img alt=\"La carrera ser\u00e1 en el\" class=\"global-image\" decoding=\"async\" fetchpriority=\"low\" height=\"1286\" loading=\"lazy\" src=\"https:\/\/www.infobae.com\/resizer\/v2\/BJXGKL7FMZHINJHWMEYPC37LRM.jpg?auth=557d01d8ca95c48d5ab403f45f0195d929ef2f7ec812941b014bc49d22303a46&amp;smart=true&amp;width=350&amp;height=234&amp;quality=85\" width=\"1920\"\/><\/picture><figcaption class=\"blogbody-figcaption-img\">La carrera ser\u00e1 en el Aut\u00f3dromo Hermanos Rodr\u00edguez<\/figcaption><\/div>\n<\/div>\n<\/div>\n<div class=\"body-blogging-container\" style=\"grid-template:'time content-0' auto 'time content-1' auto 'time content-2' auto \/ 147px auto\" id=\"parrafo_5\">\n<div class=\"body-blogging-article \" style=\"grid-area:content-0\">\n<p class=\"paragraph\">\u00a1Bienvenidos! <b>Franco Colapinto<\/b> volver\u00e1 a tener actividad al mando de su Alpine en una de las fechas m\u00e1s esperadas para los fan\u00e1ticos en el Gran Premio de M\u00e9xico en el <i>Aut\u00f3dromo Hermanos Rodr\u00edguez.<\/i><\/p>\n<\/div>\n<div class=\"body-blogging-article \" style=\"grid-area:content-1\">\n<div class=\"visual-image\"><picture><source srcset=\"https:\/\/www.infobae.com\/resizer\/v2\/DMWC4CF27JCFBOM3HOBU6U6U2Y.JPG?auth=1af343e78266462bb7064e41f7367be425a819dfdd974bb2d029bdd58247ae75&amp;smart=true&amp;width=992&amp;height=558&amp;quality=85\" media=\"(min-width: 1000px)\"\/><source srcset=\"https:\/\/www.infobae.com\/resizer\/v2\/DMWC4CF27JCFBOM3HOBU6U6U2Y.JPG?auth=1af343e78266462bb7064e41f7367be425a819dfdd974bb2d029bdd58247ae75&amp;smart=true&amp;width=768&amp;height=432&amp;quality=85\" media=\"(min-width: 768px)\"\/><source srcset=\"https:\/\/www.infobae.com\/resizer\/v2\/DMWC4CF27JCFBOM3HOBU6U6U2Y.JPG?auth=1af343e78266462bb7064e41f7367be425a819dfdd974bb2d029bdd58247ae75&amp;smart=true&amp;width=577&amp;height=325&amp;quality=85\" media=\"(min-width: 580px)\"\/><source srcset=\"https:\/\/www.infobae.com\/resizer\/v2\/DMWC4CF27JCFBOM3HOBU6U6U2Y.JPG?auth=1af343e78266462bb7064e41f7367be425a819dfdd974bb2d029bdd58247ae75&amp;smart=true&amp;width=420&amp;height=236&amp;quality=85\" media=\"(min-width: 350px)\"\/><source srcset=\"https:\/\/www.infobae.com\/resizer\/v2\/DMWC4CF27JCFBOM3HOBU6U6U2Y.JPG?auth=1af343e78266462bb7064e41f7367be425a819dfdd974bb2d029bdd58247ae75&amp;smart=true&amp;width=350&amp;height=197&amp;quality=85\" media=\"(min-width: 80px)\"\/><img alt=\"Franco Colapinto saldr\u00e1 a pista\" class=\"global-image\" decoding=\"async\" fetchpriority=\"low\" height=\"4644\" loading=\"lazy\" src=\"https:\/\/www.infobae.com\/resizer\/v2\/DMWC4CF27JCFBOM3HOBU6U6U2Y.JPG?auth=1af343e78266462bb7064e41f7367be425a819dfdd974bb2d029bdd58247ae75&amp;smart=true&amp;width=350&amp;height=197&amp;quality=85\" width=\"8256\"\/><\/picture><figcaption class=\"blogbody-figcaption-img\">Franco Colapinto saldr\u00e1 a pista por primera vez en el GP de M\u00e9xico (Foto: Jerome Miron-Imagn Images)<\/figcaption><\/div>\n<\/div>\n<\/div>\n<\/div>\n<p><script defer=\"\">try{!function(f,b,e,v,n,t,s) {if(f.fbq)return;n=f.fbq=function(){n.callMethod? n.callMethod.apply(n,arguments):n.queue.push(arguments)}; if(!f._fbq)f._fbq=n;n.push=n;n.loaded=!0;n.version='2.0'; n.queue=[];t=b.createElement(e);t.async=!0; t.src=v;s=b.getElementsByTagName(e)[0]; s.parentNode.insertBefore(t,s)}(window, document,'script', ' fbq('init', '336383993555320'); fbq('track', 'PageView'); fbq('track', 'ViewContent');}catch(error){console.log(\"Error al inicializar facebookPixelRawCodeScript:\",error);}<\/script><\/p>\n","protected":false},"excerpt":{"rendered":"<p>24 Oct, 2025 07:00 a.m. EST D\u00cdAS Y HORARIOS DE FRANCO COLAPINTO EN EL GRAN PREMIO DE M\u00c9XICO Viernes 24 de octubre Pr\u00e1ctica Libre 1: 15.30 (Argentina) \/ 12.30 (M\u00e9xico) Pr\u00e1ctica Libre 2: 19.00 (Argentina) \/ 16.00 (M\u00e9xico) S\u00e1bado 25 de octubre Pr\u00e1ctica Libre 3: 14.30 (Argentina) \/ 11.30 (M\u00e9xico) Clasificaci\u00f3n: 18.00 (Argentina) \/ 15.00 [&hellip;]<\/p>\n","protected":false},"author":2,"featured_media":53747,"comment_status":"","ping_status":"","sticky":false,"template":"","format":"standard","meta":{"footnotes":""},"categories":[2],"tags":[],"_links":{"self":[{"href":"https:\/\/maxradio923.com.ar\/index.php\/wp-json\/wp\/v2\/posts\/54180"}],"collection":[{"href":"https:\/\/maxradio923.com.ar\/index.php\/wp-json\/wp\/v2\/posts"}],"about":[{"href":"https:\/\/maxradio923.com.ar\/index.php\/wp-json\/wp\/v2\/types\/post"}],"author":[{"embeddable":true,"href":"https:\/\/maxradio923.com.ar\/index.php\/wp-json\/wp\/v2\/users\/2"}],"replies":[{"embeddable":true,"href":"https:\/\/maxradio923.com.ar\/index.php\/wp-json\/wp\/v2\/comments?post=54180"}],"version-history":[{"count":0,"href":"https:\/\/maxradio923.com.ar\/index.php\/wp-json\/wp\/v2\/posts\/54180\/revisions"}],"wp:featuredmedia":[{"embeddable":true,"href":"https:\/\/maxradio923.com.ar\/index.php\/wp-json\/wp\/v2\/media\/53747"}],"wp:attachment":[{"href":"https:\/\/maxradio923.com.ar\/index.php\/wp-json\/wp\/v2\/media?parent=54180"}],"wp:term":[{"taxonomy":"category","embeddable":true,"href":"https:\/\/maxradio923.com.ar\/index.php\/wp-json\/wp\/v2\/categories?post=54180"},{"taxonomy":"post_tag","embeddable":true,"href":"https:\/\/maxradio923.com.ar\/index.php\/wp-json\/wp\/v2\/tags?post=54180"}],"curies":[{"name":"wp","href":"https:\/\/api.w.org\/{rel}","templated":true}]}}