{"id":54176,"date":"2025-10-24T07:13:09","date_gmt":"2025-10-24T10:13:09","guid":{"rendered":"https:\/\/maxradio923.com.ar\/index.php\/2025\/10\/24\/a-dos-anos-de-su-muerte-las-10-respuestas-mas-filosoficas-de-ricardo-iorio-que-a-muchos-dejan-pensando\/"},"modified":"2025-10-24T07:13:09","modified_gmt":"2025-10-24T10:13:09","slug":"a-dos-anos-de-su-muerte-las-10-respuestas-mas-filosoficas-de-ricardo-iorio-que-a-muchos-dejan-pensando","status":"publish","type":"post","link":"https:\/\/maxradio923.com.ar\/index.php\/2025\/10\/24\/a-dos-anos-de-su-muerte-las-10-respuestas-mas-filosoficas-de-ricardo-iorio-que-a-muchos-dejan-pensando\/","title":{"rendered":"A dos a\u00f1os de su muerte, las 10 respuestas m\u00e1s filos\u00f3ficas de Ricardo Iorio que a muchos dejan pensando"},"content":{"rendered":"<p><\/p>\n<div>\n<p class=\"com-paragraph   --s\"><strong>Ricardo Iorio<\/strong>, el precursor del Metal en la Argentina, muri\u00f3 un 24 de octubre de 2023. Es recordado por su importante paso por la m\u00fasica en nuestro pa\u00eds, en <strong>grupos como V8, Herm\u00e9tica, Almafuerte<\/strong>, y por ser autor de canciones como <strong>\u201cToro y pampa\u201d, \u201cGil trabajador\u201d, \u201cTiempos met\u00e1licos\u201d y \u201cS\u00e9 vos\u201d<\/strong>, entre muchas otras. Sin embargo, un aspecto en el que tambi\u00e9n resaltaba era en sus entrevistas. Con una voz muy particular, a lo largo de los a\u00f1os <strong>cre\u00f3 un personaje que viraba entre lo humor\u00edstico, lo incre\u00edblemente sensible y lo totalmente repudiable<\/strong>. Sin embargo, algunas de sus respuestas ofrecen ideas que a muchos dejan pensando.<\/p>\n<p class=\"com-paragraph   --s\">Nacido en Ciudadela, con los a\u00f1os encontr\u00f3 en un campo, entre Sierra de la Ventana y Coronel Su\u00e1rez, su refugio. All\u00ed pas\u00f3 sus \u00faltimos tiempos y fue ah\u00ed donde muri\u00f3 de un ataque al coraz\u00f3n. Meses antes, hab\u00eda dicho en una entrevista: \u201cEstoy a 70 kil\u00f3metros del pueblo (\u2026). Yo soy consciente que si a m\u00ed me agarra un infarto o un AC yo muero, <strong>porque ac\u00e1 no llega la ambulancia<\/strong>\u201d, dijo Iorio, orgulloso de vivir en el lugar que so\u00f1\u00f3 desde chico.<\/p>\n<div class=\"content-media\">\n<section role=\"button\" class=\"mod-media   \">\n<figure role=\"button\" class=\"mod-figure \"><figcaption class=\"mod-figcaption\"><span class=\"com-text --caption --twoxs\">Ricardo Iorio muri\u00f3 en 2023<\/span><span class=\"com-text --credit --twoxs\">Fernando Dvoskin<\/span><\/figcaption><\/figure>\n<\/section>\n<\/div>\n<p class=\"com-paragraph   --s\"><strong>Las entrevistas a Ricardo Iorio<\/strong> son, hoy, material de entretenimiento de muchas personas, incluso en programas de canales de <em>streaming<\/em>, donde levantan las viejas grabaciones tanto por su humor como por su calidad filos\u00f3fica, en algunos casos. El bajista y cantante era consultado por infinidad de temas (desde literatura hasta la muerte de Ricardo Fort) y siempre tuvo algo para decir, generalmente yendo m\u00e1s all\u00e1 de la pregunta en cuesti\u00f3n. A continuaci\u00f3n, <strong>las 10 respuestas m\u00e1s recordadas de Ricardo Iorio.<\/strong><\/p>\n<h3 class=\"com-title --font-primary --l --font-extra\">\u201c\u00bfQu\u00e9 es lo m\u00e1s importante de la vida?\u201d<\/h3>\n<p class=\"com-paragraph   --s\">El humorista Jos\u00e9 Carlos \u201cYayo\u201d Guridi fue uno de los pocos que pudo entrevistar a Iorio. En la entrevista, el cantante empieza a explicar que \u00e9l cree en el proyecto de \u201cprocrear y proveer\u201d, yendo en contra a todas esas personas que \u201ctienen hijos y luego no se hacen cargo\u201d. Entonces, recuerda una frase de un amigo suyo que dice: \u201cEste cuerpo a Dios se lo voy a entregar bien gastado\u201d. <\/p>\n<p class=\"com-paragraph   --s\">La conversaci\u00f3n deriva en la muerte e Iorio aprovecha a criticar a todos aquellos que recuerdan demostrar cari\u00f1o a las personas cuando ya fallecieron: <strong>\u201cLo m\u00e1s importante creo que tiene la vida es esto decirte: \u2018Yayo, te quiero amigo, siento una simpat\u00eda por vos, te quiero ahora, ahora que estamos ac\u00e1\u2019. Porque la vida se goza cuando palpita\u201d.<\/strong><\/p>\n<p class=\"com-paragraph   --s\">Adem\u00e1s, en una entrevista con Beto Casella, el m\u00fasico dijo: \u201cHoy tengo que darte mis agradecimientos, mi ayuda: <strong>las flores, no cuando el otro est\u00e1 muerto<\/strong>\u201d.<\/p>\n<div class=\"content-media\">\n<section role=\"button\" class=\"mod-media   \">\n<figure role=\"button\" class=\"mod-figure \"><figcaption class=\"mod-figcaption\"><span class=\"com-text --caption --twoxs\">Beto Casella y Ricardo Iorio ten\u00edan un estrecho v\u00ednculo de amistad<\/span><span class=\"com-text --credit --twoxs\">YouTube<\/span><\/figcaption><\/figure>\n<\/section>\n<\/div>\n<h3 class=\"com-title --font-primary --l --font-extra\">\u201c\u00bfC\u00f3mo es que, sin reloj, lleg\u00e1s a horario a todos lados?\u201d<\/h3>\n<p class=\"com-paragraph   --s\">Yayo, cerca del final de la entrevista, observa que el m\u00fasico \u2014amigo suyo\u2014 no lleva reloj y destaca su puntualidad. Iorio, sin re\u00edrse, respondi\u00f3: \u201c<strong>Creo que la dignidad, el pensamiento \u00edntegro del ser humano se muestra no haci\u00e9ndole perder el tiempo al otro.<\/strong> Si yo te digo a las siete, estoy siete menos cuarto, no importa si estoy esperando 15 minutos m\u00e1s\u201d. Luego, atac\u00f3 el tema de llevar un reloj a la mu\u00f1eca explicando que, cuando est\u00e1 con otro, le dar\u00eda verg\u00fcenza mirar la hora y estar diciendo: \u201cHace media hora que estoy ac\u00e1 y todav\u00eda no gan\u00e9 nada\u201d.<\/p>\n<h3 class=\"com-title --font-primary --l --font-extra\">\u201c\u00bfTe da miedo ir preso?\u201d<\/h3>\n<p class=\"com-paragraph   --s\">En la misma entrevista, Iorio toma el control de las preguntas y le pide a Yayo que le consulte si le dar\u00eda verg\u00fcenza ir preso. Yayo, riendo, le sigui\u00f3 el juego, y el m\u00fasico respondi\u00f3: \u201cMiedo no: <strong>verg\u00fcenza<\/strong>. Por mis padres, por mi apellido, por la gente que me quiere\u201d. <\/p>\n<div class=\"content-media cursor-pointer container-center-100\">\n<section class=\"mod-media ratio-16-9\">\n<figure class=\"mod-video\">\n<div class=\"video-player bg-black ratio-16-9\">\n<div id=\"facade-h7chFfgi\" class=\"content-facade-jw relative bg-black ratio-16-9\"><picture><source media=\"(max-width: 767px)\" srcset=\"https:\/\/resizer.glanacion.com\/resizer\/v2\/https%3A%2F%2Fcdn.jwplayer.com%2Fv2%2Fmedia%2Fh7chFfgi%2Fposter.jpg%3Fwidth%3D720?auth=ed08ecc6a134c42385b539aa5dc5667b27a6ae5d3ecafb95f84480a35a20de13&amp;width=480&amp;quality=70&amp;smart=false\"\/><img class=\"image flex com-image --cover\" decoding=\"async\" fetchpriority=\"low\" loading=\"lazy\" src=\"https:\/\/resizer.glanacion.com\/resizer\/v2\/https%3A%2F%2Fcdn.jwplayer.com%2Fv2%2Fmedia%2Fh7chFfgi%2Fposter.jpg%3Fwidth%3D720?auth=ed08ecc6a134c42385b539aa5dc5667b27a6ae5d3ecafb95f84480a35a20de13&amp;width=720&amp;quality=70&amp;smart=false\" alt=\"Almafuerte - &quot;Se vos&quot;\"\/><\/picture><\/div>\n<\/div><figcaption class=\"border border-1 border-bottom border-light-300 relative px-16 py-8 min-h-36 w-100_md px-0_l mb-8 bg-white\"><span class=\"text ln-text text-16 block\">Almafuerte &#8211; &#8220;Se vos&#8221;<\/span><\/figcaption><\/figure>\n<\/section>\n<\/div>\n<h3 class=\"com-title --font-primary --l --font-extra\">\u201c\u00bfQu\u00e9 sos vos?\u201d<\/h3>\n<p class=\"com-paragraph   --s\">Iorio, siguiendo la respuesta anterior, comenz\u00f3 a filosofar: \u201cYo soy cantor, no me importa nada. Lindo ser\u00eda que cada cual desde su posici\u00f3n haga lo mejor. Yo soy colectivero y hago lo mejor, yo soy cantor y hago lo mejor. Por supuesto que amo, \u00bfy qui\u00e9n soy? <strong>Soy el ejemplo de quien quiso cantar y cant\u00f3<\/strong>\u201d.<\/p>\n<p class=\"com-paragraph   --s\">En otra entrevista, el cantante se\u00f1al\u00f3: \u201c<strong>La onda no es tener dos relojes, es superarse, aprender a leer, a ser mejor cada d\u00eda<\/strong>. Y la forma de lograrlo es conocerse: si el dinero llega, veremos qui\u00e9n sos, porque vas a tener tiempo libre\u201d. Unos minutos despu\u00e9s, en la misma entrevista, reflexion\u00f3: \u201cLa pobreza no es no tener dinero, es <strong>no superarse<\/strong>\u201d.<\/p>\n<h3 class=\"com-title --font-primary --l --font-extra\">\u201c\u00bfTuviste dificultades en tu carrera?\u201d<\/h3>\n<p class=\"com-paragraph   --s\">Ricardo Iorio prefer\u00eda no hablar de su carrera pero, ante esta pregunta, aclar\u00f3 que, para \u00e9l, la vida se trata de tener la intensi\u00f3n de hacer algo y perseverar. \u201cEn tu casa, las personas que deber\u00edan darte cari\u00f1o y amor muchas veces te dicen \u2018no lo hagas m\u00e1s\u2019, pero <strong>hay que perseverar<\/strong>. Esas personas deber\u00edan decirte \u2018mi hijo, a usted le gusta tocar el piano; mire, qu\u00e9dese que yo le voy a comprar un piano\u2019\u201d.<\/p>\n<p class=\"com-paragraph   --s\">En otra entrevista, el m\u00fasico apunt\u00f3: \u201c<strong>Si vos trabaj\u00e1s de lo que no am\u00e1s, el pan que llev\u00e1s a tu mesa es robado<\/strong>\u201d.<\/p>\n<div class=\"content-media\">\n<section role=\"button\" class=\"mod-media   \">\n<figure role=\"button\" class=\"mod-figure \"><figcaption class=\"mod-figcaption\"><span class=\"com-text --caption --twoxs\">Iorio, precursor del Metal en la Argentina<\/span><\/figcaption><\/figure>\n<\/section>\n<\/div>\n<h3 class=\"com-title --font-primary --l --font-extra\">\u201c\u00bfPor qu\u00e9 te viniste al campo?\u201d<\/h3>\n<p class=\"com-paragraph   --s\">El autor de \u201cS\u00e9 vos\u201d, en una entrevista con el canal El presto, explic\u00f3 que a los 14 a\u00f1os pas\u00f3 por Sierra de la Ventana y, desde entonces, so\u00f1\u00f3 con vivir all\u00ed. <strong>\u201cAc\u00e1 no hay h\u00e1bitat ni casas (en el campo), [advert\u00ed] que eso sirve para identificar al enemigo<\/strong>. Si uno va una librer\u00eda cualquiera y pregunta_ \u2018Se\u00f1or, \u00bftiene el libro de Jacques Bergier y Louis Pauwels <em>Un pacto con los<\/em> <em>brujos?\u2019<\/em>. Le dicen que no, y tambi\u00e9n si pide el libro de Scalabrini Ortiz <em>El hombre que est\u00e1 solo y<\/em> <em>espera<\/em>. <strong>Ese es el enemigo<\/strong>, y se apoderaron de las librer\u00edas; hoy vienen por las empresas familiares, por la libertad de prensa, por la propiedad privada\u201d, recit\u00f3 haciendo referencia a todos aquellos que no quieren que los hombres fomenten su creatividad, su pensamiento cr\u00edtico y su evoluci\u00f3n econ\u00f3mica. <\/p>\n<p class=\"com-paragraph   --s\">En otra entrevista, para la televisi\u00f3n, el m\u00fasico remarc\u00f3 que es ilegal en el pa\u00eds sacar el motor de un auto y pon\u00e9rselo a otro: \u201cPorque har\u00edamos maravillas, las personas h\u00e1biles fundir\u00edan todas las f\u00e1bricas\u201d.<\/p>\n<h3 class=\"com-title --font-primary --l --font-extra\">\u201c\u00bfQu\u00e9 es el ser nacional?\u201d<\/h3>\n<p class=\"com-paragraph   --s\">El profesor de filosof\u00eda Jos\u00e9 Mar\u00eda Aguerre entrevist\u00f3 para su canal de YouTube a Ricardo Iorio y le pregunt\u00f3, unido al por qu\u00e9 viv\u00eda en el campo, sobre el sentimiento nacional, sobre el argentino. El m\u00fasico, cuidadoso en sus palabras, le respondi\u00f3: \u201cMuchos dicen \u2018c\u00f3mo vive en el campo y no tiene campo\u2019, porque yo no poseo grandes extensiones; entonces, llego a un poblado y me preguntan si llovi\u00f3 y yo les digo que no lo s\u00e9 y se deprimen. Por eso miento y hablo de la soja, de la chaucha, y se entusiasman porque dicen \u2018soy amigo del rico\u2019. <strong>La mayor\u00eda de los habitantes de nuestra naci\u00f3n prefieren un patr\u00f3n bueno a la libertad<\/strong>\u201d.<\/p>\n<h3 class=\"com-title --font-primary --l --font-extra\">\u201c\u00bfQu\u00e9 pens\u00e1s de la cumbia?\u201d<\/h3>\n<div class=\"content-media\">\n<section role=\"button\" class=\"mod-media   \">\n<figure role=\"button\" class=\"mod-figure \"><figcaption class=\"mod-figcaption\"><span class=\"com-text --caption --twoxs\">Ricardo Iorio fue el l\u00edder de la banda Almafuerte<\/span><span class=\"com-text --credit --twoxs\">@PorMisVenasSoda<\/span><\/figcaption><\/figure>\n<\/section>\n<\/div>\n<p class=\"com-paragraph   --s\">En las ic\u00f3nicas entrevistas con Beto Casella en 2013, el l\u00edder de Almafuerte dio algunas de sus respuestas m\u00e1s famosas. El periodista, leyendo a d\u00f3nde apuntar la entrevista, no perdi\u00f3 el tiempo y pocos minutos despu\u00e9s de empezar fue detr\u00e1s del tema musical. As\u00ed es como le pregunt\u00f3 a Iorio por la cumbia, a lo que el m\u00fasico de Metal respondi\u00f3 diciendo que no le gustaba y destacaba que hay exponentes aut\u00f3ctonos que mezclan la m\u00fasica popular con la simbolog\u00eda regional. \u201cCuando crezcan bananas en la Patagonia, yo voy a escuchar [ritmos latinos]. <strong>Yo vengo del fr\u00edo<\/strong>\u201d, sentenci\u00f3. \u201cImaginate que alguna tengamos que ir otra vez a la guerra contra Inglaterra y suene la m\u00fasica esa&#8230; Nos hacen pelota\u201d.<\/p>\n<p class=\"com-paragraph   --s\">M\u00e1s adelante, el periodista le pregunt\u00f3 a Iorio si un artista de cumbia puede ir m\u00e1s all\u00e1 del g\u00e9nero y \u201cevolucionar\u201d musicalmente: \u201c<strong>Por lo general, la ambici\u00f3n no sucumbe, es as\u00ed, me parece a m\u00ed<\/strong>\u201d. Finaliz\u00f3 imitando frases de canciones de cumbia, de temas sexuales, violentos y referidos a la droga, y remat\u00f3, al borde de lo repudiable: <strong>\u201cVayan a estudiar\u201d.<\/strong><\/p>\n<h3 class=\"com-title --font-primary --l --font-extra\">\u201c\u00bfQu\u00e9 har\u00edas si tuvieses un cargo pol\u00edtico?\u201d<\/h3>\n<p class=\"com-paragraph   --s\">Casella no se guard\u00f3 nada y dispar\u00f3 una pregunta sobre qu\u00e9 har\u00eda Iorio en un cargo p\u00fablico. El m\u00fasico evadi\u00f3 atacar a la pregunta de frente, pero le dijo lo siguiente: <strong>\u201cCada uno tendr\u00eda que poner un poco de s\u00ed, la impersonalidad<\/strong>. <strong>Es decir, tratemos de luchar todos juntos por algo, no meternos a la pol\u00edtica para robar\u201d.<\/strong><\/p>\n<div class=\"content-media cursor-pointer container-center-100\">\n<section class=\"mod-media ratio-16-9\">\n<figure class=\"mod-video\">\n<div class=\"video-player bg-black ratio-16-9\">\n<div id=\"facade-vZsHtX86\" class=\"content-facade-jw relative bg-black ratio-16-9\"><picture><source media=\"(max-width: 767px)\" srcset=\"https:\/\/resizer.glanacion.com\/resizer\/v2\/https%3A%2F%2Fcdn.jwplayer.com%2Fv2%2Fmedia%2FvZsHtX86%2Fposter.jpg%3Fwidth%3D720?auth=0a30999f7e1ebb4467878090066fbfc1fe51d7e73243ac8a19940f5d72ec765b&amp;width=480&amp;quality=70&amp;smart=false\"\/><img class=\"image flex com-image --cover\" decoding=\"async\" fetchpriority=\"low\" loading=\"lazy\" src=\"https:\/\/resizer.glanacion.com\/resizer\/v2\/https%3A%2F%2Fcdn.jwplayer.com%2Fv2%2Fmedia%2FvZsHtX86%2Fposter.jpg%3Fwidth%3D720?auth=0a30999f7e1ebb4467878090066fbfc1fe51d7e73243ac8a19940f5d72ec765b&amp;width=720&amp;quality=70&amp;smart=false\" alt=\"C5n - Mundo Casella  Entrevista A Ricardo Iorio (Parte 2)\"\/><\/picture><\/div>\n<\/div><figcaption class=\"border border-1 border-bottom border-light-300 relative px-16 py-8 min-h-36 w-100_md px-0_l mb-8 bg-white\"><span class=\"text ln-text text-16 block\">C5n &#8211; Mundo Casella  Entrevista A Ricardo Iorio (Parte 2)<\/span><\/figcaption><\/figure>\n<\/section>\n<\/div>\n<h3 class=\"com-title --font-primary --l --font-extra\">\u201c\u00bfQu\u00e9 pens\u00e1s de Internet?\u201d<\/h3>\n<p class=\"com-paragraph   --s\">En la entrevista con Beto Casella, se toc\u00f3 el tema de las descargas de m\u00fasica ilegales en Internet, que, en 2013, segu\u00edan en boga. El m\u00fasico opin\u00f3 sobre el tema de la tecnolog\u00eda con una opini\u00f3n muy fuerte: \u201cCuando se corte la luz, porque un d\u00eda va a pasar, ah\u00ed vamos a ver\u201d. Finaliz\u00f3 el m\u00fasico explicando: \u201c<strong>Nunca chatee con nadie, porque tengo amigos y mi coraz\u00f3n est\u00e1 abierto<\/strong>\u201d.<\/p>\n<section class=\"container-center-100 mb-40 border border-bottom border-thin border-neutral-light-700\"\/><\/div>\n","protected":false},"excerpt":{"rendered":"<p>Ricardo Iorio, el precursor del Metal en la Argentina, muri\u00f3 un 24 de octubre de 2023. Es recordado por su importante paso por la m\u00fasica en nuestro pa\u00eds, en grupos como V8, Herm\u00e9tica, Almafuerte, y por ser autor de canciones como \u201cToro y pampa\u201d, \u201cGil trabajador\u201d, \u201cTiempos met\u00e1licos\u201d y \u201cS\u00e9 vos\u201d, entre muchas otras. Sin [&hellip;]<\/p>\n","protected":false},"author":2,"featured_media":54177,"comment_status":"","ping_status":"","sticky":false,"template":"","format":"standard","meta":{"footnotes":""},"categories":[14],"tags":[],"_links":{"self":[{"href":"https:\/\/maxradio923.com.ar\/index.php\/wp-json\/wp\/v2\/posts\/54176"}],"collection":[{"href":"https:\/\/maxradio923.com.ar\/index.php\/wp-json\/wp\/v2\/posts"}],"about":[{"href":"https:\/\/maxradio923.com.ar\/index.php\/wp-json\/wp\/v2\/types\/post"}],"author":[{"embeddable":true,"href":"https:\/\/maxradio923.com.ar\/index.php\/wp-json\/wp\/v2\/users\/2"}],"replies":[{"embeddable":true,"href":"https:\/\/maxradio923.com.ar\/index.php\/wp-json\/wp\/v2\/comments?post=54176"}],"version-history":[{"count":0,"href":"https:\/\/maxradio923.com.ar\/index.php\/wp-json\/wp\/v2\/posts\/54176\/revisions"}],"wp:featuredmedia":[{"embeddable":true,"href":"https:\/\/maxradio923.com.ar\/index.php\/wp-json\/wp\/v2\/media\/54177"}],"wp:attachment":[{"href":"https:\/\/maxradio923.com.ar\/index.php\/wp-json\/wp\/v2\/media?parent=54176"}],"wp:term":[{"taxonomy":"category","embeddable":true,"href":"https:\/\/maxradio923.com.ar\/index.php\/wp-json\/wp\/v2\/categories?post=54176"},{"taxonomy":"post_tag","embeddable":true,"href":"https:\/\/maxradio923.com.ar\/index.php\/wp-json\/wp\/v2\/tags?post=54176"}],"curies":[{"name":"wp","href":"https:\/\/api.w.org\/{rel}","templated":true}]}}