{"id":5399,"date":"2023-09-28T21:24:05","date_gmt":"2023-09-29T00:24:05","guid":{"rendered":"https:\/\/maxradio923.com\/index.php\/2023\/09\/28\/patricia-bullrich-subira-a-maria-eugenia-vidal-a-su-campana-electoral\/"},"modified":"2023-09-29T06:04:36","modified_gmt":"2023-09-29T09:04:36","slug":"patricia-bullrich-subira-a-maria-eugenia-vidal-a-su-campana-electoral","status":"publish","type":"post","link":"https:\/\/maxradio923.com.ar\/index.php\/2023\/09\/28\/patricia-bullrich-subira-a-maria-eugenia-vidal-a-su-campana-electoral\/","title":{"rendered":"Patricia Bullrich subir\u00e1 a Mar\u00eda Eugenia Vidal a su campa\u00f1a electoral"},"content":{"rendered":"<p><img decoding=\"async\" src=\"https:\/\/diariod3.com\/inicio\/wp-content\/uploads\/2023\/09\/47D7B3746ZD7DFTNONBJW3SACY.jpg\"\/><\/p>\n<h2>Luego de sumar a Horacio Rodr\u00edguez Larreta, la candidata presidencial compartir\u00e1 el pr\u00f3ximo jueves una actividad proselitista en Mar del Plata junto a la ex gobernadora bonaerense. As\u00ed intentar\u00e1 cerrar las heridas pol\u00edticas generadas por la interna en Juntos por el Cambio<\/h2>\n<p>Patricia Bullrich cree que ya se super\u00f3 el estado de confusi\u00f3n de los primeros d\u00edas tras el segundo lugar que obtuvo en las PASO y redise\u00f1\u00f3 la campa\u00f1a de Juntos por el Cambio con otra estrategia. Por un lado, busca combinar el regreso al contacto con la gente com\u00fan (con \u201cla Patoneta\u201d como emblema) y, por el otro, reconciliarse con los sectores de JxC con los que se enfrent\u00f3 en la interna. Sabe que ahora necesita de ellos para llegar a otros segmentos del electorado y superar el desaf\u00edo de entrar al balotaje.<\/p>\n<p>Pasaron 44 d\u00edas desde las primarias hasta que Horacio Rodr\u00edguez Larreta fue incluido por Bullrich en la campa\u00f1a. Este mi\u00e9rcoles, el jefe de Gobierno comparti\u00f3 una recorrida con la candidata presidencial de JxC y un acto en Lomas de Zamora. La semana pr\u00f3xima ser\u00e1 el turno de Mar\u00eda Eugenia Vidal, quien estar\u00e1 el jueves pr\u00f3ximo junto a Bullrich en una actividad en Mar del Plata.<\/p>\n<p>La incorporaci\u00f3n de la ex gobernadora de Buenos Aires completar\u00e1 la inclusi\u00f3n de referentes de JxC que estuvieron en la vereda de enfrente de Bullrich antes de las PASO. Esto disipar\u00e1 la sensaci\u00f3n que hab\u00eda en algunos sectores de la coalici\u00f3n: que la candidata se hab\u00eda \u201cencerrado\u201d en su c\u00edrculo \u00edntimo y hab\u00eda marginado al resto.<\/p>\n<p>Los \u201chalcones\u201d del PRO no se olvidan que Vidal nunca se defini\u00f3 por la postulaci\u00f3n presidencial de Bullrich, ni siquiera cuando lo hizo uno de sus m\u00e1ximos aliados, Cristian Ritondo, primer candidato bullrichista a diputado nacional en la provincia de Buenos Aires. Y, hasta ahora, no le perdonaban a la ex gobernadora que el 2 de agosto, a 11 d\u00edas de las primarias, anunci\u00f3 su voto a Larreta.<\/p>\n<p>Vidal, en cambio, habl\u00f3 con Bullrich tras la derrota del jefe de Gobierno y le asegur\u00f3 que iba a trabajar para que ella llegara a la Casa Rosada. Lo instrument\u00f3 en sus viajes por el interior y en sus mensajes en las redes sociales.<\/p>\n<p>Una de sus \u00faltimas recorridas fue en Entre R\u00edos, provincia en la que estuvo hace 15 d\u00edas para pedir el voto para Bullrich acompa\u00f1ado por Emmanuel Gainza, candidato a intendente de Paran\u00e1 por Juntos por el Cambio. All\u00ed dijo: \u201cQueremos una pol\u00edtica de seguridad que pelee con el narcotr\u00e1fico y no hay nadie en la Argentina que tenga la experiencia de haberlo hecho como Patricia, no solo de haber enfrentado al narcotr\u00e1fico sino a todas las mafias de la Argentina\u201d.<\/p>\n<p>Adem\u00e1s, en su discurso, Vidal dej\u00f3 en claro su rechazo a Javier Milei y Sergio Massa. Por eso advirti\u00f3 que \u201cno podemos ni dar saltos al vac\u00edo ni seguir tolerando relatos\u201d.<\/p>\n<p>La ex mandataria bonaerense concurri\u00f3 a la presentaci\u00f3n del nuevo libro de Bullrich, en la Facultad de Derecho de la UBA, pero no estuvo en la primera fila, como Macri y Larreta, sino que se ubic\u00f3 detr\u00e1s, sin tanta exposici\u00f3n, junto a intendentes bonaerenses del PRO como Julio Garro y Diego Valenzuela.<\/p>\n<p>Ahora, tras una larga charla, Vidal acord\u00f3 con la ex titular del PRO que se sumar\u00e1 el jueves pr\u00f3ximo a una recorrida por Mar del Plata y decidi\u00f3 viajar la semana que viene a C\u00f3rdoba y Santa Fe para hacer campa\u00f1a por su cuenta, de una forma similar a la que hizo Macri en el distrito cordob\u00e9s.<\/p>\n<p>Bullrich tambi\u00e9n estuvo el lunes pasado con Gerardo Morales en Jujuy. Se trat\u00f3 de otro reencuentro pol\u00edtico demorado con uno de los dirigentes que la enfrent\u00f3 en las PASO (fue candidato a vicepresidente de Larreta), que incluy\u00f3 elogios rec\u00edprocos con el gobernador juje\u00f1o.<\/p>\n<p>Esa foto, sin embargo, no pudo disimular la imagen del d\u00eda anterior de Morales posando con Massa con la excusa de la firma de un acuerdo con mandatarios del Norte del pa\u00eds, de la que tambi\u00e9n particip\u00f3 el gobernador de Corrientes, Gustavo Vald\u00e9s, otro referente de la UCR.<\/p>\n<p>Pero Bullrich, necesitada de que todo JxC se encolumne detr\u00e1s de su candidatura, no critic\u00f3 a los mandatarios radicales e incluso los justific\u00f3 por haberse mostrado con su rival de Uni\u00f3n por la Patria. \u201cLa foto fue una picard\u00eda de Massa -dijo-, era un acto institucional de gobernadores que hace tiempo vienen trabajando para tener distintos tipos de energ\u00eda para la producci\u00f3n del Norte Grande. Quiso hacer un acto proselitista, algo que no se hace, no era para decir \u2018me llevo dos ministros radicales\u2019\u201d, .<\/p>\n<p>Una de las primeras figuras del larretismo que sum\u00f3 Bullrich fue Silvia Lospennato, candidata a diputada nacional del jefe de Gobierno en la provincia de Buenos Aires, quien colabora activamente con la postulante presidencial para tratar de captar el voto femenino.<\/p>\n<p>Lo mismo sucedi\u00f3 con el jefe de campa\u00f1a de Larreta, Federico Di Benedetto, y con Diego Santilli, ex candidato a gobernador, que se incorpor\u00f3 al equipo de N\u00e9stor Grindetti en la provincia y viaj\u00f3 en \u201cla Patoneta\u201d antes que Larreta. Tambi\u00e9n se sumaron, desde el economista Hern\u00e1n Lacunza hasta el vicepresidente 1\u00b0 de la Legislatura porte\u00f1a, Emmanuel Ferrario, una figura joven en ascenso.<\/p>\n<p>La candidata sabe que necesita de todos para lograr consenso interno y m\u00e1s votos para las elecciones.<\/p>\n<p>Fuente: INFOBE<\/p>\n<p>Por: Graciela Herrera<\/p>\n<p>La entrada <a href=\"https:\/\/diariod3.com\/inicio\/patricia-bullrich-subira-a-maria-eugenia-vidal-a-su-campana-electoral\/\" rel=\"noreferrer noopener\" target=\"_blank\">Patricia Bullrich subir\u00e1 a Mar\u00eda Eugenia Vidal a su campa\u00f1a electoral<\/a> se public\u00f3 primero en <a href=\"https:\/\/diariod3.com\/inicio\" rel=\"noreferrer noopener\" target=\"_blank\">DIARIO D3 NOTICIAS<\/a>.<\/p>\n","protected":false},"excerpt":{"rendered":"<p>Luego de sumar a Horacio Rodr\u00edguez Larreta, la candidata presidencial compartir\u00e1 el pr\u00f3ximo jueves una actividad proselitista en Mar del Plata junto a la ex gobernadora bonaerense. As\u00ed intentar\u00e1 cerrar las heridas pol\u00edticas generadas por la interna en Juntos por el Cambio Patricia Bullrich cree que ya se super\u00f3 el estado de confusi\u00f3n de los [&hellip;]<\/p>\n","protected":false},"author":2,"featured_media":0,"comment_status":"closed","ping_status":"","sticky":false,"template":"","format":"standard","meta":{"footnotes":""},"categories":[12],"tags":[],"_links":{"self":[{"href":"https:\/\/maxradio923.com.ar\/index.php\/wp-json\/wp\/v2\/posts\/5399"}],"collection":[{"href":"https:\/\/maxradio923.com.ar\/index.php\/wp-json\/wp\/v2\/posts"}],"about":[{"href":"https:\/\/maxradio923.com.ar\/index.php\/wp-json\/wp\/v2\/types\/post"}],"author":[{"embeddable":true,"href":"https:\/\/maxradio923.com.ar\/index.php\/wp-json\/wp\/v2\/users\/2"}],"replies":[{"embeddable":true,"href":"https:\/\/maxradio923.com.ar\/index.php\/wp-json\/wp\/v2\/comments?post=5399"}],"version-history":[{"count":1,"href":"https:\/\/maxradio923.com.ar\/index.php\/wp-json\/wp\/v2\/posts\/5399\/revisions"}],"predecessor-version":[{"id":5417,"href":"https:\/\/maxradio923.com.ar\/index.php\/wp-json\/wp\/v2\/posts\/5399\/revisions\/5417"}],"wp:attachment":[{"href":"https:\/\/maxradio923.com.ar\/index.php\/wp-json\/wp\/v2\/media?parent=5399"}],"wp:term":[{"taxonomy":"category","embeddable":true,"href":"https:\/\/maxradio923.com.ar\/index.php\/wp-json\/wp\/v2\/categories?post=5399"},{"taxonomy":"post_tag","embeddable":true,"href":"https:\/\/maxradio923.com.ar\/index.php\/wp-json\/wp\/v2\/tags?post=5399"}],"curies":[{"name":"wp","href":"https:\/\/api.w.org\/{rel}","templated":true}]}}