{"id":5397,"date":"2023-09-28T21:24:04","date_gmt":"2023-09-29T00:24:04","guid":{"rendered":"https:\/\/maxradio923.com\/index.php\/2023\/09\/28\/caso-batakis-el-gobierno-hace-silencio-y-espera-que-avance-la-investigacion-judicial\/"},"modified":"2023-09-29T06:04:35","modified_gmt":"2023-09-29T09:04:35","slug":"caso-batakis-el-gobierno-hace-silencio-y-espera-que-avance-la-investigacion-judicial","status":"publish","type":"post","link":"https:\/\/maxradio923.com.ar\/index.php\/2023\/09\/28\/caso-batakis-el-gobierno-hace-silencio-y-espera-que-avance-la-investigacion-judicial\/","title":{"rendered":"Caso Batakis: el Gobierno hace silencio y espera que avance la investigaci\u00f3n judicial"},"content":{"rendered":"<p><img decoding=\"async\" src=\"https:\/\/diariod3.com\/inicio\/wp-content\/uploads\/2023\/09\/jura-batakis-1536x1024-1.jpg\"\/><\/p>\n<h2>\u201cNo haremos nada por ahora\u201d, afirm\u00f3 un funcionario de la Casa Rosada tras la denuncia contra la titular del Banco Naci\u00f3n por haber contratado a familiares y a una numer\u00f3loga sin la aprobaci\u00f3n del directorio de esa entidad bancaria<\/h2>\n<p>La denuncia penal contra la directora del Banco Naci\u00f3n, Silvina Batakis, por la aparente designaci\u00f3n irregular en esa entidad bancaria de algunos familiares y de una numer\u00f3loga provoc\u00f3 un natural malestar en la Casa Rosada. Pero por el momento nadie quiere apresurarse y eligen la cautela cuando deben hablar sobre el tema. \u201cNo haremos nada por ahora\u201d, confes\u00f3 un allegado al presidente Alberto Fern\u00e1ndez.<\/p>\n<p>A tan pocos d\u00edas de las elecciones generales y del primer debate de los candidatos a la Presidencia prefieren atenuar el impacto pol\u00edtico. Tanto en el Gobierno como en el entorno del ministro de Econom\u00eda y candidato de Uni\u00f3n por la Patria, Sergio Massa, eligen el silencio ante la inc\u00f3moda situaci\u00f3n. Una remoci\u00f3n, temen, agitar\u00eda las aguas. \u201cQue avance la justicia, que ella explique. No pareciera ser nada vinculado a ella, ya veremos\u201d, asegur\u00f3.<\/p>\n<p>Quienes conocen los pasillos de la Rosada sostienen que en estos casos lo mejor es dejar que el tiempo transcurra. La cercan\u00eda con el 22 de octubre es un factor que nadie soslaya. Un funcionario ejemplific\u00f3: \u201c\u00bfC\u00f3mo hac\u00e9s para pedirle la renuncia y colocar a alguien en su reemplazo por dos meses\u201d. Igualmente admiten que con la imputaci\u00f3n de Batakis que impuls\u00f3 el fiscal federal Guillermo Marijuan el caso empez\u00f3 a transformarse en un dolor de cabeza para el oficialismo. M\u00e1s a\u00fan cuando este mi\u00e9rcoles envi\u00f3 a dos oficiales de Justicia al banco para buscar documentaci\u00f3n sobre las contrataciones.<\/p>\n<p>Sugestivamente, Batakis no se expres\u00f3 a\u00fan sobre las acusaciones que primero surgieron desde el programa de Canal 13, Periodismo Para Todos, y que luego se ampliaron con la presentaci\u00f3n judicial de la diputada Graciela Oca\u00f1a, de Confianza P\u00fablica, uno de los sectores que forma parte del interbloque de Juntos por el Cambio en la C\u00e1mara baja. A quien fuera fugazmente ministra de Econom\u00eda tras la renuncia de Mart\u00edn Guzm\u00e1n se la acusa de incumplimiento de los deberes de funcionario p\u00fablico, defraudaci\u00f3n contra la administraci\u00f3n p\u00fablica por administraci\u00f3n fraudulenta y peculado.<\/p>\n<p>Dentro del Naci\u00f3n, se vive un clima \u201cespeso, intenso\u201d, de acuerdo a lo que cont\u00f3 un habitu\u00e9 de las oficinas centrales, ubicadas frente a la Plaza de Mayo, apenas a unos metros de Balcarce 50. Muchos apuntan a que la filtraci\u00f3n que produjo la denuncia sobre la contrataci\u00f3n de la numer\u00f3loga Ver\u00f3nica Laura \u201cPitty\u201d Assad por servicios de \u201ccoaching\u201d con un contrato de $ 1.800.000 durante seis meses y sobre la designaci\u00f3n del ex marido de Batakis, H\u00e9ctor Javier Silva, como gerente de Sistemas, sin haber pasado por la aprobaci\u00f3n del Directorio de la entidad, se debe a \u201cuna interna pol\u00edtica\u201d.<\/p>\n<p>El objetivo, seg\u00fan sospechan, ser\u00eda desgastar a Mar\u00eda del Carmen Barros, la gerente general, quien fuera ascendida por Batakis cuando sucedi\u00f3 en el cargo a Eduardo Hecker a fines de julio de 2022. Barros es la que contrat\u00f3 a Assad. Tambi\u00e9n algunas decisiones que adopt\u00f3 la actual directora desde que lleg\u00f3 a su nuevo cargo despertaron recelos y algunos enojos. Se le cuestiona que haya tejido un v\u00ednculo estrecho con Sergio Palazzo, el secretario general de La Bancaria, el gremio que tiene un fuerte peso pol\u00edtico en todo lo que pasa en el Naci\u00f3n. Con su arribo, una suerte de premio consuelo que le dio el presidente Alberto Fern\u00e1ndez cuando decidi\u00f3 reemplazarla en Hacienda por Sergio Massa, adem\u00e1s, logr\u00f3 designar en el directorio a tres de sus colaboradores en la cartera econ\u00f3mica, Jos\u00e9 Ballesteros, Mart\u00edn Pollera y Mart\u00edn Di Bella, como un modo de tener mayor respaldo en las decisiones.<\/p>\n<p>Sergio Massa junto a la funcionaria durante la transici\u00f3n del ministerio de Econom\u00eda<\/p>\n<p>Con el aval de Palazzo y con m\u00e1s \u201ctropa propia\u201d en el directorio -que se re\u00fane una vez por semana y en el que sus integrantes discuten desde medidas financieras hasta las contrataciones o las actividades que esponsoriza la entidad- Batakis acumul\u00f3 poder. Por eso \u201cquieren perjudicarla\u201d, admiten cerca suyo.<\/p>\n<p>Aunque sabe que el tema puede rozarlo, del lado de Massa tampoco marcan posici\u00f3n. No actuar\u00e1 como con la disposici\u00f3n del Banco Central que intentaba un control sobre las operaciones de las billeteras virtuales. El candidato oficialista intervino ayer para pedir la derogaci\u00f3n de la medida.<\/p>\n<p>Desde que Carlos Caserio, senador por C\u00f3rdoba, se transform\u00f3 en abril de 2022 en vicepresidente del Banco Naci\u00f3n, Massa perdi\u00f3 all\u00ed a un cuadro que le pertenece como Mat\u00edas Tombolini, quien entonces se hab\u00eda alejado para asumir como titular de ARSAT. El ahora titular de Econom\u00eda no volvi\u00f3 a tener poder de decisi\u00f3n, aunque fuese recortado, en la entidad bancaria. \u00bfPor eso no quiere meterse?<\/p>\n<p>Fuente: INFOBAE<\/p>\n<p>Por: Graciela Herrera<\/p>\n<p>La entrada <a href=\"https:\/\/diariod3.com\/inicio\/caso-batakis-el-gobierno-hace-silencio-y-espera-que-avance-la-investigacion-judicial\/\" rel=\"noreferrer noopener\" target=\"_blank\">Caso Batakis: el Gobierno hace silencio y espera que avance la investigaci\u00f3n judicial<\/a> se public\u00f3 primero en <a href=\"https:\/\/diariod3.com\/inicio\" rel=\"noreferrer noopener\" target=\"_blank\">DIARIO D3 NOTICIAS<\/a>.<\/p>\n","protected":false},"excerpt":{"rendered":"<p>\u201cNo haremos nada por ahora\u201d, afirm\u00f3 un funcionario de la Casa Rosada tras la denuncia contra la titular del Banco Naci\u00f3n por haber contratado a familiares y a una numer\u00f3loga sin la aprobaci\u00f3n del directorio de esa entidad bancaria La denuncia penal contra la directora del Banco Naci\u00f3n, Silvina Batakis, por la aparente designaci\u00f3n irregular [&hellip;]<\/p>\n","protected":false},"author":2,"featured_media":0,"comment_status":"closed","ping_status":"","sticky":false,"template":"","format":"standard","meta":{"footnotes":""},"categories":[12],"tags":[],"_links":{"self":[{"href":"https:\/\/maxradio923.com.ar\/index.php\/wp-json\/wp\/v2\/posts\/5397"}],"collection":[{"href":"https:\/\/maxradio923.com.ar\/index.php\/wp-json\/wp\/v2\/posts"}],"about":[{"href":"https:\/\/maxradio923.com.ar\/index.php\/wp-json\/wp\/v2\/types\/post"}],"author":[{"embeddable":true,"href":"https:\/\/maxradio923.com.ar\/index.php\/wp-json\/wp\/v2\/users\/2"}],"replies":[{"embeddable":true,"href":"https:\/\/maxradio923.com.ar\/index.php\/wp-json\/wp\/v2\/comments?post=5397"}],"version-history":[{"count":1,"href":"https:\/\/maxradio923.com.ar\/index.php\/wp-json\/wp\/v2\/posts\/5397\/revisions"}],"predecessor-version":[{"id":5415,"href":"https:\/\/maxradio923.com.ar\/index.php\/wp-json\/wp\/v2\/posts\/5397\/revisions\/5415"}],"wp:attachment":[{"href":"https:\/\/maxradio923.com.ar\/index.php\/wp-json\/wp\/v2\/media?parent=5397"}],"wp:term":[{"taxonomy":"category","embeddable":true,"href":"https:\/\/maxradio923.com.ar\/index.php\/wp-json\/wp\/v2\/categories?post=5397"},{"taxonomy":"post_tag","embeddable":true,"href":"https:\/\/maxradio923.com.ar\/index.php\/wp-json\/wp\/v2\/tags?post=5397"}],"curies":[{"name":"wp","href":"https:\/\/api.w.org\/{rel}","templated":true}]}}