{"id":537,"date":"2023-08-28T05:26:54","date_gmt":"2023-08-28T03:26:54","guid":{"rendered":"https:\/\/maxradio923.com\/index.php\/2023\/08\/28\/restauraron-un-historico-retrato-al-oleo-de-juan-pablo-echague\/"},"modified":"2023-08-28T05:26:54","modified_gmt":"2023-08-28T03:26:54","slug":"restauraron-un-historico-retrato-al-oleo-de-juan-pablo-echague","status":"publish","type":"post","link":"https:\/\/maxradio923.com.ar\/index.php\/2023\/08\/28\/restauraron-un-historico-retrato-al-oleo-de-juan-pablo-echague\/","title":{"rendered":"Restauraron un hist\u00f3rico retrato al \u00f3leo de Juan Pablo Echag\u00fce"},"content":{"rendered":"<p><img decoding=\"async\" src=\"https:\/\/diariod3.com\/inicio\/wp-content\/uploads\/2023\/08\/53141997854_4420e7a27c_b.jpg\"\/><br \/>\nLa obra recuper\u00f3 su esplendor y devolvi\u00f3 a la biblioteca que lleva su nombre una pintura invaluable.<\/p>\n<p><a href=\"https:\/\/sisanjuan.b-cdn.net\/media\/k2\/items\/cache\/64a0f5b92d5baa3ac571808bcd89347d_XL.jpg\" rel=\"noreferrer noopener\" target=\"_blank\"><img decoding=\"async\" src=\"https:\/\/sisanjuan.b-cdn.net\/media\/k2\/items\/cache\/64a0f5b92d5baa3ac571808bcd89347d_L.jpg\" alt=\"Restauraron un hist\u00f3rico retrato al \u00f3leo de Juan Pablo Echag\u00fce\"\/><\/a><\/p>\n<p>Con una iniciativa del Ministerio de Turismo y Cultura, esta semana la Biblioteca Juan Pablo Echague recibi\u00f3 la restauraci\u00f3n del retrato al \u00f3leo del ilustre escritor, cr\u00edtico literario y periodista argentino Juan Pablo Echag\u00fce. Adem\u00e1s, es importante destacar que para cumplir este objetivo se solicit\u00f3 la colaboraci\u00f3n del Museo Provincial de Bellas Artes Franklin Rawson.<\/p>\n<p>La autor\u00eda de esta obra, que hab\u00eda sufrido el inevitable paso del tiempo afectando su esplendor original, corresponde a Egidio Querciola. El renombrado artista tambi\u00e9n es conocido por sus retratos en la galer\u00eda de presidentes argentinos en el Museo Hist\u00f3rico Nacional.<\/p>\n<p>Finalmente, y de acuerdo al informe t\u00e9cnico, se dio a conocer que la obra exhib\u00eda un estado general de conservaci\u00f3n aceptable; no obstante, el paso de los a\u00f1os hab\u00eda dejado huellas en la capa pict\u00f3rica, el marco y el vidrio de protecci\u00f3n.<\/p>\n<p>Ahora, la pieza restaurada retornar\u00e1 a su lugar original en la Biblioteca Juan Pablo Echag\u00fce para ser expuesta al p\u00fablico en los pr\u00f3ximos d\u00edas.<\/p>\n<p>La entrada <a href=\"https:\/\/diariod3.com\/inicio\/restauraron-un-historico-retrato-al-oleo-de-juan-pablo-echague\/\" rel=\"noreferrer noopener\" target=\"_blank\">Restauraron un hist\u00f3rico retrato al \u00f3leo de Juan Pablo Echag\u00fce<\/a> se public\u00f3 primero en <a href=\"https:\/\/diariod3.com\/inicio\" rel=\"noreferrer noopener\" target=\"_blank\">DIARIO D3 NOTICIAS<\/a>.<\/p>\n","protected":false},"excerpt":{"rendered":"<p>La obra recuper\u00f3 su esplendor y devolvi\u00f3 a la biblioteca que lleva su nombre una pintura invaluable. Con una iniciativa del Ministerio de Turismo y Cultura, esta semana la Biblioteca Juan Pablo Echague recibi\u00f3 la restauraci\u00f3n del retrato al \u00f3leo del ilustre escritor, cr\u00edtico literario y periodista argentino Juan Pablo Echag\u00fce. Adem\u00e1s, es importante destacar [&hellip;]<\/p>\n","protected":false},"author":1,"featured_media":0,"comment_status":"open","ping_status":"open","sticky":false,"template":"","format":"standard","meta":{"footnotes":""},"categories":[10],"tags":[],"_links":{"self":[{"href":"https:\/\/maxradio923.com.ar\/index.php\/wp-json\/wp\/v2\/posts\/537"}],"collection":[{"href":"https:\/\/maxradio923.com.ar\/index.php\/wp-json\/wp\/v2\/posts"}],"about":[{"href":"https:\/\/maxradio923.com.ar\/index.php\/wp-json\/wp\/v2\/types\/post"}],"author":[{"embeddable":true,"href":"https:\/\/maxradio923.com.ar\/index.php\/wp-json\/wp\/v2\/users\/1"}],"replies":[{"embeddable":true,"href":"https:\/\/maxradio923.com.ar\/index.php\/wp-json\/wp\/v2\/comments?post=537"}],"version-history":[{"count":0,"href":"https:\/\/maxradio923.com.ar\/index.php\/wp-json\/wp\/v2\/posts\/537\/revisions"}],"wp:attachment":[{"href":"https:\/\/maxradio923.com.ar\/index.php\/wp-json\/wp\/v2\/media?parent=537"}],"wp:term":[{"taxonomy":"category","embeddable":true,"href":"https:\/\/maxradio923.com.ar\/index.php\/wp-json\/wp\/v2\/categories?post=537"},{"taxonomy":"post_tag","embeddable":true,"href":"https:\/\/maxradio923.com.ar\/index.php\/wp-json\/wp\/v2\/tags?post=537"}],"curies":[{"name":"wp","href":"https:\/\/api.w.org\/{rel}","templated":true}]}}