{"id":535,"date":"2023-08-28T05:26:53","date_gmt":"2023-08-28T03:26:53","guid":{"rendered":"https:\/\/maxradio923.com\/index.php\/2023\/08\/28\/festibach-primaveral-la-camerata-y-el-coro-bach-protagonizaran-cinco-conciertos\/"},"modified":"2023-08-28T05:26:53","modified_gmt":"2023-08-28T03:26:53","slug":"festibach-primaveral-la-camerata-y-el-coro-bach-protagonizaran-cinco-conciertos","status":"publish","type":"post","link":"https:\/\/maxradio923.com.ar\/index.php\/2023\/08\/28\/festibach-primaveral-la-camerata-y-el-coro-bach-protagonizaran-cinco-conciertos\/","title":{"rendered":"Festibach Primaveral: La Camerata y el Coro Bach protagonizar\u00e1n cinco conciertos"},"content":{"rendered":"<p>Festibach Primaveral: La Camerata y el Coro Bach protagonizar\u00e1n cinco conciertos<a href=\"https:\/\/sisanjuan.b-cdn.net\/media\/k2\/items\/cache\/d0ffb317282eb606d53a84ee95b586b9_XL.jpg\" rel=\"noreferrer noopener\" target=\"_blank\"><img decoding=\"async\" src=\"https:\/\/sisanjuan.b-cdn.net\/media\/k2\/items\/cache\/d0ffb317282eb606d53a84ee95b586b9_L.jpg\" alt=\"Festibach Primaveral: La Camerata y el Coro Bach protagonizar\u00e1n cinco conciertos\"\/><\/a><\/p>\n<p><strong>El pr\u00f3ximo 7 de septiembre comenzar\u00e1 el Festibach Primaveral 2023.<\/strong> Se trata del festival <strong>a cargo de La Camerata San Juan<\/strong>, un encuentro que <strong>contar\u00e1 con 65 artistas entre instrumentistas y coreutas<\/strong> que se extender\u00e1 <strong>hasta el 11 del pr\u00f3ximo mes.<\/strong><\/p>\n<p>A lo largo de cinco d\u00edas,<strong> los m\u00fasicos del Coro Bach, Camerata San Juan, Orquesta Escuela, Departamento de M\u00fasica de la Facultad de Filosof\u00eda, Humanidades y Artes ejecutar\u00e1n 25 obras de Johann Sebastian Bach.<\/strong><\/p>\n<p>La primera presentaci\u00f3n ser\u00e1 en la <strong>Bas\u00edlica de Desamparados<\/strong>, el jueves 7 a las 21 hs, con un concierto dedicado a la m\u00fasica para viol\u00edn del compositor.<\/p>\n<p>El segundo concierto tendr\u00e1 su escenario en el <strong>Club Sirio Liban\u00e9s<\/strong> el viernes 8 a las 21 hs y ser\u00e1 protagonizado por los alumnos de la c\u00e1tedra de piano de la Escuela de M\u00fasica, cuya titular es la profesora Ana Ines Aguirre. All\u00ed, la tem\u00e1tica ser\u00e1 la m\u00fasica para teclado donde los artistas interpretar\u00e1n obras al piano.<\/p>\n<p>Por su parte, el s\u00e1bado 9, las obras de m\u00fasica de c\u00e1mara, a cargo de miembros de Camerata y de la Sinfonica, sonar\u00e1n en la<strong> Iglesia Catedral<\/strong> a partir de las 21 hs.<\/p>\n<p>Las \u00faltimas dos presentaciones se realizar\u00e1n en el <strong>Auditorio Juan Victoria<\/strong> desde las 20 hs. En esta oportunidad, el p\u00fablico podr\u00e1 deleitarse con la musica coral de Bach, en el caso de las Cantatas N\u00b0 73 y 136 para coro, orquesta y solistas, bajo la direccion de Guillermo Lopez.<\/p>\n<p>Cabe destacar que la moderaci\u00f3n estar\u00e1 a cargo de L\u00f3pez y<strong> la entrada para cada concierto ser\u00e1 un bono solidario de $800.<\/strong><\/p>\n","protected":false},"excerpt":{"rendered":"<p>Festibach Primaveral: La Camerata y el Coro Bach protagonizar\u00e1n cinco conciertos El pr\u00f3ximo 7 de septiembre comenzar\u00e1 el Festibach Primaveral 2023. Se trata del festival a cargo de La Camerata San Juan, un encuentro que contar\u00e1 con 65 artistas entre instrumentistas y coreutas que se extender\u00e1 hasta el 11 del pr\u00f3ximo mes. A lo largo [&hellip;]<\/p>\n","protected":false},"author":1,"featured_media":0,"comment_status":"open","ping_status":"open","sticky":false,"template":"","format":"standard","meta":{"footnotes":""},"categories":[10],"tags":[],"_links":{"self":[{"href":"https:\/\/maxradio923.com.ar\/index.php\/wp-json\/wp\/v2\/posts\/535"}],"collection":[{"href":"https:\/\/maxradio923.com.ar\/index.php\/wp-json\/wp\/v2\/posts"}],"about":[{"href":"https:\/\/maxradio923.com.ar\/index.php\/wp-json\/wp\/v2\/types\/post"}],"author":[{"embeddable":true,"href":"https:\/\/maxradio923.com.ar\/index.php\/wp-json\/wp\/v2\/users\/1"}],"replies":[{"embeddable":true,"href":"https:\/\/maxradio923.com.ar\/index.php\/wp-json\/wp\/v2\/comments?post=535"}],"version-history":[{"count":0,"href":"https:\/\/maxradio923.com.ar\/index.php\/wp-json\/wp\/v2\/posts\/535\/revisions"}],"wp:attachment":[{"href":"https:\/\/maxradio923.com.ar\/index.php\/wp-json\/wp\/v2\/media?parent=535"}],"wp:term":[{"taxonomy":"category","embeddable":true,"href":"https:\/\/maxradio923.com.ar\/index.php\/wp-json\/wp\/v2\/categories?post=535"},{"taxonomy":"post_tag","embeddable":true,"href":"https:\/\/maxradio923.com.ar\/index.php\/wp-json\/wp\/v2\/tags?post=535"}],"curies":[{"name":"wp","href":"https:\/\/api.w.org\/{rel}","templated":true}]}}