{"id":5260,"date":"2023-09-27T22:24:18","date_gmt":"2023-09-28T01:24:18","guid":{"rendered":"https:\/\/maxradio923.com\/index.php\/2023\/09\/27\/massa-acordo-con-mercado-pago-y-el-central-desactivo-la-medida\/"},"modified":"2023-09-28T12:54:42","modified_gmt":"2023-09-28T15:54:42","slug":"massa-acordo-con-mercado-pago-y-el-central-desactivo-la-medida","status":"publish","type":"post","link":"https:\/\/maxradio923.com.ar\/index.php\/2023\/09\/27\/massa-acordo-con-mercado-pago-y-el-central-desactivo-la-medida\/","title":{"rendered":"Massa acord\u00f3 con Mercado Pago y el Central desactiv\u00f3 la medida"},"content":{"rendered":"<p><img decoding=\"async\" src=\"https:\/\/diariod3.com\/inicio\/wp-content\/uploads\/2023\/09\/sergio-massa-declaracionesjpeg.jpg\"\/><\/p>\n<p>El ministro de Econom\u00eda instruy\u00f3 a los directores que responden al Gobierno a que dejen sin efecto la medida. Los detalles del acuerdo con Mercado Pago.<\/p>\n<p><a href=\"https:\/\/media.sanjuan8.com\/p\/cfcd3a57611556e1fe7e42801d19df7b\/adjuntos\/303\/imagenes\/009\/221\/0009221410\/1200x0\/smart\/sergio-massa-declaracionesjpeg.jpeg\" rel=\"noreferrer noopener\" target=\"_blank\"><img decoding=\"async\" title=\"Massa acord\u00f3 con Mercado Pago y el Central desactiv\u00f3 la medida\" src=\"https:\/\/media.sanjuan8.com\/p\/cfcd3a57611556e1fe7e42801d19df7b\/adjuntos\/303\/imagenes\/009\/221\/0009221410\/1200x0\/smart\/sergio-massa-declaracionesjpeg.jpeg\" alt=\"Massa acord\u00f3 con Mercado Pago y el Central desactiv\u00f3 la medida\"\/><\/a><\/p>\n<p>Massa acord\u00f3 con Mercado Pago y el Central desactiv\u00f3 la medida<\/p>\n<p>El Banco Central (BCRA) dar\u00e1 marcha atr\u00e1s con la medida de cambiar la operatoria que se usa para el fondeo de cuentas bancarias y de billeteras virtuales. Esto responde a que el ministro de Econom\u00eda, Sergio Massa, lleg\u00f3 a un acuerdo con <strong>Mercado <\/strong>Pago respecto de esa decisi\u00f3n del regulador monetario e instruy\u00f3 al directorio de la entidad a tratar el tema en su reuni\u00f3n semanal de este jueves.<\/p>\n<p>Seg\u00fan Mercado Pago, el jugador m\u00e1s importante entre los operadores billeteras virtuales, esta normativa, que estaba previsto que entre en vigencia el 1 de diciembre pr\u00f3ximo, afectaba a m\u00e1s de 4 millones de personas y Sergio Massa hizo lugar al pedido por considerar que perjudicaba a comercios y consumidores. A cambio, el candidato a presidente de Uni\u00f3n por la Patria negoci\u00f3 con las fintech que bajen las comisiones para beneficiar a los usuarios de las aplicaciones.<\/p>\n<p>La marcha atr\u00e1s de la iniciativa, que se hab\u00eda comenzado a implementar el pasado 7 de agosto para los usuarios de billeteras bancarias y no bancarias (con la puesta en marcha de las transferencias pull) pero responde a una norma que se aprob\u00f3 en 2022, se oficializar\u00e1 este jueves en la reuni\u00f3n de directorio.<\/p>\n<p><strong>La medida del BCRA y la decisi\u00f3n de Massa<\/strong><\/p>\n<p>Consiste en el reemplazo del uso de las operaciones de D\u00e9bito Inmediato (DEBIN) para fondeo de cuentas por la modalidad de transferencias Pull a partir del 1 de diciembre de este a\u00f1o.<\/p>\n<p>As\u00ed lo anunci\u00f3 Massa a trav\u00e9s de un video en su cuenta de la red social X: \u00abSe conoci\u00f3 una decisi\u00f3n que afectaba a los usuarios de billeteras electr\u00f3nicas o virtuales. Quiero informarles que ped\u00ed la derogaci\u00f3n de esa norma\u00bb. Sin embargo, antes de dar aviso al Central, les hizo un pedido a las fintech: \u00abSolicit\u00e9 a las billeteras virtuales que bajen la comisi\u00f3n que cobran por retiro de dinero y a los comercios\u00bb, agreg\u00f3 en sus redes sociales.<\/p>\n<p>La primera en presentarle una propuesta a Massa fue Mercado Pago, la compa\u00f1\u00eda del due\u00f1o de Mercado Libre, Marcos Galper\u00edn. Seg\u00fan fuentes del Ministerio de Econom\u00eda, Mercado Pago avanzar\u00e1 en dos medidas:<\/p>\n<p>1) La bonificaci\u00f3n para cobros con QR de Mercado Pago. Se bonifica el arancel para cobrar con QR usando dinero en cuenta de Mercado Pago para los nuevos comercios que se incorporen al sistema, para ventas de hasta $330.000 (1000 UVAs) o los primeros tres meses, lo que ocurra primero<\/p>\n<p>2) La reducci\u00f3n de comisiones para cobros con QR con tarjeta de cr\u00e9dito. Se reducen las comisiones que pagan los comercios pymes para cobros a trav\u00e9s de QR con tarjeta de cr\u00e9dito, pasando de 6,99% + IVA a 5,77% + IVA con acreditaci\u00f3n inmediata.<\/p>\n<p>De todos modos, una alta fuente del Ministerio de Econom\u00eda anticip\u00f3 que \u00abtodas las empresas del sector van a presentar una reducci\u00f3n de las comisiones\u00bb. Ante la consulta de \u00c1mbito respecto de por qu\u00e9 se tomaron estas medidas, en el Palacio de Hacienda, contaron que consideraban que la idea del BCRA perjudicaba a los usuarios, mientras que beneficiaba a los bancos tradicionales, que vienen perdiendo mercado a mano de las billeteras virtuales.<\/p>\n<p>Pero el trasfondo de estas conversaciones est\u00e1 dado por el hecho de que, si Massa gana las elecciones y se convierte en presidente, trabajar\u00e1 en la propuesta para una moneda digital y ese es uno de los motivos por los que tiene un buen di\u00e1logo con el sector. \u00abQueremos que los monederos digitales y la moneda digital sean parte fundamental de la econom\u00eda que viene\u00bb, escribi\u00f3 en su cuenta de X el ministro.<\/p>\n<p><strong>Mercado Pago vs. BCRA: la disputa por DEBIN<\/strong><\/p>\n<p>El quid de la cuesti\u00f3n del debate en torno al cambio en las reglas de fondeo de cuentas es que Mercado Pago se quej\u00f3 de que esa medida hac\u00eda m\u00e1s complejo el traspaso de dinero de una cuenta bancaria (CBU) a otra de una billetera virtual (CVU). El BCRA le respondi\u00f3 que esa decisi\u00f3n se hab\u00eda tomado en consenso con el sector fintech y que apuntaba a dar un paso hacia el ordenamiento del sistema de pagos, dado que el DEBIN no fue creado para fondeo de cuentas.<\/p>\n<p>El D\u00e9bito inmediato (DEBIN) es una transferencia en l\u00ednea en la cual quien cobra inicia el tr\u00e1mite y quien paga solo debe aceptarlo mientras que las transferencias inmediatas \u201cpull\u201d son solicitudes o pedidos de fondos que permiten, mediante el d\u00e9bito de la cuenta -a la vista o de pago- del cliente receptor de la solicitud y previa autorizaci\u00f3n o consentimiento, la acreditaci\u00f3n inmediata de fondos en la cuenta del solicitante.<\/p>\n<p><strong>Las cr\u00edticas y argumentos de Mercado Pago<\/strong><\/p>\n<p>El cambio de una modalidad por otra perjudicaba a la empresa de Marcos Galperin, principalmente, porque el DEBIN comenz\u00f3 a utilizarse para el ingreso de dinero en Mercado Pago hace casi tres a\u00f1os y la empresa destac\u00f3 que es el canal de fondeo m\u00e1s valorado por las personas por su \u00absimplicidad y seguridad\u00bb.<\/p>\n<p>Asimismo, dijeron que, en las pruebas realizadas, les fallan 9 de cada 10 transferencias y que no pueden cumplir con el cambio de procesos que requiere la medida en dos meses.<\/p>\n<p>Por eso, comenzaron a presionar para que se diera vuelta la medida, pero el BCRA se resist\u00eda. \u00abNo hay chance\u00bb de que se avance en ese sentido, afirm\u00f3 una fuente cercana a la entidad a este medio. Pero, finalmente, Sergio Massa fue el canal para lograrlo. No obstante, la tregua lograda es por apenas unos tres meses, ya que, luego de ese plazo, si Massa es presidente de la Naci\u00f3n, planea revisar todo el sistema de pagos virtuales de Argentina.<\/p>\n<p>La entrada <a href=\"https:\/\/diariod3.com\/inicio\/massa-acordo-con-mercado-pago-y-el-central-desactivo-la-medida\/\" rel=\"noreferrer noopener\" target=\"_blank\">Massa acord\u00f3 con Mercado Pago y el Central desactiv\u00f3 la medida<\/a> se public\u00f3 primero en <a href=\"https:\/\/diariod3.com\/inicio\" rel=\"noreferrer noopener\" target=\"_blank\">DIARIO D3 NOTICIAS<\/a>.<\/p>\n","protected":false},"excerpt":{"rendered":"<p>El ministro de Econom\u00eda instruy\u00f3 a los directores que responden al Gobierno a que dejen sin efecto la medida. Los detalles del acuerdo con Mercado Pago. Massa acord\u00f3 con Mercado Pago y el Central desactiv\u00f3 la medida El Banco Central (BCRA) dar\u00e1 marcha atr\u00e1s con la medida de cambiar la operatoria que se usa para [&hellip;]<\/p>\n","protected":false},"author":2,"featured_media":0,"comment_status":"closed","ping_status":"","sticky":false,"template":"","format":"standard","meta":{"footnotes":""},"categories":[12],"tags":[],"_links":{"self":[{"href":"https:\/\/maxradio923.com.ar\/index.php\/wp-json\/wp\/v2\/posts\/5260"}],"collection":[{"href":"https:\/\/maxradio923.com.ar\/index.php\/wp-json\/wp\/v2\/posts"}],"about":[{"href":"https:\/\/maxradio923.com.ar\/index.php\/wp-json\/wp\/v2\/types\/post"}],"author":[{"embeddable":true,"href":"https:\/\/maxradio923.com.ar\/index.php\/wp-json\/wp\/v2\/users\/2"}],"replies":[{"embeddable":true,"href":"https:\/\/maxradio923.com.ar\/index.php\/wp-json\/wp\/v2\/comments?post=5260"}],"version-history":[{"count":1,"href":"https:\/\/maxradio923.com.ar\/index.php\/wp-json\/wp\/v2\/posts\/5260\/revisions"}],"predecessor-version":[{"id":5272,"href":"https:\/\/maxradio923.com.ar\/index.php\/wp-json\/wp\/v2\/posts\/5260\/revisions\/5272"}],"wp:attachment":[{"href":"https:\/\/maxradio923.com.ar\/index.php\/wp-json\/wp\/v2\/media?parent=5260"}],"wp:term":[{"taxonomy":"category","embeddable":true,"href":"https:\/\/maxradio923.com.ar\/index.php\/wp-json\/wp\/v2\/categories?post=5260"},{"taxonomy":"post_tag","embeddable":true,"href":"https:\/\/maxradio923.com.ar\/index.php\/wp-json\/wp\/v2\/tags?post=5260"}],"curies":[{"name":"wp","href":"https:\/\/api.w.org\/{rel}","templated":true}]}}