{"id":5224,"date":"2023-09-27T18:04:26","date_gmt":"2023-09-27T21:04:26","guid":{"rendered":"https:\/\/maxradio923.com\/index.php\/2023\/09\/27\/juan-schiaretti-no-vi-que-las-ideas-de-milei-se-apliquen-en-cualquier-pais\/"},"modified":"2023-09-27T20:14:34","modified_gmt":"2023-09-27T23:14:34","slug":"juan-schiaretti-no-vi-que-las-ideas-de-milei-se-apliquen-en-cualquier-pais","status":"publish","type":"post","link":"https:\/\/maxradio923.com.ar\/index.php\/2023\/09\/27\/juan-schiaretti-no-vi-que-las-ideas-de-milei-se-apliquen-en-cualquier-pais\/","title":{"rendered":"Juan Schiaretti: \u201cNo vi que las ideas de Milei se apliquen en cualquier pa\u00eds\u201d"},"content":{"rendered":"<p><img decoding=\"async\" src=\"https:\/\/diariod3.com\/inicio\/wp-content\/uploads\/2023\/09\/IIKHVSTXCZF5ZFCDEXH6FVFDUA.jpg\"\/><\/p>\n<p>El gobernador de C\u00f3rdoba y candidato a presidente por Hacemos por Nuestro Pa\u00eds, Juan Schiaretti, apunto este mi\u00e9rcoles contra el l\u00edder, y tambi\u00e9n aspirante a Jefe de Estado, de La Libertad Avanza, Javier Milei, de quien critic\u00f3 sus promesas electorales. Adem\u00e1s, cruz\u00f3 fuerte al Gobierno nacional.<\/p>\n<p>\u201cNo vi que las ideas de Milei se apliquen en cualquier pa\u00eds. El triunfo de Milei es un fin de ciclo porque la gente se cans\u00f3 de la grieta\u201d, manifest\u00f3 el aspirante a Jefe de Estado en declaraciones.<\/p>\n<p>No obstante, Schiaretti aclar\u00f3: \u201cNo conozco a Milei, en el debate lo voy a conocer. No tengo nada que objetar en lo personal\u201d.<\/p>\n<p>Por su parte, el gobernador de C\u00f3rdoba asegur\u00f3 que \u201cla Argentina est\u00e1 hecha un desastre, el \u00faltimo gobierno la destruy\u00f3\u201d, y consider\u00f3 que \u201clo que hay es un final de \u00e9poca donde el kirchnerismo fue hegem\u00f3nico\u201d.<\/p>\n<p>\u201cNunca le tuve fe a este proyecto, porque si no hubiera formado parte. El kirchnerismo siempre tuvo una pol\u00edtica feudal, autocr\u00e1tica\u201d, agreg\u00f3 el dirigente peronista.<\/p>\n<p>Fuente: INFOBAE<\/p>\n<p>Por: Graciela Herrera<\/p>\n<p>La entrada <a href=\"https:\/\/diariod3.com\/inicio\/juan-schiaretti-no-vi-que-las-ideas-de-milei-se-apliquen-en-cualquier-pais\/\" rel=\"noreferrer noopener\" target=\"_blank\">Juan Schiaretti: \u201cNo vi que las ideas de Milei se apliquen en cualquier pa\u00eds\u201d<\/a> se public\u00f3 primero en <a href=\"https:\/\/diariod3.com\/inicio\" rel=\"noreferrer noopener\" target=\"_blank\">DIARIO D3 NOTICIAS<\/a>.<\/p>\n","protected":false},"excerpt":{"rendered":"<p>El gobernador de C\u00f3rdoba y candidato a presidente por Hacemos por Nuestro Pa\u00eds, Juan Schiaretti, apunto este mi\u00e9rcoles contra el l\u00edder, y tambi\u00e9n aspirante a Jefe de Estado, de La Libertad Avanza, Javier Milei, de quien critic\u00f3 sus promesas electorales. Adem\u00e1s, cruz\u00f3 fuerte al Gobierno nacional. \u201cNo vi que las ideas de Milei se apliquen [&hellip;]<\/p>\n","protected":false},"author":2,"featured_media":0,"comment_status":"closed","ping_status":"","sticky":false,"template":"","format":"standard","meta":{"footnotes":""},"categories":[12],"tags":[],"_links":{"self":[{"href":"https:\/\/maxradio923.com.ar\/index.php\/wp-json\/wp\/v2\/posts\/5224"}],"collection":[{"href":"https:\/\/maxradio923.com.ar\/index.php\/wp-json\/wp\/v2\/posts"}],"about":[{"href":"https:\/\/maxradio923.com.ar\/index.php\/wp-json\/wp\/v2\/types\/post"}],"author":[{"embeddable":true,"href":"https:\/\/maxradio923.com.ar\/index.php\/wp-json\/wp\/v2\/users\/2"}],"replies":[{"embeddable":true,"href":"https:\/\/maxradio923.com.ar\/index.php\/wp-json\/wp\/v2\/comments?post=5224"}],"version-history":[{"count":1,"href":"https:\/\/maxradio923.com.ar\/index.php\/wp-json\/wp\/v2\/posts\/5224\/revisions"}],"predecessor-version":[{"id":5244,"href":"https:\/\/maxradio923.com.ar\/index.php\/wp-json\/wp\/v2\/posts\/5224\/revisions\/5244"}],"wp:attachment":[{"href":"https:\/\/maxradio923.com.ar\/index.php\/wp-json\/wp\/v2\/media?parent=5224"}],"wp:term":[{"taxonomy":"category","embeddable":true,"href":"https:\/\/maxradio923.com.ar\/index.php\/wp-json\/wp\/v2\/categories?post=5224"},{"taxonomy":"post_tag","embeddable":true,"href":"https:\/\/maxradio923.com.ar\/index.php\/wp-json\/wp\/v2\/tags?post=5224"}],"curies":[{"name":"wp","href":"https:\/\/api.w.org\/{rel}","templated":true}]}}