{"id":5188,"date":"2023-09-27T13:44:42","date_gmt":"2023-09-27T16:44:42","guid":{"rendered":"https:\/\/maxradio923.com\/index.php\/2023\/09\/27\/orrego-se-une-con-bullrich-y-gobernadores-electos-de-jxc-para-consolidar-el-apoyo-nacional\/"},"modified":"2023-09-27T15:54:57","modified_gmt":"2023-09-27T18:54:57","slug":"orrego-se-une-con-bullrich-y-gobernadores-electos-de-jxc-para-consolidar-el-apoyo-nacional","status":"publish","type":"post","link":"https:\/\/maxradio923.com.ar\/index.php\/2023\/09\/27\/orrego-se-une-con-bullrich-y-gobernadores-electos-de-jxc-para-consolidar-el-apoyo-nacional\/","title":{"rendered":"Orrego se Une con Bullrich y Gobernadores Electos de JxC para Consolidar el Apoyo Nacional"},"content":{"rendered":"<p><img decoding=\"async\" src=\"https:\/\/diariod3.com\/inicio\/wp-content\/uploads\/2023\/09\/WhatsApp-Image-2023-09-27-at-12.21.59-scaled.jpeg\"\/><\/p>\n<p>En un encuentro estrat\u00e9gico, Patricia Bullrich reuni\u00f3 a los gobernadores electos de Juntos por el Cambio para fortalecer su trabajo conjunto y avanzar hacia el objetivo de las elecciones presidenciales del 22 de octubre.<\/p>\n<p>La reuni\u00f3n cont\u00f3 con la participaci\u00f3n de destacados l\u00edderes provinciales y nacionales, incluyendo a los gobernadores electos Alfredo Cornejo (Mendoza), Maximiliano Pullaro (Santa Fe), Claudio Poggi (San Luis), Ignacio Torres (Chubut), Carlos Sadir (Jujuy) y Leandro Zdero (Chaco). Gustavo Vald\u00e9s de Corrientes, quien no pudo asistir debido a una preocupaci\u00f3n de salud, tambi\u00e9n estaba representado en el evento. Adem\u00e1s, se sumaron figuras prominentes como Frigerio, Grindetti, Jorge Macri y Flama, quienes tienen altas posibilidades de ganar en sus respectivas provincias.<\/p>\n<blockquote>\n<p>Marcelo Orrego, gobernador electo de San Juan, comparti\u00f3 sus reflexiones sobre la reuni\u00f3n y expres\u00f3 que \u00abaquellos de nosotros que asumiremos la importante responsabilidad de liderar muchas de las provincias del pa\u00eds necesitamos el respaldo de la Naci\u00f3n para llevar a cabo las transformaciones necesarias con determinaci\u00f3n y eficacia. Creemos que aquellos que nos han brindado su voto de confianza en las elecciones ahora nos apoyar\u00e1n para que Patricia Bullrich nos brinde el impulso necesario. En nuestro caso, esto es esencial para que en San Juan, Emilio Achem y Nancy Pic\u00f3n nos representen en el Congreso Nacional\u00bb.<\/p>\n<\/blockquote>\n<p>El gobernador electo de San Juan tambi\u00e9n destac\u00f3 que este equipo representa la esperanza de Argentina para superar los desaf\u00edos actuales y construir un futuro s\u00f3lido y prometedor. La colaboraci\u00f3n y la unidad entre las diferentes provincias y l\u00edderes pol\u00edticos son fundamentales para avanzar hacia un futuro mejor para todo el pa\u00eds.<\/p>\n<blockquote>\n<p>\u201cEste es el equipo con el que Argentina empieza a salir adelante, ahora y para siempre\u201d, cerr\u00f3 el gobernador electo de San Juan.<\/p>\n<\/blockquote>\n<p>La reuni\u00f3n subraya el compromiso de Juntos por el Cambio de trabajar en conjunto y consolidar su apoyo nacional en preparaci\u00f3n para las elecciones presidenciales, con el objetivo de brindar a Argentina un liderazgo s\u00f3lido y una visi\u00f3n compartida de desarrollo y progreso.<\/p>\n<p>La entrada <a href=\"https:\/\/diariod3.com\/inicio\/orrego-se-une-con-bullrich-y-gobernadores-electos-de-jxc-para-consolidar-el-apoyo-nacional\/\" rel=\"noreferrer noopener\" target=\"_blank\">Orrego se Une con Bullrich y Gobernadores Electos de JxC para Consolidar el Apoyo Nacional<\/a> se public\u00f3 primero en <a href=\"https:\/\/diariod3.com\/inicio\" rel=\"noreferrer noopener\" target=\"_blank\">DIARIO D3 NOTICIAS<\/a>.<\/p>\n","protected":false},"excerpt":{"rendered":"<p>En un encuentro estrat\u00e9gico, Patricia Bullrich reuni\u00f3 a los gobernadores electos de Juntos por el Cambio para fortalecer su trabajo conjunto y avanzar hacia el objetivo de las elecciones presidenciales del 22 de octubre. La reuni\u00f3n cont\u00f3 con la participaci\u00f3n de destacados l\u00edderes provinciales y nacionales, incluyendo a los gobernadores electos Alfredo Cornejo (Mendoza), Maximiliano [&hellip;]<\/p>\n","protected":false},"author":2,"featured_media":0,"comment_status":"closed","ping_status":"","sticky":false,"template":"","format":"standard","meta":{"footnotes":""},"categories":[12],"tags":[],"_links":{"self":[{"href":"https:\/\/maxradio923.com.ar\/index.php\/wp-json\/wp\/v2\/posts\/5188"}],"collection":[{"href":"https:\/\/maxradio923.com.ar\/index.php\/wp-json\/wp\/v2\/posts"}],"about":[{"href":"https:\/\/maxradio923.com.ar\/index.php\/wp-json\/wp\/v2\/types\/post"}],"author":[{"embeddable":true,"href":"https:\/\/maxradio923.com.ar\/index.php\/wp-json\/wp\/v2\/users\/2"}],"replies":[{"embeddable":true,"href":"https:\/\/maxradio923.com.ar\/index.php\/wp-json\/wp\/v2\/comments?post=5188"}],"version-history":[{"count":1,"href":"https:\/\/maxradio923.com.ar\/index.php\/wp-json\/wp\/v2\/posts\/5188\/revisions"}],"predecessor-version":[{"id":5214,"href":"https:\/\/maxradio923.com.ar\/index.php\/wp-json\/wp\/v2\/posts\/5188\/revisions\/5214"}],"wp:attachment":[{"href":"https:\/\/maxradio923.com.ar\/index.php\/wp-json\/wp\/v2\/media?parent=5188"}],"wp:term":[{"taxonomy":"category","embeddable":true,"href":"https:\/\/maxradio923.com.ar\/index.php\/wp-json\/wp\/v2\/categories?post=5188"},{"taxonomy":"post_tag","embeddable":true,"href":"https:\/\/maxradio923.com.ar\/index.php\/wp-json\/wp\/v2\/tags?post=5188"}],"curies":[{"name":"wp","href":"https:\/\/api.w.org\/{rel}","templated":true}]}}