{"id":51600,"date":"2025-10-07T12:51:07","date_gmt":"2025-10-07T15:51:07","guid":{"rendered":"https:\/\/maxradio923.com.ar\/index.php\/2025\/10\/07\/ambiente-invita-a-la-jornada-de-observacion-de-aves-en-el-paisaje-protegido-pedernal\/"},"modified":"2025-10-07T12:51:07","modified_gmt":"2025-10-07T15:51:07","slug":"ambiente-invita-a-la-jornada-de-observacion-de-aves-en-el-paisaje-protegido-pedernal","status":"publish","type":"post","link":"https:\/\/maxradio923.com.ar\/index.php\/2025\/10\/07\/ambiente-invita-a-la-jornada-de-observacion-de-aves-en-el-paisaje-protegido-pedernal\/","title":{"rendered":"Ambiente invita a la jornada de observaci\u00f3n de aves en el Paisaje Protegido Pedernal"},"content":{"rendered":"<p><\/p>\n<div>\n<p>En el marco de la celebraci\u00f3n del Bird Day, fecha internacional que promueve la valoraci\u00f3n y conservaci\u00f3n de las aves silvestres, la Secretar\u00eda de Ambiente y Desarrollo Sustentable de San Juan, en conjunto con el Club de Observadores de Aves (COA) San Juan y Aves Argentinas, invita a participar de una jornada de observaci\u00f3n de aves en el Paisaje Protegido Pedernal.<\/p>\n<p>La actividad se realizar\u00e1 el s\u00e1bado 11 de octubre a las 9 h, con punto de encuentro en la entrada del \u00e1rea protegida, donde se dar\u00e1 una charla introductoria, para dirigirse posteriormente por la zona del r\u00edo hasta el sendero interpretativo de flora aut\u00f3ctona, en una caminata de unas dos horas aproximadamente. Se recomienda asistir con ropa c\u00f3moda, agua y binoculares, para disfrutar plenamente de la experiencia. La participaci\u00f3n es gratuita.<\/p>\n<p>Durante la jornada, se busca que los participantes registran la mayor cantidad posible de especies de aves en libertad, esta actividad se desarrolla en concordancia con el evento mundial de observaci\u00f3n de aves &#8220;Global Big Day&#8221;. En el caso de San Juan, los asistentes a esta actividad podr\u00e1n conocer las especies caracter\u00edsticas del ecosistema de Pedernal y reflexionar sobre la importancia de conservar sus h\u00e1bitats naturales. Adem\u00e1s, se brindar\u00e1 informaci\u00f3n sobre el registro de avistamientos a trav\u00e9s de eBird Argentina, una herramienta de ciencia ciudadana que aporta datos valiosos para los programas de monitoreo ambiental de la provincia.<\/p>\n<p>A trav\u00e9s de esta actividad, las entidades organizadoras del evento trabajan para generar conciencia en los habitantes del \u00e1rea protegida y en los visitantes del lugar, adem\u00e1s de contribuir a la planificaci\u00f3n y gesti\u00f3n integral de los ecosistemas sanjuaninos y fortalecer el monitoreo participativo de la biodiversidad, generando en conjunto informaci\u00f3n t\u00e9cnica sobre las poblaciones de aves en \u00e1reas protegidas.<\/p>\n<\/p><\/div>\n<p><script async defer crossorigin=\"anonymous\" src=\"https:\/\/connect.facebook.net\/es_ES\/sdk.js#xfbml=1&#038;version=v3.3\"><\/script><\/p>\n","protected":false},"excerpt":{"rendered":"<p>En el marco de la celebraci\u00f3n del Bird Day, fecha internacional que promueve la valoraci\u00f3n y conservaci\u00f3n de las aves silvestres, la Secretar\u00eda de Ambiente y Desarrollo Sustentable de San Juan, en conjunto con el Club de Observadores de Aves (COA) San Juan y Aves Argentinas, invita a participar de una jornada de observaci\u00f3n de [&hellip;]<\/p>\n","protected":false},"author":2,"featured_media":51601,"comment_status":"","ping_status":"","sticky":false,"template":"","format":"standard","meta":{"footnotes":""},"categories":[8],"tags":[],"_links":{"self":[{"href":"https:\/\/maxradio923.com.ar\/index.php\/wp-json\/wp\/v2\/posts\/51600"}],"collection":[{"href":"https:\/\/maxradio923.com.ar\/index.php\/wp-json\/wp\/v2\/posts"}],"about":[{"href":"https:\/\/maxradio923.com.ar\/index.php\/wp-json\/wp\/v2\/types\/post"}],"author":[{"embeddable":true,"href":"https:\/\/maxradio923.com.ar\/index.php\/wp-json\/wp\/v2\/users\/2"}],"replies":[{"embeddable":true,"href":"https:\/\/maxradio923.com.ar\/index.php\/wp-json\/wp\/v2\/comments?post=51600"}],"version-history":[{"count":0,"href":"https:\/\/maxradio923.com.ar\/index.php\/wp-json\/wp\/v2\/posts\/51600\/revisions"}],"wp:featuredmedia":[{"embeddable":true,"href":"https:\/\/maxradio923.com.ar\/index.php\/wp-json\/wp\/v2\/media\/51601"}],"wp:attachment":[{"href":"https:\/\/maxradio923.com.ar\/index.php\/wp-json\/wp\/v2\/media?parent=51600"}],"wp:term":[{"taxonomy":"category","embeddable":true,"href":"https:\/\/maxradio923.com.ar\/index.php\/wp-json\/wp\/v2\/categories?post=51600"},{"taxonomy":"post_tag","embeddable":true,"href":"https:\/\/maxradio923.com.ar\/index.php\/wp-json\/wp\/v2\/tags?post=51600"}],"curies":[{"name":"wp","href":"https:\/\/api.w.org\/{rel}","templated":true}]}}