{"id":51598,"date":"2025-10-07T12:25:06","date_gmt":"2025-10-07T15:25:06","guid":{"rendered":"https:\/\/maxradio923.com.ar\/index.php\/2025\/10\/07\/la-feria-agroproductiva-tendra-dos-nuevas-ediciones-en-octubre\/"},"modified":"2025-10-07T12:25:06","modified_gmt":"2025-10-07T15:25:06","slug":"la-feria-agroproductiva-tendra-dos-nuevas-ediciones-en-octubre","status":"publish","type":"post","link":"https:\/\/maxradio923.com.ar\/index.php\/2025\/10\/07\/la-feria-agroproductiva-tendra-dos-nuevas-ediciones-en-octubre\/","title":{"rendered":"La Feria Agroproductiva tendr\u00e1 dos nuevas ediciones en octubre"},"content":{"rendered":"<p><\/p>\n<div>\n<p>La primera edici\u00f3n se realizar\u00e1 el mi\u00e9rcoles 8 de octubre, en la Plaza Seca del Centro C\u00edvico, de 9.00 a 13.00 horas. All\u00ed, m\u00e1s de 90 productores ofrecer\u00e1n una amplia variedad de productos: verduras frescas, huevos, panificados, miel, conservas, frutos secos, dulces, aceite de oliva, aceitunas y otros alimentos elaborados en distintos puntos de la provincia.<\/p>\n<p>La segunda cita ser\u00e1 el viernes 10 de octubre, en la Plaza C\u00edvica del Parque de Rivadavia, con una edici\u00f3n itinerante que se desarrollar\u00e1 entre las 9.30 y las 13.30 horas. En este encuentro, las familias rivadavienses podr\u00e1n disfrutar de una ma\u00f1ana diferente y acceder directamente a frutas, verduras, productos agroecol\u00f3gicos, huevos, aceites, conservas, panificaci\u00f3n tradicional y sin TACC, plantas y cosm\u00e9tica natural. Con el acompa\u00f1amiento de la Feria de Artesanos y Emprendedores de ese departamento.<\/p>\n<p>Este espacio se consolida como un lugar de encuentro entre productores y consumidores, promoviendo la econom\u00eda regional, el consumo responsable y la puesta en valor de los alimentos locales. Esta edici\u00f3n cuenta, adem\u00e1s, con el acompa\u00f1amiento de la Direcci\u00f3n de Turismo y Cultura del municipio de Rivadavia, reafirmando el trabajo conjunto entre instituciones para potenciar la producci\u00f3n sanjuanina.<\/p>\n<p>Asimismo, es de destacar que la Feria Productiva es organizada por el Ministerio de Producci\u00f3n, Trabajo e Innovaci\u00f3n, a trav\u00e9s de la Direcci\u00f3n de Desarrollo Agropecuario \u2014dependiente de la Secretar\u00eda de Agricultura, Ganader\u00eda y Agroindustria\u2014, esta iniciativa busca fortalecer la actividad productiva local y acercar a la comunidad sanjuanina alimentos elaborados por manos locales.<\/p>\n<\/p><\/div>\n<p><script async defer crossorigin=\"anonymous\" src=\"https:\/\/connect.facebook.net\/es_ES\/sdk.js#xfbml=1&#038;version=v3.3\"><\/script><\/p>\n","protected":false},"excerpt":{"rendered":"<p>La primera edici\u00f3n se realizar\u00e1 el mi\u00e9rcoles 8 de octubre, en la Plaza Seca del Centro C\u00edvico, de 9.00 a 13.00 horas. All\u00ed, m\u00e1s de 90 productores ofrecer\u00e1n una amplia variedad de productos: verduras frescas, huevos, panificados, miel, conservas, frutos secos, dulces, aceite de oliva, aceitunas y otros alimentos elaborados en distintos puntos de la [&hellip;]<\/p>\n","protected":false},"author":2,"featured_media":51599,"comment_status":"","ping_status":"","sticky":false,"template":"","format":"standard","meta":{"footnotes":""},"categories":[8],"tags":[],"_links":{"self":[{"href":"https:\/\/maxradio923.com.ar\/index.php\/wp-json\/wp\/v2\/posts\/51598"}],"collection":[{"href":"https:\/\/maxradio923.com.ar\/index.php\/wp-json\/wp\/v2\/posts"}],"about":[{"href":"https:\/\/maxradio923.com.ar\/index.php\/wp-json\/wp\/v2\/types\/post"}],"author":[{"embeddable":true,"href":"https:\/\/maxradio923.com.ar\/index.php\/wp-json\/wp\/v2\/users\/2"}],"replies":[{"embeddable":true,"href":"https:\/\/maxradio923.com.ar\/index.php\/wp-json\/wp\/v2\/comments?post=51598"}],"version-history":[{"count":0,"href":"https:\/\/maxradio923.com.ar\/index.php\/wp-json\/wp\/v2\/posts\/51598\/revisions"}],"wp:featuredmedia":[{"embeddable":true,"href":"https:\/\/maxradio923.com.ar\/index.php\/wp-json\/wp\/v2\/media\/51599"}],"wp:attachment":[{"href":"https:\/\/maxradio923.com.ar\/index.php\/wp-json\/wp\/v2\/media?parent=51598"}],"wp:term":[{"taxonomy":"category","embeddable":true,"href":"https:\/\/maxradio923.com.ar\/index.php\/wp-json\/wp\/v2\/categories?post=51598"},{"taxonomy":"post_tag","embeddable":true,"href":"https:\/\/maxradio923.com.ar\/index.php\/wp-json\/wp\/v2\/tags?post=51598"}],"curies":[{"name":"wp","href":"https:\/\/api.w.org\/{rel}","templated":true}]}}