{"id":51595,"date":"2025-10-07T11:04:04","date_gmt":"2025-10-07T14:04:04","guid":{"rendered":"https:\/\/maxradio923.com.ar\/index.php\/2025\/10\/07\/soda-stereo-ecos-agoto-cinco-funciones-en-el-movistar-arena-y-suma-una-sexta\/"},"modified":"2025-10-07T11:04:04","modified_gmt":"2025-10-07T14:04:04","slug":"soda-stereo-ecos-agoto-cinco-funciones-en-el-movistar-arena-y-suma-una-sexta","status":"publish","type":"post","link":"https:\/\/maxradio923.com.ar\/index.php\/2025\/10\/07\/soda-stereo-ecos-agoto-cinco-funciones-en-el-movistar-arena-y-suma-una-sexta\/","title":{"rendered":"Soda Stereo Ecos: agot\u00f3 cinco funciones en el Movistar Arena y suma una sexta"},"content":{"rendered":"<p><\/p>\n<div>\n<p class=\"com-paragraph  --capital --s\">Cinco a\u00f1os despu\u00e9s del inicio de <em>Gracias Totales<\/em>, la sociedad entre<strong> Charly Alberti y Zeta Bosio<\/strong> volvi\u00f3 a detonar la demanda del p\u00fablico porte\u00f1o. <em><strong>Soda Stereo Ecos<\/strong><\/em><strong> <\/strong>naci\u00f3 con una fecha en el <strong>Movistar Arena<\/strong> y, tras agotar localidades en minutos, encaden\u00f3 anuncios sucesivos hasta completar cinco funciones sold out. Ahora se confirm\u00f3 una sexta: 11 de junio, otra vez en Villa Crespo.<\/p>\n<p class=\"com-paragraph   --s\">Seg\u00fan la gr\u00e1fica oficial del espect\u00e1culo, la compra de tickets se gestiona \u00fanicamente por el sitio oficial del estadio y puede pagarse con tarjetas Visa en hasta 6 cuotas sin inter\u00e9s.<\/p>\n<div class=\"content-media\">\n<section role=\"button\" class=\"mod-media   \">\n<figure role=\"button\" class=\"mod-figure \"><figcaption class=\"mod-figcaption\"><span class=\"com-text --caption --twoxs\">Soda Stereo Ecos suma una sexta fecha en el Movistar Arena para el 11 de junio<\/span><\/figcaption><\/figure>\n<\/section>\n<\/div>\n<p class=\"com-paragraph   --s\">De acuerdo con el comunicado difundido por la productora, no se trata de un tributo ni de una pel\u00edcula, no habr\u00e1 invitados ni cantante nuevo: es un show en vivo. Charly y Zeta estar\u00e1n en el escenario y la presencia de Gustavo Cerati se integrar\u00e1 mediante tecnolog\u00eda \u201cmucho m\u00e1s que un holograma\u201d, con su voz y sus guitarras sincronizadas con el bajo y la bater\u00eda. \u201cImaginemos un lugar donde lo irreal se vuelve real\u2026 Gustavo, Charly y Zeta juntos en el mismo escenario, y con la misma energ\u00eda de siempre\u201d, se\u00f1al\u00f3 el texto.<\/p>\n<p class=\"com-paragraph   --s\">D\u00edas antes del lanzamiento, el sitio oficial del grupo mostr\u00f3 una \u201cinterferencia\u201d a modo de pista y la v\u00eda p\u00fablica se cubri\u00f3 con carteles en blanco y negro con los nombres de Gustavo, Zeta y Charly.<\/p>\n<p class=\"com-paragraph   --s\">\u201cCon Soda somos muy inquietos y con Charly, desde que nos junt\u00f3 el circo (en referencia al espect\u00e1culo sobre el grupo que realizaron junto al Cirque du Soleil) es como que estamos todo el tiempo vi\u00e9ndonos y pensando cosas\u201d, cont\u00f3 a <em>Rolling Stone<\/em> Zeta Bosio, meses atr\u00e1s. \u201cLo sentimos as\u00ed y hacer cosas nuevas con Soda es respetar nuestra historia. Algo estamos armando, no te puedo decir m\u00e1s, pero lo que s\u00ed es que va a ser al nivel que nosotros queremos\u201d, dijo el bajista desde su casa en Miami.<\/p>\n<p class=\"com-paragraph   --s\">La etapa pos Cerati incluy\u00f3 <em>S\u00e9ptimo D\u00eda \u2014 No descansar\u00e9<\/em> (Cirque du Soleil, 2017\u20132018) y la gira <em>Gracias Totales<\/em>, iniciada en 2020 y retomada tras la pandemia hasta 2022, con invitados en cada ciudad y apariciones de Gustavo en pantalla. <\/p>\n<p class=\"com-paragraph   --s\">Durante la preparaci\u00f3n de aquella gira, Bosio y Alberti escribieron: \u201cPor m\u00e1s que lo intentemos, nunca dejaremos de ser Soda. En la vida hay momentos para re\u00edr, para llorar, para emocionarnos. Para agradecer con amor y respeto. Queremos celebrar estas canciones. Vibrarlas juntos. Amigos de todas partes nos van a acompa\u00f1ar\u201d. <em>Ecos<\/em> es el nuevo cap\u00edtulo de ese recorrido y, a juzgar por la respuesta del p\u00fablico, su agenda seguir\u00e1 creciendo.<\/p>\n<section class=\"container-center-100 mb-40 border border-bottom border-thin border-neutral-light-700\">\n<hr\/>\n<\/section>\n<\/div>\n","protected":false},"excerpt":{"rendered":"<p>Cinco a\u00f1os despu\u00e9s del inicio de Gracias Totales, la sociedad entre Charly Alberti y Zeta Bosio volvi\u00f3 a detonar la demanda del p\u00fablico porte\u00f1o. Soda Stereo Ecos naci\u00f3 con una fecha en el Movistar Arena y, tras agotar localidades en minutos, encaden\u00f3 anuncios sucesivos hasta completar cinco funciones sold out. Ahora se confirm\u00f3 una sexta: [&hellip;]<\/p>\n","protected":false},"author":2,"featured_media":51458,"comment_status":"","ping_status":"","sticky":false,"template":"","format":"standard","meta":{"footnotes":""},"categories":[14],"tags":[],"_links":{"self":[{"href":"https:\/\/maxradio923.com.ar\/index.php\/wp-json\/wp\/v2\/posts\/51595"}],"collection":[{"href":"https:\/\/maxradio923.com.ar\/index.php\/wp-json\/wp\/v2\/posts"}],"about":[{"href":"https:\/\/maxradio923.com.ar\/index.php\/wp-json\/wp\/v2\/types\/post"}],"author":[{"embeddable":true,"href":"https:\/\/maxradio923.com.ar\/index.php\/wp-json\/wp\/v2\/users\/2"}],"replies":[{"embeddable":true,"href":"https:\/\/maxradio923.com.ar\/index.php\/wp-json\/wp\/v2\/comments?post=51595"}],"version-history":[{"count":0,"href":"https:\/\/maxradio923.com.ar\/index.php\/wp-json\/wp\/v2\/posts\/51595\/revisions"}],"wp:featuredmedia":[{"embeddable":true,"href":"https:\/\/maxradio923.com.ar\/index.php\/wp-json\/wp\/v2\/media\/51458"}],"wp:attachment":[{"href":"https:\/\/maxradio923.com.ar\/index.php\/wp-json\/wp\/v2\/media?parent=51595"}],"wp:term":[{"taxonomy":"category","embeddable":true,"href":"https:\/\/maxradio923.com.ar\/index.php\/wp-json\/wp\/v2\/categories?post=51595"},{"taxonomy":"post_tag","embeddable":true,"href":"https:\/\/maxradio923.com.ar\/index.php\/wp-json\/wp\/v2\/tags?post=51595"}],"curies":[{"name":"wp","href":"https:\/\/api.w.org\/{rel}","templated":true}]}}