{"id":51593,"date":"2025-10-07T10:15:06","date_gmt":"2025-10-07T13:15:06","guid":{"rendered":"https:\/\/maxradio923.com.ar\/index.php\/2025\/10\/07\/realizaran-una-charla-informativa-sobre-voto-accesible\/"},"modified":"2025-10-07T10:15:06","modified_gmt":"2025-10-07T13:15:06","slug":"realizaran-una-charla-informativa-sobre-voto-accesible","status":"publish","type":"post","link":"https:\/\/maxradio923.com.ar\/index.php\/2025\/10\/07\/realizaran-una-charla-informativa-sobre-voto-accesible\/","title":{"rendered":"Realizar\u00e1n una charla informativa sobre voto accesible"},"content":{"rendered":"<p><\/p>\n<div>\n<p>Para promover la igualdad de oportunidades de todas las personas y especialmente el derecho a ejercer la ciudadan\u00eda plena a la hora de las elecciones de autoridades nacionales y provinciales, la Direcci\u00f3n de Personas con Discapacidad junto con el Juzgado Nacional Electoral, brindar\u00e1n todos los detalles de c\u00f3mo debe hacer una persona con discapacidad para votar. Habr\u00e1 una charla informativa sobre voto asistido y voto accesible este jueves 9 de octubre, a partir de las 18 horas, en la sala de reuniones del 4\u00b0 piso de la Subsecretar\u00eda de Trabajo (Santa Fe 58 oeste).<\/p>\n<p>La convocatoria es libre y gratuita para todos los interesados, aunque los principales destinatarios son las personas con discapacidad y sus familias, adem\u00e1s de ONG e instituciones que trabajan en su contenci\u00f3n y asistencia.<\/p>\n<p>Hay que tener en cuenta que en San Juan -seg\u00fan los datos del \u00faltimo censo- hay un universo de m\u00e1s de 23.000 personas con discapacidad, en condiciones de votar. De ellas 17.319 tienen entre 16 y 64 a\u00f1os y otras 6.000, m\u00e1s de 65 a\u00f1os. Quedan exentos de esa obligaci\u00f3n, los mayores de 70 a\u00f1os.<\/p>\n<p>Vale consignar que tanto el C\u00f3digo Nacional Electoral como la ley nacional complementaria, la 26.774, contemplan la accesibilidad electoral es decir la obligatoriedad de quitar barreras que impidan o dificulten la participaci\u00f3n de personas con discapacidad en las elecciones. Por ejemplo, los edificios d\u00f3nde se vota deben tener rampas que permitan el ingreso y desplazamiento de una persona en una silla de ruedas; deben tener indicaciones claras de la actividad electoral y contar con dispositivos que permitan que las personas con discapacidad visual las conozcan a esas reglas y las autoridades de mesa deben estar capacitadas para dar los apoyos que requiera esta poblaci\u00f3n en todo el proceso eleccionario.<\/p>\n<p>Tambi\u00e9n se considera el voto asistido, que es una herramienta clave para las personas con discapacidad o limitaciones, ya sean permanentes o temporales, para poder votar con autonom\u00eda y comodidad. Puede solicitarlo quien lo necesite. Implica que el votante con discapacidad visual o cualquier tipo de discapacidad que requiera apoyo, no s\u00f3lo puede ingresar a la zona de votaci\u00f3n acompa\u00f1ada, sino que puede elegir a una persona de su confianza para hacerlo. Es m\u00e1s si tiene discapacidad visual, puede acceder con su perro gu\u00eda. Tambi\u00e9n podr\u00e1 recibir ayuda de qui\u00e9n preside la mesa.<\/p>\n<p>A la persona que asiste, s\u00f3lo se le pedir\u00e1 que muestre su documento nacional de identidad y sus datos personales quedar\u00e1n registrados en el padr\u00f3n electoral. S\u00f3lo podr\u00e1 asistir a una persona, durante el mismo acto eleccionario. Esto garantizar\u00e1 un proceso transparente, seguro y secreto del voto emitido.<\/p>\n<\/p><\/div>\n<p><script async defer crossorigin=\"anonymous\" src=\"https:\/\/connect.facebook.net\/es_ES\/sdk.js#xfbml=1&#038;version=v3.3\"><\/script><\/p>\n","protected":false},"excerpt":{"rendered":"<p>Para promover la igualdad de oportunidades de todas las personas y especialmente el derecho a ejercer la ciudadan\u00eda plena a la hora de las elecciones de autoridades nacionales y provinciales, la Direcci\u00f3n de Personas con Discapacidad junto con el Juzgado Nacional Electoral, brindar\u00e1n todos los detalles de c\u00f3mo debe hacer una persona con discapacidad para [&hellip;]<\/p>\n","protected":false},"author":2,"featured_media":51594,"comment_status":"","ping_status":"","sticky":false,"template":"","format":"standard","meta":{"footnotes":""},"categories":[8],"tags":[],"_links":{"self":[{"href":"https:\/\/maxradio923.com.ar\/index.php\/wp-json\/wp\/v2\/posts\/51593"}],"collection":[{"href":"https:\/\/maxradio923.com.ar\/index.php\/wp-json\/wp\/v2\/posts"}],"about":[{"href":"https:\/\/maxradio923.com.ar\/index.php\/wp-json\/wp\/v2\/types\/post"}],"author":[{"embeddable":true,"href":"https:\/\/maxradio923.com.ar\/index.php\/wp-json\/wp\/v2\/users\/2"}],"replies":[{"embeddable":true,"href":"https:\/\/maxradio923.com.ar\/index.php\/wp-json\/wp\/v2\/comments?post=51593"}],"version-history":[{"count":0,"href":"https:\/\/maxradio923.com.ar\/index.php\/wp-json\/wp\/v2\/posts\/51593\/revisions"}],"wp:featuredmedia":[{"embeddable":true,"href":"https:\/\/maxradio923.com.ar\/index.php\/wp-json\/wp\/v2\/media\/51594"}],"wp:attachment":[{"href":"https:\/\/maxradio923.com.ar\/index.php\/wp-json\/wp\/v2\/media?parent=51593"}],"wp:term":[{"taxonomy":"category","embeddable":true,"href":"https:\/\/maxradio923.com.ar\/index.php\/wp-json\/wp\/v2\/categories?post=51593"},{"taxonomy":"post_tag","embeddable":true,"href":"https:\/\/maxradio923.com.ar\/index.php\/wp-json\/wp\/v2\/tags?post=51593"}],"curies":[{"name":"wp","href":"https:\/\/api.w.org\/{rel}","templated":true}]}}