{"id":51591,"date":"2025-10-07T09:49:09","date_gmt":"2025-10-07T12:49:09","guid":{"rendered":"https:\/\/maxradio923.com.ar\/index.php\/2025\/10\/07\/francia-y-banco-europeo-ofrecen-financiamiento-clave-para-san-juan\/"},"modified":"2025-10-07T09:49:09","modified_gmt":"2025-10-07T12:49:09","slug":"francia-y-banco-europeo-ofrecen-financiamiento-clave-para-san-juan","status":"publish","type":"post","link":"https:\/\/maxradio923.com.ar\/index.php\/2025\/10\/07\/francia-y-banco-europeo-ofrecen-financiamiento-clave-para-san-juan\/","title":{"rendered":"Francia y Banco Europeo ofrecen financiamiento clave para San Juan"},"content":{"rendered":"<p><\/p>\n<div>\n<p>El gobernador Orrego recibi\u00f3 hoy la ratificaci\u00f3n de un ofrecimiento de importante apoyo financiero internacional para San Juan, destinado a mejorar la infraestructura el\u00e9ctrica, fundamental para el desarrollo industrial y minero. El ofrecimiento corresponde a una opci\u00f3n conjunta propuesta por la Agencia Francesa de Desarrollo y el Banco Europeo de Inversiones. El hecho, que est\u00e1 en l\u00ednea con una carta de intenci\u00f3n formal recibida hace semanas atr\u00e1s por la provincia, se conoci\u00f3 este lunes al mediod\u00eda, durante una reuni\u00f3n celebrada en la Embajada de Francia en Argentina enmarcado en la actividad de MEDEF International (Movimiento de Empresas de Francia). Sin lugar a dudas esta noticia resulta una muestra de confianza en la provincia, en la gesti\u00f3n del gobernador y es un resultado concreto de la intensa agenda internacional que el primer mandatario viene realizando.<\/p>\n<p>Orrego particip\u00f3 del encuentro invitado especialmente por el Embajador de Francia en Argentina, Romain Nadal. En la cita, que se realiz\u00f3 en la Embajada francesa con sede en Buenos Aires, estuvo tambi\u00e9n Christel Bories, presidente de la C\u00e1mara Argentino Francesa y referente ERAMET, una gravitante empresa multinacional francesa, acompa\u00f1ada de una veintena de representantes de otras empresas francesas. La delegaci\u00f3n del Gobierno de San Juan estuvo encabezada por el gobernador Orrego, acompa\u00f1ado por los ministros de Mineria, Juan Pablo Perea, y de Producci\u00f3n, Gustavo Fern\u00e1ndez.<\/p>\n<p>La reuni\u00f3n sirvi\u00f3 de intercambio entre algunas provincias argentinas y la misi\u00f3n de 20 empresas francesas de diferentes rubros, que visitan el pa\u00eds. Junto a Orrego, que es presidente de la Mesa del Cobre en Argentina, estuvo presente el gobernador de Catamarca, Ra\u00fal Jalil, quien asisti\u00f3 como presidente de la Mesa del Litio en el pa\u00eds.<\/p>\n<p><strong>Cr\u00e9dito para estrat\u00e9gicas obras<\/strong><\/p>\n<p>El hecho m\u00e1s significativo del encuentro para la provincia fue la ratificaci\u00f3n en la Embajada de Francia por parte de representantes de la Agencia Francesa de Desarrollo (AFD) de ofrecer el otorgamiento de un cr\u00e9dito a la provincia de San Juan por hasta 400 millones de d\u00f3lares o su equivalente en Euros, en una operaci\u00f3n de estructuraci\u00f3n conjunta con el Banco Europeo de Inversiones (BEI).<\/p>\n<p>Este financiamiento est\u00e1 espec\u00edficamente destinado a la construcci\u00f3n de infraestructura el\u00e9ctrica para la industria y la miner\u00eda. Entre las obras clave que se proponen financiar se encuentran las estaciones transformadoras y l\u00edneas de transporte de alta tensi\u00f3n con capacidad suficiente para atender la demanda minera y la evacuaci\u00f3n de las oportunidades de generaci\u00f3n de energ\u00eda solar que tiene San Juan.<\/p>\n<p>Durante el encuentro, Orrego agradeci\u00f3 el inter\u00e9s de la Agencia Francesa de Desarrollo (AFD) y del Banco Europeo de Inversiones (BEI) por ofrecer a la provincia este financiamiento para el desarrollo productivo sanjuanino. Dicho ofrecimiento ha sido realizado formalmente por carta al gobernador y ser\u00e1 analizado por los equipos t\u00e9cnicos del gobierno provincial respecto de la conveniencia, condiciones y oportunidad del mismo.<\/p>\n<\/p><\/div>\n<p><script async defer crossorigin=\"anonymous\" src=\"https:\/\/connect.facebook.net\/es_ES\/sdk.js#xfbml=1&#038;version=v3.3\"><\/script><\/p>\n","protected":false},"excerpt":{"rendered":"<p>El gobernador Orrego recibi\u00f3 hoy la ratificaci\u00f3n de un ofrecimiento de importante apoyo financiero internacional para San Juan, destinado a mejorar la infraestructura el\u00e9ctrica, fundamental para el desarrollo industrial y minero. El ofrecimiento corresponde a una opci\u00f3n conjunta propuesta por la Agencia Francesa de Desarrollo y el Banco Europeo de Inversiones. El hecho, que est\u00e1 [&hellip;]<\/p>\n","protected":false},"author":2,"featured_media":51592,"comment_status":"","ping_status":"","sticky":false,"template":"","format":"standard","meta":{"footnotes":""},"categories":[8],"tags":[],"_links":{"self":[{"href":"https:\/\/maxradio923.com.ar\/index.php\/wp-json\/wp\/v2\/posts\/51591"}],"collection":[{"href":"https:\/\/maxradio923.com.ar\/index.php\/wp-json\/wp\/v2\/posts"}],"about":[{"href":"https:\/\/maxradio923.com.ar\/index.php\/wp-json\/wp\/v2\/types\/post"}],"author":[{"embeddable":true,"href":"https:\/\/maxradio923.com.ar\/index.php\/wp-json\/wp\/v2\/users\/2"}],"replies":[{"embeddable":true,"href":"https:\/\/maxradio923.com.ar\/index.php\/wp-json\/wp\/v2\/comments?post=51591"}],"version-history":[{"count":0,"href":"https:\/\/maxradio923.com.ar\/index.php\/wp-json\/wp\/v2\/posts\/51591\/revisions"}],"wp:featuredmedia":[{"embeddable":true,"href":"https:\/\/maxradio923.com.ar\/index.php\/wp-json\/wp\/v2\/media\/51592"}],"wp:attachment":[{"href":"https:\/\/maxradio923.com.ar\/index.php\/wp-json\/wp\/v2\/media?parent=51591"}],"wp:term":[{"taxonomy":"category","embeddable":true,"href":"https:\/\/maxradio923.com.ar\/index.php\/wp-json\/wp\/v2\/categories?post=51591"},{"taxonomy":"post_tag","embeddable":true,"href":"https:\/\/maxradio923.com.ar\/index.php\/wp-json\/wp\/v2\/tags?post=51591"}],"curies":[{"name":"wp","href":"https:\/\/api.w.org\/{rel}","templated":true}]}}