{"id":5140,"date":"2023-09-27T09:43:59","date_gmt":"2023-09-27T12:43:59","guid":{"rendered":"https:\/\/maxradio923.com\/index.php\/2023\/09\/27\/mauricio-macri-tildo-de-cinico-e-irresponsable-a-sergio-massa-miente-todo-el-tiempo\/"},"modified":"2023-09-27T11:44:28","modified_gmt":"2023-09-27T14:44:28","slug":"mauricio-macri-tildo-de-cinico-e-irresponsable-a-sergio-massa-miente-todo-el-tiempo","status":"publish","type":"post","link":"https:\/\/maxradio923.com.ar\/index.php\/2023\/09\/27\/mauricio-macri-tildo-de-cinico-e-irresponsable-a-sergio-massa-miente-todo-el-tiempo\/","title":{"rendered":"Mauricio Macri tild\u00f3 de \u00abc\u00ednico\u00bb e \u00abirresponsable\u00bb a Sergio Massa: \u00abMiente todo el tiempo\u00bb"},"content":{"rendered":"<p><img decoding=\"async\" src=\"https:\/\/diariod3.com\/inicio\/wp-content\/uploads\/2023\/09\/mauricio-macriwebp.png\"\/><\/p>\n<figure><figcaption>\n<\/figcaption><\/figure>\n<p>El expresidente de la Naci\u00f3n, <strong>Mauricio<\/strong><strong> Macri,<\/strong> calific\u00f3 de <strong>\u00abc\u00ednico\u00bb<\/strong> e <strong>\u00abirresponsable\u00bb<\/strong> al candidato de Uni\u00f3n por la Patria, <strong>Sergio Massa,<\/strong> y asegur\u00f3 que Argentina \u00absin duda\u00bb va camino a una hiperinflaci\u00f3n.<br \/>\n\u00abDe las PASO para ac\u00e1 el pa\u00eds a entrado a acelerar hacia la hiperinflaci\u00f3n y el caos. Este se\u00f1or es un <strong>irresponsable<\/strong> y <strong>c\u00ednico.<\/strong> Contradice todo lo que mand\u00f3 en el Presupuesto. Ha ido quemando naves\u00bb, dijo.<br \/>\nEn di\u00e1logo con TN, el actual presidente de la Fundaci\u00f3n FIFA fue consultado sobre si considera posible un balotaje entre el <strong>Massa<\/strong> y el candidato libertario <strong>Javier Milei.<\/strong> \u00abNo. No tiene l\u00f3gica que \u00e9l (Massa) saque la misma cantidad de votos que en las PASO. Deber\u00eda sacar mucho menos porque cruje la econom\u00eda familiar de todos los argentinos\u00bb, asegur\u00f3.<br \/>\nEn esa l\u00ednea, remarc\u00f3 que la inflaci\u00f3n actual \u00abno se ve\u00eda hace d\u00e9cadas\u00bb y se\u00f1al\u00f3 que en agosto del 2018 el \u00edndice de precios mayorista se ubicaba en 1%, mientras el mes pasado rond\u00f3 el 18,7%. <strong>\u00abQu\u00e9 explique el genio de Massa c\u00f3mo lo hizo\u00bb, continu\u00f3.<\/strong><br \/>\nY continu\u00f3 con sus cr\u00edticas hacia Massa, sobre quien dijo que \u00abmiente todo el tiempo\u00bb. \u00ab\u00bfNo escuchaste al presidente de Paraguay? Fue, lo abraz\u00f3, le dijo \u2018s\u00ed, s\u00ed\u2019 y al otro d\u00eda lo dej\u00f3 garpando\u00bb, remarc\u00f3 sobre el encuentro en el que el candidato de UP le habr\u00eda prometido a Santiago Pe\u00f1a revisar el cobro de peajes en la <strong>hidrov\u00eda,<\/strong> pero finalmente no lo hizo.<\/p>\n<h2>Viaje a Davos<\/h2>\n<p>Macri record\u00f3 tambi\u00e9n el viaje que realizaron juntos al foro econ\u00f3mico de Davos en 2016. \u00abLe cuando lo llev\u00e9 a Davos. \u2018Ves Sergio, para all\u00e1 va el mundo. Si vos vas para ese lado, tarde o temprano con tu juventud y tus ganas vas a ser presidente, pero para eso ten\u00e9s que ser cre\u00edble\u2019. Me pregunt\u00f3 \u2018C\u00f3mo hago\u2019 y le dije \u2018Cumpliendo tu palabra aunque ya no te convenga\u2019. Y me mir\u00f3 como si le hubiese dicho una herej\u00eda\u00bb, dijo Macri.<\/p>\n<p>A prop\u00f3sito de los candidatos de las elecciones de agosto, el exmandatario consider\u00f3 que \u00abun consenso amplio de los argentinos han elegido un cambio\u00bb pero de cara a octubre se define \u00abver qui\u00e9n lo lidera\u00bb. Y si bien es sabido su v\u00ednculo con Milei, no dud\u00f3 en volver a respaldar a Bullrich: <strong>\u00abPatricia debe hacerlo por el liderazgo y la experiencia que tiene\u00bb.<\/strong><\/p>\n<h2><strong>Autocr\u00edtica y deuda<\/strong><\/h2>\n<p>Respecto a una autocr\u00edtica sobre su Gobierno, <strong>Macri<\/strong> respondi\u00f3 tajante: \u00abYa la hice en el libro. \u00bfNo le\u00edste el libro? Ya est\u00e1, ya est\u00e1. El rumbo era el correcto y ojal\u00e1 con la experiencia de lo que hicimos bien y mal podamos volver a gobernar\u00bb.<\/p>\n<p>Por otro lado, al ser consultado sobre si, como asegura Massa, la inflaci\u00f3n es producto de la devaluaci\u00f3n y el condicionamiento del <strong>FMI<\/strong>, el expresidente evit\u00f3 responder pero dijo que \u00abuna de las tantas mentiras del kirchnerismo es que desendeudaron y no, aumentaron la deuda\u00bb.<\/p>\n<p>En contradicci\u00f3n con su exministro de Econom\u00eda, <strong>Nicol\u00e1s Dujovne,<\/strong> Macri asegur\u00f3 que el Gobierno de Cristina Kirchner \u00abaument\u00f3 la deuda\u00bb y el suyo \u00abla aument\u00f3 por el d\u00e9ficit que me dejaron\u00bb, aunque consider\u00f3 que \u00ablo peor vino con este Gobierno\u00bb.<\/p>\n<p><strong>FUENTE: \u00c1MBITO<\/strong><\/p>\n<p><strong>OPERADOR: ANA PAULA CARRASCO<\/strong><\/p>\n<p>La entrada <a href=\"https:\/\/diariod3.com\/inicio\/mauricio-macri-tildo-de-cinico-e-irresponsable-a-sergio-massa-miente-todo-el-tiempo\/\" rel=\"noreferrer noopener\" target=\"_blank\">Mauricio Macri tild\u00f3 de \u00abc\u00ednico\u00bb e \u00abirresponsable\u00bb a Sergio Massa: \u00abMiente todo el tiempo\u00bb<\/a> se public\u00f3 primero en <a href=\"https:\/\/diariod3.com\/inicio\" rel=\"noreferrer noopener\" target=\"_blank\">DIARIO D3 NOTICIAS<\/a>.<\/p>\n","protected":false},"excerpt":{"rendered":"<p>El expresidente de la Naci\u00f3n, Mauricio Macri, calific\u00f3 de \u00abc\u00ednico\u00bb e \u00abirresponsable\u00bb al candidato de Uni\u00f3n por la Patria, Sergio Massa, y asegur\u00f3 que Argentina \u00absin duda\u00bb va camino a una hiperinflaci\u00f3n. \u00abDe las PASO para ac\u00e1 el pa\u00eds a entrado a acelerar hacia la hiperinflaci\u00f3n y el caos. Este se\u00f1or es un irresponsable y [&hellip;]<\/p>\n","protected":false},"author":2,"featured_media":0,"comment_status":"closed","ping_status":"","sticky":false,"template":"","format":"standard","meta":{"footnotes":""},"categories":[12],"tags":[],"_links":{"self":[{"href":"https:\/\/maxradio923.com.ar\/index.php\/wp-json\/wp\/v2\/posts\/5140"}],"collection":[{"href":"https:\/\/maxradio923.com.ar\/index.php\/wp-json\/wp\/v2\/posts"}],"about":[{"href":"https:\/\/maxradio923.com.ar\/index.php\/wp-json\/wp\/v2\/types\/post"}],"author":[{"embeddable":true,"href":"https:\/\/maxradio923.com.ar\/index.php\/wp-json\/wp\/v2\/users\/2"}],"replies":[{"embeddable":true,"href":"https:\/\/maxradio923.com.ar\/index.php\/wp-json\/wp\/v2\/comments?post=5140"}],"version-history":[{"count":1,"href":"https:\/\/maxradio923.com.ar\/index.php\/wp-json\/wp\/v2\/posts\/5140\/revisions"}],"predecessor-version":[{"id":5166,"href":"https:\/\/maxradio923.com.ar\/index.php\/wp-json\/wp\/v2\/posts\/5140\/revisions\/5166"}],"wp:attachment":[{"href":"https:\/\/maxradio923.com.ar\/index.php\/wp-json\/wp\/v2\/media?parent=5140"}],"wp:term":[{"taxonomy":"category","embeddable":true,"href":"https:\/\/maxradio923.com.ar\/index.php\/wp-json\/wp\/v2\/categories?post=5140"},{"taxonomy":"post_tag","embeddable":true,"href":"https:\/\/maxradio923.com.ar\/index.php\/wp-json\/wp\/v2\/tags?post=5140"}],"curies":[{"name":"wp","href":"https:\/\/api.w.org\/{rel}","templated":true}]}}