{"id":5040,"date":"2023-09-26T17:34:40","date_gmt":"2023-09-26T20:34:40","guid":{"rendered":"https:\/\/maxradio923.com\/index.php\/2023\/09\/26\/llega-a-la-argentina-la-opera-patagonia-en-version-concierto\/"},"modified":"2023-09-26T17:34:40","modified_gmt":"2023-09-26T20:34:40","slug":"llega-a-la-argentina-la-opera-patagonia-en-version-concierto","status":"publish","type":"post","link":"https:\/\/maxradio923.com.ar\/index.php\/2023\/09\/26\/llega-a-la-argentina-la-opera-patagonia-en-version-concierto\/","title":{"rendered":"Llega a la Argentina la \u00f3pera Patagonia en versi\u00f3n concierto"},"content":{"rendered":"<ul>\n<li>Est\u00e1 compuesta por el chileno Sebasti\u00e1n Err\u00e1zuriz y la direcci\u00f3n esc\u00e9nica es de Marcelo Lombardero.<\/li>\n<li>Se dar\u00e1 el 29 y 30 de septiembre y el 1\u00b0 de octubre, en el Centro Cultural de la Ciencia.<\/li>\n<\/ul>\n","protected":false},"excerpt":{"rendered":"<p>Est\u00e1 compuesta por el chileno Sebasti\u00e1n Err\u00e1zuriz y la direcci\u00f3n esc\u00e9nica es de Marcelo Lombardero. Se dar\u00e1 el 29 y 30 de septiembre y el 1\u00b0 de octubre, en el Centro Cultural de la Ciencia.<\/p>\n","protected":false},"author":2,"featured_media":0,"comment_status":"","ping_status":"","sticky":false,"template":"","format":"standard","meta":{"footnotes":""},"categories":[4],"tags":[],"_links":{"self":[{"href":"https:\/\/maxradio923.com.ar\/index.php\/wp-json\/wp\/v2\/posts\/5040"}],"collection":[{"href":"https:\/\/maxradio923.com.ar\/index.php\/wp-json\/wp\/v2\/posts"}],"about":[{"href":"https:\/\/maxradio923.com.ar\/index.php\/wp-json\/wp\/v2\/types\/post"}],"author":[{"embeddable":true,"href":"https:\/\/maxradio923.com.ar\/index.php\/wp-json\/wp\/v2\/users\/2"}],"replies":[{"embeddable":true,"href":"https:\/\/maxradio923.com.ar\/index.php\/wp-json\/wp\/v2\/comments?post=5040"}],"version-history":[{"count":0,"href":"https:\/\/maxradio923.com.ar\/index.php\/wp-json\/wp\/v2\/posts\/5040\/revisions"}],"wp:attachment":[{"href":"https:\/\/maxradio923.com.ar\/index.php\/wp-json\/wp\/v2\/media?parent=5040"}],"wp:term":[{"taxonomy":"category","embeddable":true,"href":"https:\/\/maxradio923.com.ar\/index.php\/wp-json\/wp\/v2\/categories?post=5040"},{"taxonomy":"post_tag","embeddable":true,"href":"https:\/\/maxradio923.com.ar\/index.php\/wp-json\/wp\/v2\/tags?post=5040"}],"curies":[{"name":"wp","href":"https:\/\/api.w.org\/{rel}","templated":true}]}}