{"id":4990,"date":"2023-09-26T12:36:57","date_gmt":"2023-09-26T15:36:57","guid":{"rendered":"https:\/\/maxradio923.com\/index.php\/2023\/09\/26\/juegos-culturales-evita-2023-la-delegacion-sanjuanina-comienza-su-sueno\/"},"modified":"2023-09-26T12:36:57","modified_gmt":"2023-09-26T15:36:57","slug":"juegos-culturales-evita-2023-la-delegacion-sanjuanina-comienza-su-sueno","status":"publish","type":"post","link":"https:\/\/maxradio923.com.ar\/index.php\/2023\/09\/26\/juegos-culturales-evita-2023-la-delegacion-sanjuanina-comienza-su-sueno\/","title":{"rendered":"Juegos Culturales Evita 2023: la delegaci\u00f3n sanjuanina comienza su sue\u00f1o"},"content":{"rendered":"<p><img decoding=\"async\" src=\"https:\/\/diariod3.com\/inicio\/wp-content\/uploads\/2023\/09\/54945f9897b1fb3472c5c54128e1d5fa_L.jpg\"\/><\/p>\n<p>M\u00e1s de 30 participantes mostrar\u00e1n el arte local en Mar del Plata. Del 25 al 30 de septiembre habr\u00e1 talleres, charlas y muestras.<\/p>\n<p><a href=\"https:\/\/sisanjuan.b-cdn.net\/media\/k2\/items\/cache\/54945f9897b1fb3472c5c54128e1d5fa_XL.jpg\" rel=\"noreferrer noopener\" target=\"_blank\"><img decoding=\"async\" src=\"https:\/\/sisanjuan.b-cdn.net\/media\/k2\/items\/cache\/54945f9897b1fb3472c5c54128e1d5fa_L.jpg\" alt=\"Juegos Culturales Evita 2023: la delegaci\u00f3n sanjuanina comienza su sue\u00f1o\"\/> <\/a>Fotos: Jorge Amaya<\/p>\n<p>La delegaci\u00f3n sanjuanina que participa en los Juegos Culturales Evita 2023 comienza su sue\u00f1o, desde este lunes, cuando quede oficialmente inaugurado el evento que se realiza en Mar del Plata.<\/p>\n<p>M\u00e1s de 30 participantes locales son parte del encuentro federal que promueve la participaci\u00f3n y fomenta las identidades locales para, por medio de las expresiones culturales, fortalecer la inclusi\u00f3n social y el trabajo en equipo en \u00e1mbitos respetuosos y solidarios.<\/p>\n<p>Del 25 al 30 de septiembre, los sanjuaninos participar\u00e1n en talleres y muestras art\u00edsticas donde desplegar\u00e1n sus destrezas y se enriquecer\u00e1n al compartir con delegaciones de todo el pa\u00eds.<\/p>\n<p>En esta edici\u00f3n, bajo el lema \u00abCreciendo en democracia\u00bb, los Juegos Culturales Evita 2023 profundizan el trabajo creativo, la autonom\u00eda, la imaginaci\u00f3n, la conciencia social, y contribuyen a la construcci\u00f3n de una democracia participativa y solidaria. Representan una articulaci\u00f3n consolidada entre pol\u00edticas p\u00fablicas culturales de alcance federal e implementaci\u00f3n descentralizada, para la participaci\u00f3n, j\u00f3venes, adolescentes y personas mayores, en todo el territorio nacional.<\/p>\n<h2>Los ganadores de los Juegos Culturales Evita 2023<\/h2>\n<p><strong>Teatro Unipersonal<\/strong><br \/>\u2022 \u00danica: Ruarte Calivar, Alma Eluney (Valle F\u00e9rtil)<br \/>\u2022 Adulto: Navarro, Marta Isabel (Valle F\u00e9rtil)<br \/>\u2022 PCD: Mu\u00f1oz, Alejandra Erika (Valle F\u00e9rtil)<\/p>\n<p><strong>Teatro Grupal<\/strong><br \/>\u2022 \u00danica: Carrizo Vega, Ana Gracia Merced (Valle F\u00e9rtil) y Davila, Isaias Yoel (Valle F\u00e9rtil)<\/p>\n<p><strong>Historieta<\/strong><br \/>\u2022 \u00danica: Cortez, Kiara Luisiana (San Mart\u00edn)<\/p>\n<p><strong>Danza Libre<\/strong><br \/>\u2022 \u00danica: Elizondo de la Cruz, Antonella Lujan (Valle F\u00e9rtil)<\/p>\n<p><strong>Conjunto Musical<\/strong><br \/>\u2022 \u00danica: Aballay Orellano, Lisandro Santino (Caucete), Funes Rios, Mirko Amir Martin (Caucete), Oropel, Daniel Ezequiel (Caucete) y Oropel, Elias Emanuel (Caucete)<\/p>\n<p><strong>Videominuto<\/strong><br \/>\u2022 Sub 18: Torres Fernandez, Verenice Trinidad (Santa Luc\u00eda)<\/p>\n<p><strong>Poes\u00eda<\/strong><br \/>\u2022 Sub 15: Lobos Dumo, Tiziano Tomas (25 de Mayo)<br \/>\u2022 Sub 18: Lima, Jenifer (Caucete)<\/p>\n<p><strong>Pintura\/Dibujo<\/strong><br \/>\u2022 Sub 15: Aballay Gamboa, Emilia Pia (25 de Mayo)<br \/>\u2022 Sub 18: Guevara Flores, Lucas Yoel (9 de Julio)<\/p>\n<p><strong>Freestyle<\/strong><br \/>\u2022 Sub 15: Oviedo, Alex Misael (Valle F\u00e9rtil)<br \/>\u2022 Sub 18: Millan Cortez, Jose Valentin (Valle F\u00e9rtil)<\/p>\n<p><strong>Fotograf\u00eda<\/strong><br \/>\u2022 Sub 15: Quiroga Jofre , Martina Guadalupe (25 de Mayo)<br \/>\u2022 Sub 18: Ortiz Barro, Valentina Jazmin (Valle F\u00e9rtil)<br \/>\u2022 PCD: Denis Torres, Maximo Daniel (Chimbas)<\/p>\n<p><strong>Danza en pareja<\/strong><br \/>\u2022 Sub 15: Bustos Arroyo, Dara Mariangeles (Valle F\u00e9rtil) y Rodriguez Bustos, Carolina Tiziana (Valle F\u00e9rtil)<br \/>\u2022 Sub 18: Goyochea Lima, Stefania Ailen (Chimbas) y Olivera Vera, Erik Fabian (Rivadavia)<br \/>\u2022 Sub 15: Fernandez Ortiz, Analiz Victoria (Valle F\u00e9rtil)<br \/>\u2022 Sub 18: Vera Olmedo, Araceli del Valle (25 de Mayo)<\/p>\n<p><strong>Canto Solista<\/strong><br \/>\u2022 Sub 15: Alcoba Maturano, Ingrid Mailen (9 de Julio)<br \/>\u2022 Sub 18: Gomez Dominguez, Maria Gimena (Pocito)<\/p>\n<p>La entrada <a href=\"https:\/\/diariod3.com\/inicio\/juegos-culturales-evita-2023-la-delegacion-sanjuanina-comienza-su-sueno\/\" rel=\"noreferrer noopener\" target=\"_blank\">Juegos Culturales Evita 2023: la delegaci\u00f3n sanjuanina comienza su sue\u00f1o<\/a> se public\u00f3 primero en <a href=\"https:\/\/diariod3.com\/inicio\" rel=\"noreferrer noopener\" target=\"_blank\">DIARIO D3 NOTICIAS<\/a>.<\/p>\n","protected":false},"excerpt":{"rendered":"<p>M\u00e1s de 30 participantes mostrar\u00e1n el arte local en Mar del Plata. Del 25 al 30 de septiembre habr\u00e1 talleres, charlas y muestras. Fotos: Jorge Amaya La delegaci\u00f3n sanjuanina que participa en los Juegos Culturales Evita 2023 comienza su sue\u00f1o, desde este lunes, cuando quede oficialmente inaugurado el evento que se realiza en Mar del [&hellip;]<\/p>\n","protected":false},"author":1,"featured_media":0,"comment_status":"","ping_status":"","sticky":false,"template":"","format":"standard","meta":{"footnotes":""},"categories":[10],"tags":[],"_links":{"self":[{"href":"https:\/\/maxradio923.com.ar\/index.php\/wp-json\/wp\/v2\/posts\/4990"}],"collection":[{"href":"https:\/\/maxradio923.com.ar\/index.php\/wp-json\/wp\/v2\/posts"}],"about":[{"href":"https:\/\/maxradio923.com.ar\/index.php\/wp-json\/wp\/v2\/types\/post"}],"author":[{"embeddable":true,"href":"https:\/\/maxradio923.com.ar\/index.php\/wp-json\/wp\/v2\/users\/1"}],"replies":[{"embeddable":true,"href":"https:\/\/maxradio923.com.ar\/index.php\/wp-json\/wp\/v2\/comments?post=4990"}],"version-history":[{"count":0,"href":"https:\/\/maxradio923.com.ar\/index.php\/wp-json\/wp\/v2\/posts\/4990\/revisions"}],"wp:attachment":[{"href":"https:\/\/maxradio923.com.ar\/index.php\/wp-json\/wp\/v2\/media?parent=4990"}],"wp:term":[{"taxonomy":"category","embeddable":true,"href":"https:\/\/maxradio923.com.ar\/index.php\/wp-json\/wp\/v2\/categories?post=4990"},{"taxonomy":"post_tag","embeddable":true,"href":"https:\/\/maxradio923.com.ar\/index.php\/wp-json\/wp\/v2\/tags?post=4990"}],"curies":[{"name":"wp","href":"https:\/\/api.w.org\/{rel}","templated":true}]}}