{"id":4964,"date":"2023-09-26T10:04:19","date_gmt":"2023-09-26T13:04:19","guid":{"rendered":"https:\/\/maxradio923.com\/index.php\/2023\/09\/26\/massa-quiero-ser-un-presidente-que-le-devuelva-la-tranquilidad-a-los-argentinos\/"},"modified":"2023-09-26T12:15:15","modified_gmt":"2023-09-26T15:15:15","slug":"massa-quiero-ser-un-presidente-que-le-devuelva-la-tranquilidad-a-los-argentinos","status":"publish","type":"post","link":"https:\/\/maxradio923.com.ar\/index.php\/2023\/09\/26\/massa-quiero-ser-un-presidente-que-le-devuelva-la-tranquilidad-a-los-argentinos\/","title":{"rendered":"Massa: \u00abQuiero ser un presidente que le devuelva la tranquilidad a los argentinos\u00bb"},"content":{"rendered":"<p><img decoding=\"async\" src=\"https:\/\/diariod3.com\/inicio\/wp-content\/uploads\/2023\/09\/651235e2d440d_1200-1.jpg\"\/><\/p>\n<p>El ministro de Econom\u00eda y candidato presidencial de Uni\u00f3n por la Patria (UxP), Sergio Massa, afirm\u00f3 este lunes que quiere gobernar para ser el que le <strong>\u00abdevuelva la tranquilidad a los argentinos\u00bb<\/strong> y sostuvo que los \u00abchorros\u00bb deben estar \u00aben la c\u00e1rcel\u00bb para que la \u00abcalle sea de los que trabajan\u00bb, en la inauguraci\u00f3n de un paso bajo nivel en la ciudad de Monte Grande del partido bonaerense de Esteban Echeverr\u00eda.<\/p>\n<p>El titular del Palacio de Hacienda tambi\u00e9n alert\u00f3 por el \u00ab<strong>cuentito de la tijera o de la motosierra\u00bb<\/strong> que, dijo, \u00ablo \u00fanico que hacen es lastimar a nuestra gente\u00bb, en alusi\u00f3n a las propuestas del partido opositor La Libertad Avanza (LLA).<\/p>\n<p><strong>\u00abQuiero ser un presidente que le devuelva la tranquilidad a los argentinos, que la calle sea de los que trabajan y que los chorros est\u00e9n en la c\u00e1rcel\u00bb, <\/strong>expres\u00f3 Massa durante el acto en el que estuvo acompa\u00f1ado por el ministro de Obras P\u00fablicas, Gabriel Katopodis, y el intendente de Esteban Echeverr\u00eda, Fernando Grey, se indic\u00f3 en un comunicado.<\/p>\n<figure><img decoding=\"async\" src=\"https:\/\/www.telam.com.ar\/thumbs\/bluesteel\/advf\/imagenes\/2023\/09\/651235e2e8f76_1200.jpg\" alt=\"Foto Prensa Ministerio de Economa\"\/><figcaption>Foto: Prensa Ministerio de Econom\u00eda.<\/figcaption><\/figure>\n<p>Para el ministro de econom\u00eda, la seguridad es \u00abel desaf\u00edo m\u00e1s fuerte que se propone Fernando Grey para los pr\u00f3ximos cuatro a\u00f1os\u00bb y se comprometi\u00f3, en caso de ser electo, a asignar al municipio de la zona sur del Conurbano \u00abtodo lo que necesite de recursos econ\u00f3micos para llevar adelante un programa de inversi\u00f3n que le permita que sus vecinos vivan sin miedo\u00bb.<\/p>\n<p>\u00abNo somos de los que negamos los problemas, somos de los que nos hacemos cargo y nos enfrentamos\u00bb, agreg\u00f3 Massa y continu\u00f3: \u00abSabemos que ac\u00e1 en Monte Grande, en el coraz\u00f3n de la clase media de Echeverr\u00eda, de la clase media del conurbano bonaerense, un tema en el que tenemos que trabajar y fuerte para que vivan sin miedo, es en la lucha contra la inseguridad\u00bb.<\/p>\n<p>El candidato presidencial exhort\u00f3 a dar \u00abesa pelea por vivir sin miedo entre todos\u00bb para poder \u00abdecir que la ganamos\u00bb.<\/p>\n<p><strong>\u00abLo que se discute en definitiva el 22 de octubre es si el Estado invierte en estas cosas o si lo dejamos librado a la fuerza del mercado, imaginemos este t\u00fanel con una cabina de peaje en el medio, porque para hacer una obra como esta tiene que haber 700.000 autos que pasen por lo menos una vez y que paguen mil pesos de peaje para recuperar la inversi\u00f3n\u00bb<\/strong>, destac\u00f3 sobre el paso bajo nivel inaugurado que mejorar\u00e1 la conexi\u00f3n vial en ese distrito.<\/p>\n<p>Y consider\u00f3 que esa \u00abcuenta es absurda porque que los vecinos de Monte Grande de un lado y del otro de las v\u00edas est\u00e9n conectados no tiene precio, tiene que ver con una visi\u00f3n de ciudad integrada que es en definitiva en lo que creemos\u00bb.<\/p>\n<figure><img decoding=\"async\" src=\"https:\/\/www.telam.com.ar\/thumbs\/bluesteel\/advf\/imagenes\/2023\/09\/651235e2bd7fa_1200.jpg\" alt=\"Foto Prensa Ministerio de Economa\"\/><figcaption>Foto: Prensa Ministerio de Econom\u00eda.<\/figcaption><\/figure>\n<p>Sobre el posible arancelamiento de la educaci\u00f3n superior, critic\u00f3: \u00abCuando hablan de arancelar las universidades de lo que est\u00e1n hablando es ni m\u00e1s ni menos de que cada familia que manda a su hijo a la universidad tenga que pagar 3 millones al a\u00f1o\u00bb.<\/p>\n<p>Y sobre la eliminaci\u00f3n de los subsidios al transporte, ejemplific\u00f3 que en la l\u00ednea Roca, que conecta la zona sur del Conurbano, \u00abcada vecino que toma este tren en lugar de pagar 56 pesos el boleto pasa a pagar 1100 pesos\u00bb.<\/p>\n<p><strong>\u00abCuando eliminen los subsidios a las tarifas y un jubilado tenga que pagar 23.000 pesos por mes: \u00bfQui\u00e9n se va a ser responsable de esa Argentina?\u00bb<\/strong>, recrimin\u00f3.<\/p>\n<p>Respecto de las pol\u00edticas destinadas a los adultos mayores, alert\u00f3: \u00abCuando eliminen el PAMI, \u00bfqui\u00e9n le va a dar esos 21.000 pesos por mes que cuesta la canasta gratuita de medicamentos a cada jubilado y a cada jubilada de la Argentina? Cuando se elimine como est\u00e1n planteando el sistema jubilatorio para volver a las AFJP \u00bfqui\u00e9n va a pagar las jubilaciones?\u00bb.<\/p>\n<figure><img decoding=\"async\" src=\"https:\/\/www.telam.com.ar\/thumbs\/bluesteel\/advf\/imagenes\/2023\/09\/651235e2a7664_1200.jpg\" alt=\"Foto Prensa Ministerio de Economa\"\/><figcaption>Foto: Prensa Ministerio de Econom\u00eda.<\/figcaption><\/figure>\n<p>Massa critic\u00f3 el \u00abcuentito de la tijera o de la motosierra\u00bb por no decir \u00aba quien lastiman\u00bb y expuso: \u00abUna tijera puede servir para cortar tela o para clav\u00e1rsela a alguien, una motosierra puede servir para cortar un \u00e1rbol o para cortarle alguna parte del cuerpo a alguien\u00bb.<\/p>\n<p><strong>\u00abCuidado con los cuentitos de la tijera y la motosierra porque en realidad lo \u00fanico que hacen es lastimar a nuestra gente, a nuestro pueblo\u00bb<\/strong>, alert\u00f3.<\/p>\n<p><strong>FUENTE: TELAM<\/strong><\/p>\n<p><strong>OPERADOR: ANA PAULA CARRASCO<\/strong><\/p>\n<p>La entrada <a href=\"https:\/\/diariod3.com\/inicio\/massa-quiero-ser-un-presidente-que-le-devuelva-la-tranquilidad-a-los-argentinos\/\" rel=\"noreferrer noopener\" target=\"_blank\">Massa: \u00abQuiero ser un presidente que le devuelva la tranquilidad a los argentinos\u00bb<\/a> se public\u00f3 primero en <a href=\"https:\/\/diariod3.com\/inicio\" rel=\"noreferrer noopener\" target=\"_blank\">DIARIO D3 NOTICIAS<\/a>.<\/p>\n","protected":false},"excerpt":{"rendered":"<p>El ministro de Econom\u00eda y candidato presidencial de Uni\u00f3n por la Patria (UxP), Sergio Massa, afirm\u00f3 este lunes que quiere gobernar para ser el que le \u00abdevuelva la tranquilidad a los argentinos\u00bb y sostuvo que los \u00abchorros\u00bb deben estar \u00aben la c\u00e1rcel\u00bb para que la \u00abcalle sea de los que trabajan\u00bb, en la inauguraci\u00f3n de [&hellip;]<\/p>\n","protected":false},"author":2,"featured_media":0,"comment_status":"closed","ping_status":"","sticky":false,"template":"","format":"standard","meta":{"footnotes":""},"categories":[12],"tags":[],"_links":{"self":[{"href":"https:\/\/maxradio923.com.ar\/index.php\/wp-json\/wp\/v2\/posts\/4964"}],"collection":[{"href":"https:\/\/maxradio923.com.ar\/index.php\/wp-json\/wp\/v2\/posts"}],"about":[{"href":"https:\/\/maxradio923.com.ar\/index.php\/wp-json\/wp\/v2\/types\/post"}],"author":[{"embeddable":true,"href":"https:\/\/maxradio923.com.ar\/index.php\/wp-json\/wp\/v2\/users\/2"}],"replies":[{"embeddable":true,"href":"https:\/\/maxradio923.com.ar\/index.php\/wp-json\/wp\/v2\/comments?post=4964"}],"version-history":[{"count":1,"href":"https:\/\/maxradio923.com.ar\/index.php\/wp-json\/wp\/v2\/posts\/4964\/revisions"}],"predecessor-version":[{"id":4982,"href":"https:\/\/maxradio923.com.ar\/index.php\/wp-json\/wp\/v2\/posts\/4964\/revisions\/4982"}],"wp:attachment":[{"href":"https:\/\/maxradio923.com.ar\/index.php\/wp-json\/wp\/v2\/media?parent=4964"}],"wp:term":[{"taxonomy":"category","embeddable":true,"href":"https:\/\/maxradio923.com.ar\/index.php\/wp-json\/wp\/v2\/categories?post=4964"},{"taxonomy":"post_tag","embeddable":true,"href":"https:\/\/maxradio923.com.ar\/index.php\/wp-json\/wp\/v2\/tags?post=4964"}],"curies":[{"name":"wp","href":"https:\/\/api.w.org\/{rel}","templated":true}]}}