{"id":4956,"date":"2023-09-26T09:24:36","date_gmt":"2023-09-26T12:24:36","guid":{"rendered":"https:\/\/maxradio923.com\/index.php\/2023\/09\/26\/a-59-anos-de-su-nacimiento-vuelve-mafalda-con-una-serie-por-disney-la-revolucionaria-de-los-60-se-convertira-en-princesa\/"},"modified":"2023-09-26T09:24:36","modified_gmt":"2023-09-26T12:24:36","slug":"a-59-anos-de-su-nacimiento-vuelve-mafalda-con-una-serie-por-disney-la-revolucionaria-de-los-60-se-convertira-en-princesa","status":"publish","type":"post","link":"https:\/\/maxradio923.com.ar\/index.php\/2023\/09\/26\/a-59-anos-de-su-nacimiento-vuelve-mafalda-con-una-serie-por-disney-la-revolucionaria-de-los-60-se-convertira-en-princesa\/","title":{"rendered":"A 59 a\u00f1os de su nacimiento, vuelve Mafalda, con una serie por Disney: \u00bfla revolucionaria de los &#8217;60 se convertir\u00e1 en princesa?"},"content":{"rendered":"<ul>\n<li><strong>Un viaje por el m\u00e1gico mundo de Quino <\/strong>y de su comprometida criatura.<\/li>\n<li>Este mi\u00e9rcoles se estrena &quot;Releyendo: Mafalda&quot;, que ir\u00e1 por Disney+ y Star+. Habla su directora, la cineasta <strong>Lorena Mu\u00f1oz<\/strong>.<\/li>\n<\/ul>\n","protected":false},"excerpt":{"rendered":"<p>Un viaje por el m\u00e1gico mundo de Quino y de su comprometida criatura. Este mi\u00e9rcoles se estrena &quot;Releyendo: Mafalda&quot;, que ir\u00e1 por Disney+ y Star+. Habla su directora, la cineasta Lorena Mu\u00f1oz.<\/p>\n","protected":false},"author":2,"featured_media":0,"comment_status":"","ping_status":"","sticky":false,"template":"","format":"standard","meta":{"footnotes":""},"categories":[4],"tags":[],"_links":{"self":[{"href":"https:\/\/maxradio923.com.ar\/index.php\/wp-json\/wp\/v2\/posts\/4956"}],"collection":[{"href":"https:\/\/maxradio923.com.ar\/index.php\/wp-json\/wp\/v2\/posts"}],"about":[{"href":"https:\/\/maxradio923.com.ar\/index.php\/wp-json\/wp\/v2\/types\/post"}],"author":[{"embeddable":true,"href":"https:\/\/maxradio923.com.ar\/index.php\/wp-json\/wp\/v2\/users\/2"}],"replies":[{"embeddable":true,"href":"https:\/\/maxradio923.com.ar\/index.php\/wp-json\/wp\/v2\/comments?post=4956"}],"version-history":[{"count":0,"href":"https:\/\/maxradio923.com.ar\/index.php\/wp-json\/wp\/v2\/posts\/4956\/revisions"}],"wp:attachment":[{"href":"https:\/\/maxradio923.com.ar\/index.php\/wp-json\/wp\/v2\/media?parent=4956"}],"wp:term":[{"taxonomy":"category","embeddable":true,"href":"https:\/\/maxradio923.com.ar\/index.php\/wp-json\/wp\/v2\/categories?post=4956"},{"taxonomy":"post_tag","embeddable":true,"href":"https:\/\/maxradio923.com.ar\/index.php\/wp-json\/wp\/v2\/tags?post=4956"}],"curies":[{"name":"wp","href":"https:\/\/api.w.org\/{rel}","templated":true}]}}