{"id":489,"date":"2023-08-25T09:02:33","date_gmt":"2023-08-25T07:02:33","guid":{"rendered":"https:\/\/maxradio923.com\/otro-brote-de-gripe-aviar-encontraron-mas-de-una-docena-de-lobos-marinos-muertos-en-viedma\/"},"modified":"2023-08-25T09:02:33","modified_gmt":"2023-08-25T07:02:33","slug":"otro-brote-de-gripe-aviar-encontraron-mas-de-una-docena-de-lobos-marinos-muertos-en-viedma","status":"publish","type":"post","link":"https:\/\/maxradio923.com.ar\/index.php\/2023\/08\/25\/otro-brote-de-gripe-aviar-encontraron-mas-de-una-docena-de-lobos-marinos-muertos-en-viedma\/","title":{"rendered":"Otro brote de gripe aviar: encontraron m\u00e1s de una docena de lobos marinos muertos en Viedma"},"content":{"rendered":"<p><img decoding=\"async\" src=\"https:\/\/diariod3.com\/inicio\/wp-content\/uploads\/2023\/08\/lobo-marino.jpg\"\/><\/p>\n<p>Estas muertes se suman a las que est\u00e1n siendo analizadas en la costa de Necochea. Las autoridades restringieron el uso de las playas por prevenci\u00f3n ante m\u00e1s contagios.<\/p>\n<p>Los integrantes de la Secretar\u00eda de Ambiente y Cambio Clim\u00e1tico de R\u00edo Negro y de la Municipalidad de Viedma encontraron un oscuro escenario en las cercan\u00edas al Balneario el C\u00f3ndor y al \u00e1rea natural protegida Punta Bermeja de Viedma: se trata de m\u00e1s de una docena de lobos marinos muertos, con clara sintomatolog\u00eda de gripe aviar.<\/p>\n<p>\u201cNo sabemos a ciencia cierta c\u00f3mo puede evolucionar ni c\u00f3mo es el contagio, el virus estar\u00eda dando vueltas en la costa y esperemos que pase r\u00e1pido para que la gente no se encuentre con esta situaci\u00f3n en temporada de verano\u201d, afirm\u00f3 Fabi\u00e1n Llanos, subsecretario de Medio Ambiente y Cambio Clim\u00e1tico.<\/p>\n<p>Esta preocupante situaci\u00f3n se suma a la acontecida en los d\u00edas pasados en la ciudad Bonaerense de Necochea, en donde profesionales del Senasa encontraron m\u00e1s de 40 lobos marinos muertos. Hasta ahora, se encuentran analizando los cad\u00e1veres para determinar si se trata de contagios por influenza aviar.<\/p>\n<p>Tambi\u00e9n en Tierra del Fuego se reportaron 21 lobos marinos muertos y se confirm\u00f3 que al menos 7 estaban contagiados de gripe aviar, por lo que el gobierno provincial prohibi\u00f3 el ingreso de personas a la reserva costera de la ciudad de R\u00edo Grande.<\/p>\n<p>Seg\u00fan el \u00faltimo reporte de los guardias ambientales rionegrinos, en Punta Bermeja tambi\u00e9n se encontraron aves muertas que fueron testeadas por el Senasa, y se espera un diagn\u00f3stico de esos an\u00e1lisis que se est\u00e1n realizando en Buenos Aires.<\/p>\n<p>Las autoridades rionegrinas remarcaron que la influenza aviar es una enfermedad potencialmente zoon\u00f3tica, lo que significa que puede transmitirse de animales a humanos, y advirtieron que \u00abel virus responsable puede encontrarse en las excreciones y secreciones tanto de aves como de mam\u00edferos marinos, lo que plantea un riesgo real para aquellos que puedan estar en contacto con estos animales o sus fluidos\u00bb.<\/p>\n<p>Gripe aviar en Argentina<\/p>\n<p>La enfermedad altamente contagiosa gener\u00f3 brotes epid\u00e9micos en el pa\u00eds desde febrero de 2023, lo que hizo que el pa\u00eds perdiera por primera vez su condici\u00f3n de categor\u00eda \u201clibre de gripe aviar\u201d. El primer caso de gripe aviar se confirm\u00f3 el 15 de febrero pasado en un ganso andino en Jujuy y se decret\u00f3 la emergencia sanitaria.<\/p>\n<p>A principios de agosto, se produjo el cierre del \u00faltimo de los 18 brotes detectados en establecimientos comerciales registrados en el pa\u00eds. Luego de eso, el Senasa elev\u00f3 a la Organizaci\u00f3n Mundial de Sanidad Animal (OMSA) el documento con la autodeclaraci\u00f3n, que respalda y sustenta la condici\u00f3n de Argentina como pa\u00eds libre de la enfermedad en las aves de corral. Por el momento, los recientes casos fueron en mam\u00edferos y no en aves de corral, por lo cual, la categor\u00eda libre de gripe aviar a\u00fan se mantiene.<\/p>\n<p>El 12 de julio pasado, la OMS y la OMSA dieron de nuevo un alerta sobre el riesgo de la gripe aviar, y se\u00f1alaron que los actuales brotes causaron estragos en las poblaciones animales y pueden plantear riesgos permanentes para los seres humanos\u201d.<\/p>\n<p>Fuente: \u00c1MBITO<\/p>\n<p>Por: Graciela Herrera<\/p>\n<p>La entrada Otro brote de gripe aviar: encontraron m\u00e1s de una docena de lobos marinos muertos en Viedma se public\u00f3 primero en DIARIO D3 NOTICIAS.<\/p>\n","protected":false},"excerpt":{"rendered":"<p>Estas muertes se suman a las que est\u00e1n siendo analizadas en la costa de Necochea. Las autoridades restringieron el uso de las playas por prevenci\u00f3n ante m\u00e1s contagios. Los integrantes de la Secretar\u00eda de Ambiente y Cambio Clim\u00e1tico de R\u00edo Negro y de la Municipalidad de Viedma encontraron un oscuro escenario en las cercan\u00edas al [&hellip;]<\/p>\n","protected":false},"author":1,"featured_media":0,"comment_status":"closed","ping_status":"open","sticky":false,"template":"","format":"standard","meta":{"footnotes":""},"categories":[9],"tags":[],"_links":{"self":[{"href":"https:\/\/maxradio923.com.ar\/index.php\/wp-json\/wp\/v2\/posts\/489"}],"collection":[{"href":"https:\/\/maxradio923.com.ar\/index.php\/wp-json\/wp\/v2\/posts"}],"about":[{"href":"https:\/\/maxradio923.com.ar\/index.php\/wp-json\/wp\/v2\/types\/post"}],"author":[{"embeddable":true,"href":"https:\/\/maxradio923.com.ar\/index.php\/wp-json\/wp\/v2\/users\/1"}],"replies":[{"embeddable":true,"href":"https:\/\/maxradio923.com.ar\/index.php\/wp-json\/wp\/v2\/comments?post=489"}],"version-history":[{"count":0,"href":"https:\/\/maxradio923.com.ar\/index.php\/wp-json\/wp\/v2\/posts\/489\/revisions"}],"wp:attachment":[{"href":"https:\/\/maxradio923.com.ar\/index.php\/wp-json\/wp\/v2\/media?parent=489"}],"wp:term":[{"taxonomy":"category","embeddable":true,"href":"https:\/\/maxradio923.com.ar\/index.php\/wp-json\/wp\/v2\/categories?post=489"},{"taxonomy":"post_tag","embeddable":true,"href":"https:\/\/maxradio923.com.ar\/index.php\/wp-json\/wp\/v2\/tags?post=489"}],"curies":[{"name":"wp","href":"https:\/\/api.w.org\/{rel}","templated":true}]}}