{"id":487,"date":"2023-08-25T09:02:37","date_gmt":"2023-08-25T07:02:37","guid":{"rendered":"https:\/\/maxradio923.com\/disturbios-en-mendoza-aseguran-que-la-situacion-fue-controlada\/"},"modified":"2023-08-25T09:02:37","modified_gmt":"2023-08-25T07:02:37","slug":"disturbios-en-mendoza-aseguran-que-la-situacion-fue-controlada","status":"publish","type":"post","link":"https:\/\/maxradio923.com.ar\/index.php\/2023\/08\/25\/disturbios-en-mendoza-aseguran-que-la-situacion-fue-controlada\/","title":{"rendered":"Disturbios en Mendoza: aseguran que la situaci\u00f3n fue controlada"},"content":{"rendered":"<p><img decoding=\"async\" src=\"https:\/\/diariod3.com\/inicio\/wp-content\/uploads\/2023\/08\/centro-ciudad-mendozajpeg.webp\"\/>     <\/p>\n<h2>La Ciudad de la vecina provincia llev\u00f3 tranquilidad a comerciantes y vecinos ante los mensajes falsos.<\/h2>\n<p>                     <img decoding=\"async\" title=\"Disturbios en Mendoza: aseguran que la situaci\u00f3n fue controlada\" src=\"https:\/\/media.sanjuan8.com\/p\/cf0eaca66762c87d17c3dbbd1fe456e7\/adjuntos\/303\/imagenes\/009\/215\/0009215275\/1200x0\/smart\/centro-ciudad-mendozajpeg.jpeg\" alt=\"Disturbios en Mendoza: aseguran que la situaci\u00f3n fue controlada\"\/>  Disturbios en Mendoza: aseguran que la situaci\u00f3n fue controlada                <\/p>\n<p>La Ciudad de Mendoza junto a representantes de las c\u00e1maras gastron\u00f3mica, tur\u00edstica y comerciantes emitieron un comunicado ante los mensajes falsos viralizados por Whatsapp sobre disturbios que no se registraron ni denunciaron.<\/p>\n<p><em>\u201cDesde la Ciudad de Mendoza, junto a la CECITYS, AEGHA, UTHGRA y CEC, comunicamos a toda la ciudadan\u00eda que la actividad comercial, gastron\u00f3mica y tur\u00edstica en la Ciudad se lleva delante de manera normal y habitual. Continuamos trabajando de forma coordinada y conjunta para llevar certidumbre y tranquilidad a todos los trabajadores, comerciantes y vecinos.<\/em><\/p>\n<p><em>Adem\u00e1s, se lleva adelante un monitoreo ininterrumpido con autoridades provinciales de seguridad, contando con presencia de uniformados policiales y efectivos del cuerpo de preventores de la Ciudad en constante patrullaje.<\/em><\/p>\n<p><em>Frente a la divulgaci\u00f3n de informaci\u00f3n falsa y malintencionada, que ha generado angustia y zozobra, y destacando que a pesar del temor generado no se evidenci\u00f3 ning\u00fan hecho de violencia ni disturbio real en la jornada de ayer, reafirmamos nuestro compromiso con el cuidado de la actividad comercial, gastron\u00f3mica, tur\u00edstica y cultural de nuestra Ciudad.<\/em><\/p>\n<p><em>De esta manera, tambi\u00e9n apoyamos el accionar policial y solicitamos a la Justicia la intervenci\u00f3n necesaria para sancionar todas aquellas acciones que perjudican a la ciudadan\u00eda.<\/em><\/p>\n<p><em>Asimismo, ratificamos la necesidad y nuestro compromiso de cuidar el empleo y la actividad econ\u00f3mica frente a situaciones que solo buscan sacar provecho de un tiempo dif\u00edcil para el pa\u00eds y para todos los argentinos\u201d<\/em>, culmin\u00f3 el comunicado.<\/p>\n<p>La entrada Disturbios en Mendoza: aseguran que la situaci\u00f3n fue controlada se public\u00f3 primero en DIARIO D3 NOTICIAS.<\/p>\n","protected":false},"excerpt":{"rendered":"<p>La Ciudad de la vecina provincia llev\u00f3 tranquilidad a comerciantes y vecinos ante los mensajes falsos. Disturbios en Mendoza: aseguran que la situaci\u00f3n fue controlada La Ciudad de Mendoza junto a representantes de las c\u00e1maras gastron\u00f3mica, tur\u00edstica y comerciantes emitieron un comunicado ante los mensajes falsos viralizados por Whatsapp sobre disturbios que no se registraron [&hellip;]<\/p>\n","protected":false},"author":1,"featured_media":0,"comment_status":"closed","ping_status":"open","sticky":false,"template":"","format":"standard","meta":{"footnotes":""},"categories":[9],"tags":[],"_links":{"self":[{"href":"https:\/\/maxradio923.com.ar\/index.php\/wp-json\/wp\/v2\/posts\/487"}],"collection":[{"href":"https:\/\/maxradio923.com.ar\/index.php\/wp-json\/wp\/v2\/posts"}],"about":[{"href":"https:\/\/maxradio923.com.ar\/index.php\/wp-json\/wp\/v2\/types\/post"}],"author":[{"embeddable":true,"href":"https:\/\/maxradio923.com.ar\/index.php\/wp-json\/wp\/v2\/users\/1"}],"replies":[{"embeddable":true,"href":"https:\/\/maxradio923.com.ar\/index.php\/wp-json\/wp\/v2\/comments?post=487"}],"version-history":[{"count":0,"href":"https:\/\/maxradio923.com.ar\/index.php\/wp-json\/wp\/v2\/posts\/487\/revisions"}],"wp:attachment":[{"href":"https:\/\/maxradio923.com.ar\/index.php\/wp-json\/wp\/v2\/media?parent=487"}],"wp:term":[{"taxonomy":"category","embeddable":true,"href":"https:\/\/maxradio923.com.ar\/index.php\/wp-json\/wp\/v2\/categories?post=487"},{"taxonomy":"post_tag","embeddable":true,"href":"https:\/\/maxradio923.com.ar\/index.php\/wp-json\/wp\/v2\/tags?post=487"}],"curies":[{"name":"wp","href":"https:\/\/api.w.org\/{rel}","templated":true}]}}