{"id":47710,"date":"2025-08-14T16:10:11","date_gmt":"2025-08-14T19:10:11","guid":{"rendered":"https:\/\/maxradio923.com.ar\/index.php\/2025\/08\/14\/al-menos-un-muerto-y-tres-heridos-tras-un-ataque-ucraniano-con-drones-en-la-region-rusa-de-belgorod\/"},"modified":"2025-08-14T16:10:11","modified_gmt":"2025-08-14T19:10:11","slug":"al-menos-un-muerto-y-tres-heridos-tras-un-ataque-ucraniano-con-drones-en-la-region-rusa-de-belgorod","status":"publish","type":"post","link":"https:\/\/maxradio923.com.ar\/index.php\/2025\/08\/14\/al-menos-un-muerto-y-tres-heridos-tras-un-ataque-ucraniano-con-drones-en-la-region-rusa-de-belgorod\/","title":{"rendered":"Al menos un muerto y tres heridos tras un ataque ucraniano con drones en la regi\u00f3n rusa de B\u00e9lgorod"},"content":{"rendered":"<p><\/p>\n<div>\n<div class=\"visual__image image-initial-width\"><picture><source srcset=\"https:\/\/www.infobae.com\/resizer\/v2\/Y4PYWDCWG5AVVBUH2JDMT6SCKM.JPG?auth=51b4ceb0fd2855e066f097bd7cbaf82b3b4e18eb222c4f20b366e64eb4cbd914&amp;smart=true&amp;width=992&amp;height=558&amp;quality=85\" media=\"(min-width: 1000px)\"\/><source srcset=\"https:\/\/www.infobae.com\/resizer\/v2\/Y4PYWDCWG5AVVBUH2JDMT6SCKM.JPG?auth=51b4ceb0fd2855e066f097bd7cbaf82b3b4e18eb222c4f20b366e64eb4cbd914&amp;smart=true&amp;width=768&amp;height=432&amp;quality=85\" media=\"(min-width: 768px)\"\/><source srcset=\"https:\/\/www.infobae.com\/resizer\/v2\/Y4PYWDCWG5AVVBUH2JDMT6SCKM.JPG?auth=51b4ceb0fd2855e066f097bd7cbaf82b3b4e18eb222c4f20b366e64eb4cbd914&amp;smart=true&amp;width=577&amp;height=325&amp;quality=85\" media=\"(min-width: 580px)\"\/><source srcset=\"https:\/\/www.infobae.com\/resizer\/v2\/Y4PYWDCWG5AVVBUH2JDMT6SCKM.JPG?auth=51b4ceb0fd2855e066f097bd7cbaf82b3b4e18eb222c4f20b366e64eb4cbd914&amp;smart=true&amp;width=420&amp;height=236&amp;quality=85\" media=\"(min-width: 350px)\"\/><source srcset=\"https:\/\/www.infobae.com\/resizer\/v2\/Y4PYWDCWG5AVVBUH2JDMT6SCKM.JPG?auth=51b4ceb0fd2855e066f097bd7cbaf82b3b4e18eb222c4f20b366e64eb4cbd914&amp;smart=true&amp;width=350&amp;height=197&amp;quality=85\" media=\"(min-width: 80px)\"\/><img alt=\"Un autom\u00f3vil arde tras lo\" class=\"global-image\" decoding=\"async\" fetchpriority=\"high\" height=\"720\" loading=\"eager\" src=\"https:\/\/www.infobae.com\/resizer\/v2\/Y4PYWDCWG5AVVBUH2JDMT6SCKM.JPG?auth=51b4ceb0fd2855e066f097bd7cbaf82b3b4e18eb222c4f20b366e64eb4cbd914&amp;smart=true&amp;width=350&amp;height=197&amp;quality=85\" width=\"1280\"\/><\/picture><figcaption class=\"article-figcaption-img\">Un autom\u00f3vil arde tras lo que las autoridades locales calificaron como un ataque con dron ucraniano en el marco del conflicto entre Rusia y Ucrania, en B\u00e9lgorod, Rusia, el 14 de agosto de 2025. (Gobernador de la regi\u00f3n de B\u00e9lgorod, Viacheslav Gladkov, v\u00eda Telegram\/imagen cedida v\u00eda REUTERS)<\/figcaption><\/div>\n<p class=\"paragraph\">Un <b>ataque con drones<\/b> atribuido a <b>Ucrania<\/b> dej\u00f3 este jueves un muerto y tres heridos en la regi\u00f3n rusa de <b>B\u00e9lgorod<\/b>, inform\u00f3 el gobernador local, <b>Viacheslav Gladkov<\/b>. Seg\u00fan comunic\u00f3 en Telegram, aparatos no tripulados impactaron contra tres autom\u00f3viles en dos aldeas de la zona. En uno de esos incidentes muri\u00f3 el conductor de un veh\u00edculo.<\/p>\n<p class=\"paragraph\">Horas antes, Gladkov hab\u00eda advertido sobre un <b>aumento de la actividad de drones ucranianos<\/b> en la regi\u00f3n fronteriza y reportado da\u00f1os en el edificio de la administraci\u00f3n local.<\/p>\n<p class=\"paragraph\">B\u00e9lgorod, junto con <b>Kursk<\/b> y <b>Briansk<\/b>, figura entre las \u00e1reas m\u00e1s golpeadas por la guerra, con ataques casi diarios de drones y bombardeos de artiller\u00eda.<\/p>\n<p class=\"paragraph\">En paralelo, un dron ucraniano derribado por las defensas rusas cay\u00f3 esta madrugada sobre una refiner\u00eda de petr\u00f3leo de Lukoil en la regi\u00f3n de <b>Volgogrado<\/b>, provocando un incendio en una de las cuatro plantas de la empresa. <b>\u201cA causa del impacto de los restos de un dron (derribado), se produjo una fuga e incendio de productos petrol\u00edferos en la refiner\u00eda de Volgogrado\u201d<\/b>, indic\u00f3 el gobernador regional, <b>Andr\u00e9i Bocharov<\/b>.<\/p>\n<p class=\"paragraph\">Las autoridades cerraron temporalmente el aeropuerto de Volgogrado, situada a casi 900 kil\u00f3metros al sureste de Mosc\u00fa, que ha sido blanco de ataques en dos jornadas consecutivas. El d\u00eda anterior, un dron hab\u00eda impactado contra el tejado de un edificio residencial en la capital regional.<\/p>\n<div class=\"visual__image\"><picture><source srcset=\"https:\/\/www.infobae.com\/resizer\/v2\/VQEYHZGV4NDYLL5OCJYGDKPOXM.jpg?auth=cb8a2c853cbe70516dfe4162283083f183398bdcc6b695401b530c597120f48c&amp;smart=true&amp;width=992&amp;height=661&amp;quality=85\" media=\"(min-width: 1000px)\"\/><source srcset=\"https:\/\/www.infobae.com\/resizer\/v2\/VQEYHZGV4NDYLL5OCJYGDKPOXM.jpg?auth=cb8a2c853cbe70516dfe4162283083f183398bdcc6b695401b530c597120f48c&amp;smart=true&amp;width=768&amp;height=512&amp;quality=85\" media=\"(min-width: 768px)\"\/><source srcset=\"https:\/\/www.infobae.com\/resizer\/v2\/VQEYHZGV4NDYLL5OCJYGDKPOXM.jpg?auth=cb8a2c853cbe70516dfe4162283083f183398bdcc6b695401b530c597120f48c&amp;smart=true&amp;width=577&amp;height=385&amp;quality=85\" media=\"(min-width: 580px)\"\/><source srcset=\"https:\/\/www.infobae.com\/resizer\/v2\/VQEYHZGV4NDYLL5OCJYGDKPOXM.jpg?auth=cb8a2c853cbe70516dfe4162283083f183398bdcc6b695401b530c597120f48c&amp;smart=true&amp;width=420&amp;height=280&amp;quality=85\" media=\"(min-width: 350px)\"\/><source srcset=\"https:\/\/www.infobae.com\/resizer\/v2\/VQEYHZGV4NDYLL5OCJYGDKPOXM.jpg?auth=cb8a2c853cbe70516dfe4162283083f183398bdcc6b695401b530c597120f48c&amp;smart=true&amp;width=350&amp;height=233&amp;quality=85\" media=\"(min-width: 80px)\"\/><img alt=\"Se incendi\u00f3 una refiner\u00eda petrolera\" class=\"global-image\" decoding=\"async\" fetchpriority=\"low\" height=\"1280\" loading=\"lazy\" src=\"https:\/\/www.infobae.com\/resizer\/v2\/VQEYHZGV4NDYLL5OCJYGDKPOXM.jpg?auth=cb8a2c853cbe70516dfe4162283083f183398bdcc6b695401b530c597120f48c&amp;smart=true&amp;width=350&amp;height=233&amp;quality=85\" width=\"1920\"\/><\/picture><figcaption class=\"article-figcaption-img\">Se incendi\u00f3 una refiner\u00eda petrolera en Rusia tras un ataque con drones<\/figcaption><\/div>\n<p class=\"paragraph\">La refiner\u00eda, con una capacidad de producci\u00f3n de <b>14,8 millones de toneladas anuales <\/b>-el 5,6 % del total que refina Rusia anualmente-, ha sido objetivo de ataques en repetidas ocasiones, generando varios incendios. <\/p>\n<p class=\"paragraph\">El Ministerio de Defensa ruso afirm\u00f3 que en la jornada derrib\u00f3 <b>44 drones ucranianos<\/b> dirigidos contra territorio bajo control ruso. Seg\u00fan la informaci\u00f3n oficial, 14 fueron abatidos sobre el <b>mar Negro<\/b>, 9 en la regi\u00f3n de Volgogrado, 7 en <b>Crimea<\/b> \u2014anexionada por Rusia en 2014\u2014, 7 en la regi\u00f3n de <b>Rostov<\/b>, 4 en <b>Krasnodar<\/b>, 2 en B\u00e9lgorod y 1 en el <b>mar de Azov<\/b>.<\/p>\n<p class=\"paragraph\">En la ciudad de <b>Rostov<\/b>, al sur de Rusia, trece personas \u2014incluidos dos menores\u2014 fueron hospitalizadas tras un ataque con dron ucraniano en el centro urbano, seg\u00fan confirmaron las autoridades locales. <b>\u201cTrece personas resultaron heridas, entre ellas dos ni\u00f1os\u201d<\/b>, escribi\u00f3 en Telegram el gobernador regional, <b>Yuri Sli\u00fasar<\/b>.<\/p>\n<p class=\"paragraph\">El alcalde, <b>Alexandr Skriabin<\/b>, inform\u00f3 que el ataque da\u00f1\u00f3 diez edificios residenciales y que sus habitantes fueron evacuados a alojamientos temporales.<\/p>\n<p class=\"paragraph\">Los incidentes ocurridos en B\u00e9lgorod, Volgogrado y Rostov se enmarcan en una serie de ataques con drones registrados en las \u00faltimas horas contra diferentes regiones de Rusia, que han afectado tanto a infraestructuras estrat\u00e9gicas como a zonas residenciales.<\/p>\n<p class=\"paragraph\"><i>(Con informaci\u00f3n de EFE)<\/i><\/p>\n<\/div>\n<p><script type=\"didomi\/javascript\" data-vendor=\"facebook\" defer=\"\">try{!function(f,b,e,v,n,t,s) {if(f.fbq)return;n=f.fbq=function(){n.callMethod? n.callMethod.apply(n,arguments):n.queue.push(arguments)}; if(!f._fbq)f._fbq=n;n.push=n;n.loaded=!0;n.version='2.0'; n.queue=[];t=b.createElement(e);t.async=!0; t.src=v;s=b.getElementsByTagName(e)[0]; s.parentNode.insertBefore(t,s)}(window, document,'script', ' fbq('init', '336383993555320'); fbq('track', 'PageView'); fbq('track', 'ViewContent');}catch(error){console.log(\"Error al inicializar facebookPixelRawCodeScript:\",error);}<\/script><\/p>\n","protected":false},"excerpt":{"rendered":"<p>Un autom\u00f3vil arde tras lo que las autoridades locales calificaron como un ataque con dron ucraniano en el marco del conflicto entre Rusia y Ucrania, en B\u00e9lgorod, Rusia, el 14 de agosto de 2025. (Gobernador de la regi\u00f3n de B\u00e9lgorod, Viacheslav Gladkov, v\u00eda Telegram\/imagen cedida v\u00eda REUTERS) Un ataque con drones atribuido a Ucrania dej\u00f3 [&hellip;]<\/p>\n","protected":false},"author":2,"featured_media":47711,"comment_status":"","ping_status":"","sticky":false,"template":"","format":"standard","meta":{"footnotes":""},"categories":[3],"tags":[],"_links":{"self":[{"href":"https:\/\/maxradio923.com.ar\/index.php\/wp-json\/wp\/v2\/posts\/47710"}],"collection":[{"href":"https:\/\/maxradio923.com.ar\/index.php\/wp-json\/wp\/v2\/posts"}],"about":[{"href":"https:\/\/maxradio923.com.ar\/index.php\/wp-json\/wp\/v2\/types\/post"}],"author":[{"embeddable":true,"href":"https:\/\/maxradio923.com.ar\/index.php\/wp-json\/wp\/v2\/users\/2"}],"replies":[{"embeddable":true,"href":"https:\/\/maxradio923.com.ar\/index.php\/wp-json\/wp\/v2\/comments?post=47710"}],"version-history":[{"count":0,"href":"https:\/\/maxradio923.com.ar\/index.php\/wp-json\/wp\/v2\/posts\/47710\/revisions"}],"wp:featuredmedia":[{"embeddable":true,"href":"https:\/\/maxradio923.com.ar\/index.php\/wp-json\/wp\/v2\/media\/47711"}],"wp:attachment":[{"href":"https:\/\/maxradio923.com.ar\/index.php\/wp-json\/wp\/v2\/media?parent=47710"}],"wp:term":[{"taxonomy":"category","embeddable":true,"href":"https:\/\/maxradio923.com.ar\/index.php\/wp-json\/wp\/v2\/categories?post=47710"},{"taxonomy":"post_tag","embeddable":true,"href":"https:\/\/maxradio923.com.ar\/index.php\/wp-json\/wp\/v2\/tags?post=47710"}],"curies":[{"name":"wp","href":"https:\/\/api.w.org\/{rel}","templated":true}]}}