{"id":47675,"date":"2025-08-14T09:23:07","date_gmt":"2025-08-14T12:23:07","guid":{"rendered":"https:\/\/maxradio923.com.ar\/index.php\/2025\/08\/14\/la-magia-del-cine-a-traves-de-la-musica\/"},"modified":"2025-08-14T09:23:07","modified_gmt":"2025-08-14T12:23:07","slug":"la-magia-del-cine-a-traves-de-la-musica","status":"publish","type":"post","link":"https:\/\/maxradio923.com.ar\/index.php\/2025\/08\/14\/la-magia-del-cine-a-traves-de-la-musica\/","title":{"rendered":"La magia del cine a trav\u00e9s de la m\u00fasica"},"content":{"rendered":"<p><\/p>\n<div>\n<p style=\"text-align: justify;\"><span style=\"font-weight: 400;\">El jueves 14, el <\/span><b>Auditorio Juan Victoria<\/b><span style=\"font-weight: 400;\"> se transformar\u00e1 en una sala de cine sin pantalla, donde la m\u00fasica ser\u00e1 la gran protagonista. Bajo el t\u00edtulo <\/span><b>\u201cUn Viaje de Pel\u00edculas\u201d<\/b><span style=\"font-weight: 400;\">, este concierto coral, instrumental y sinf\u00f3nico invitar\u00e1 al p\u00fablico a sumergirse en un recorrido inolvidable. As\u00ed, las emociones del cine cobrar\u00e1n vida a trav\u00e9s del poder de la m\u00fasica en vivo, con decenas de m\u00fasicos en escena haciendo vibrar cada nota como si saliera directamente del coraz\u00f3n de la pantalla grande.<\/span><span style=\"font-weight: 400;\"><br \/><\/span><span style=\"font-weight: 400;\"><br \/><\/span><span style=\"font-weight: 400;\">La<\/span><b> Banda Sinf\u00f3nica de la UNSJ<\/b><span style=\"font-weight: 400;\">, el<\/span><b> Coro Vocacional de la UNSJ, <\/b><span style=\"font-weight: 400;\">el<\/span><b> Coro Preuniversitario de la UNSJ<\/b><span style=\"font-weight: 400;\"> y el<\/span> <span style=\"font-weight: 400;\">Ensamble Instrumental <\/span><b>Room Band, <\/b><span style=\"font-weight: 400;\">har\u00e1n del escenario un puente hacia la emoci\u00f3n, ofreciendo un espect\u00e1culo inolvidable, lleno de magia, emoci\u00f3n y nostalgia.<\/span><\/p>\n<p style=\"text-align: justify;\"><span style=\"font-weight: 400;\">Ser\u00e1 un encuentro para toda la familia, un espacio donde ni\u00f1os, j\u00f3venes y adultos podr\u00e1n viajar por mundos fant\u00e1sticos, reviviendo las historias que marcaron a trav\u00e9s de melod\u00edas que tocan el alma. Desde <\/span><span style=\"font-weight: 400;\">Aladdin<\/span><span style=\"font-weight: 400;\"> y <\/span><span style=\"font-weight: 400;\">Frozen<\/span><span style=\"font-weight: 400;\">, pasando por <\/span><span style=\"font-weight: 400;\">Los Incre\u00edbles<\/span><span style=\"font-weight: 400;\">, <\/span><span style=\"font-weight: 400;\">Harry Potter<\/span><span style=\"font-weight: 400;\">, y <\/span><span style=\"font-weight: 400;\">El Se\u00f1or de los Anillos<\/span><span style=\"font-weight: 400;\">, hasta <\/span><span style=\"font-weight: 400;\">Volver al Futuro,<\/span><span style=\"font-weight: 400;\"> entre otras canciones ser\u00e1n parte del repertorio de la velada. <\/span><span style=\"font-weight: 400;\"><br \/><\/span><span style=\"font-weight: 400;\"><br \/><\/span><span style=\"font-weight: 400;\">El evento comenzar\u00e1 a las <\/span><b>21:30<\/b><span style=\"font-weight: 400;\"> y la entrada general tendr\u00e1 un valor de <\/span><b>$4000<\/b><span style=\"font-weight: 400;\">. Ser\u00e1 una oportunidad perfecta para <\/span><b>comenzar el fin de semana largo<\/b><span style=\"font-weight: 400;\"> con una experiencia art\u00edstica que emocionar\u00e1 a quienes se sumen a esta propuesta cultural.<\/span><\/p>\n<\/p><\/div>\n<p><script async defer crossorigin=\"anonymous\" src=\"https:\/\/connect.facebook.net\/es_ES\/sdk.js#xfbml=1&#038;version=v3.3\"><\/script><\/p>\n","protected":false},"excerpt":{"rendered":"<p>El jueves 14, el Auditorio Juan Victoria se transformar\u00e1 en una sala de cine sin pantalla, donde la m\u00fasica ser\u00e1 la gran protagonista. Bajo el t\u00edtulo \u201cUn Viaje de Pel\u00edculas\u201d, este concierto coral, instrumental y sinf\u00f3nico invitar\u00e1 al p\u00fablico a sumergirse en un recorrido inolvidable. As\u00ed, las emociones del cine cobrar\u00e1n vida a trav\u00e9s del [&hellip;]<\/p>\n","protected":false},"author":2,"featured_media":47676,"comment_status":"","ping_status":"","sticky":false,"template":"","format":"standard","meta":{"footnotes":""},"categories":[8],"tags":[],"_links":{"self":[{"href":"https:\/\/maxradio923.com.ar\/index.php\/wp-json\/wp\/v2\/posts\/47675"}],"collection":[{"href":"https:\/\/maxradio923.com.ar\/index.php\/wp-json\/wp\/v2\/posts"}],"about":[{"href":"https:\/\/maxradio923.com.ar\/index.php\/wp-json\/wp\/v2\/types\/post"}],"author":[{"embeddable":true,"href":"https:\/\/maxradio923.com.ar\/index.php\/wp-json\/wp\/v2\/users\/2"}],"replies":[{"embeddable":true,"href":"https:\/\/maxradio923.com.ar\/index.php\/wp-json\/wp\/v2\/comments?post=47675"}],"version-history":[{"count":0,"href":"https:\/\/maxradio923.com.ar\/index.php\/wp-json\/wp\/v2\/posts\/47675\/revisions"}],"wp:featuredmedia":[{"embeddable":true,"href":"https:\/\/maxradio923.com.ar\/index.php\/wp-json\/wp\/v2\/media\/47676"}],"wp:attachment":[{"href":"https:\/\/maxradio923.com.ar\/index.php\/wp-json\/wp\/v2\/media?parent=47675"}],"wp:term":[{"taxonomy":"category","embeddable":true,"href":"https:\/\/maxradio923.com.ar\/index.php\/wp-json\/wp\/v2\/categories?post=47675"},{"taxonomy":"post_tag","embeddable":true,"href":"https:\/\/maxradio923.com.ar\/index.php\/wp-json\/wp\/v2\/tags?post=47675"}],"curies":[{"name":"wp","href":"https:\/\/api.w.org\/{rel}","templated":true}]}}