{"id":47673,"date":"2025-08-14T09:14:08","date_gmt":"2025-08-14T12:14:08","guid":{"rendered":"https:\/\/maxradio923.com.ar\/index.php\/2025\/08\/14\/el-pais-que-desplazo-a-los-clasicos-del-verano-europeo-como-el-mas-popular-para-vacacionar\/"},"modified":"2025-08-14T09:14:08","modified_gmt":"2025-08-14T12:14:08","slug":"el-pais-que-desplazo-a-los-clasicos-del-verano-europeo-como-el-mas-popular-para-vacacionar","status":"publish","type":"post","link":"https:\/\/maxradio923.com.ar\/index.php\/2025\/08\/14\/el-pais-que-desplazo-a-los-clasicos-del-verano-europeo-como-el-mas-popular-para-vacacionar\/","title":{"rendered":"El pa\u00eds que desplaz\u00f3 a los cl\u00e1sicos del verano europeo como el m\u00e1s popular para vacacionar"},"content":{"rendered":"<p><\/p>\n<div>\n<div class=\"visual__image image-initial-width\"><picture><source srcset=\"https:\/\/www.infobae.com\/resizer\/v2\/4FKK7QW4ARHGNNJD754RVER3BM.jpg?auth=7062357c038b6d02b72e3629f44ad3d5d7f12fd58bd285ac875e8fd0af917b5b&amp;smart=true&amp;width=992&amp;height=558&amp;quality=85\" media=\"(min-width: 1000px)\"\/><source srcset=\"https:\/\/www.infobae.com\/resizer\/v2\/4FKK7QW4ARHGNNJD754RVER3BM.jpg?auth=7062357c038b6d02b72e3629f44ad3d5d7f12fd58bd285ac875e8fd0af917b5b&amp;smart=true&amp;width=768&amp;height=432&amp;quality=85\" media=\"(min-width: 768px)\"\/><source srcset=\"https:\/\/www.infobae.com\/resizer\/v2\/4FKK7QW4ARHGNNJD754RVER3BM.jpg?auth=7062357c038b6d02b72e3629f44ad3d5d7f12fd58bd285ac875e8fd0af917b5b&amp;smart=true&amp;width=577&amp;height=325&amp;quality=85\" media=\"(min-width: 580px)\"\/><source srcset=\"https:\/\/www.infobae.com\/resizer\/v2\/4FKK7QW4ARHGNNJD754RVER3BM.jpg?auth=7062357c038b6d02b72e3629f44ad3d5d7f12fd58bd285ac875e8fd0af917b5b&amp;smart=true&amp;width=420&amp;height=236&amp;quality=85\" media=\"(min-width: 350px)\"\/><source srcset=\"https:\/\/www.infobae.com\/resizer\/v2\/4FKK7QW4ARHGNNJD754RVER3BM.jpg?auth=7062357c038b6d02b72e3629f44ad3d5d7f12fd58bd285ac875e8fd0af917b5b&amp;smart=true&amp;width=350&amp;height=197&amp;quality=85\" media=\"(min-width: 80px)\"\/><img alt=\"Este pa\u00eds europeo lidera el\" class=\"global-image\" decoding=\"async\" fetchpriority=\"high\" height=\"1080\" loading=\"eager\" src=\"https:\/\/www.infobae.com\/resizer\/v2\/4FKK7QW4ARHGNNJD754RVER3BM.jpg?auth=7062357c038b6d02b72e3629f44ad3d5d7f12fd58bd285ac875e8fd0af917b5b&amp;smart=true&amp;width=350&amp;height=197&amp;quality=85\" width=\"1920\"\/><\/picture><figcaption class=\"article-figcaption-img\">Este pa\u00eds europeo lidera el ranking de destinos urbanos m\u00e1s populares en Europa este verano, seg\u00fan Thomas Cook<\/figcaption><\/div>\n<p class=\"paragraph\">El verano europeo 2025 ha tra\u00eddo consigo una tendencia inesperada, de acuerdo con los recientes datos publicados por la agencia de viajes brit\u00e1nica, Thomas Cook. <b>Polonia<\/b><b> ha emergido como el pa\u00eds m\u00e1s popular entre los viajeros que reservan escapadas urbanas, logrando un notable 17% del total de reservas de ciudad<\/b>. Este resultado sorprende dentro del competitivo mercado tur\u00edstico, tradicionalmente liderado por pa\u00edses mediterr\u00e1neos, y refleja el creciente inter\u00e9s por destinos que ofrecen una mezcla equilibrada de patrimonio, accesibilidad y autenticidad.<\/p>\n<p class=\"paragraph\">Detr\u00e1s de este posicionamiento se encuentra una combinaci\u00f3n de factores, como la b\u00fasqueda de experiencias culturales distintas, precios m\u00e1s asequibles frente a capitales occidentales y el encanto hist\u00f3rico de sus ciudades. <b>El atractivo de Polonia se proyecta especialmente en su capacidad para competir con los cl\u00e1sicos destinos de sol y playa<\/b>, siendo percibida ahora como una alternativa vibrante para quienes buscan aventura, historia y entornos urbanos frescos durante los meses m\u00e1s calurosos del a\u00f1o.<\/p>\n<div class=\"visual__image\"><picture><source srcset=\"https:\/\/www.infobae.com\/resizer\/v2\/4IZAO7Q2CVHD7PFTZRT5D5SC44.jpg?auth=5b5b0d7c77a7702f6e01b3c95b5433a83dedf71bc3309ea02a2f91ee0c9b3013&amp;smart=true&amp;width=992&amp;height=744&amp;quality=85\" media=\"(min-width: 1000px)\"\/><source srcset=\"https:\/\/www.infobae.com\/resizer\/v2\/4IZAO7Q2CVHD7PFTZRT5D5SC44.jpg?auth=5b5b0d7c77a7702f6e01b3c95b5433a83dedf71bc3309ea02a2f91ee0c9b3013&amp;smart=true&amp;width=768&amp;height=576&amp;quality=85\" media=\"(min-width: 768px)\"\/><source srcset=\"https:\/\/www.infobae.com\/resizer\/v2\/4IZAO7Q2CVHD7PFTZRT5D5SC44.jpg?auth=5b5b0d7c77a7702f6e01b3c95b5433a83dedf71bc3309ea02a2f91ee0c9b3013&amp;smart=true&amp;width=577&amp;height=433&amp;quality=85\" media=\"(min-width: 580px)\"\/><source srcset=\"https:\/\/www.infobae.com\/resizer\/v2\/4IZAO7Q2CVHD7PFTZRT5D5SC44.jpg?auth=5b5b0d7c77a7702f6e01b3c95b5433a83dedf71bc3309ea02a2f91ee0c9b3013&amp;smart=true&amp;width=420&amp;height=315&amp;quality=85\" media=\"(min-width: 350px)\"\/><source srcset=\"https:\/\/www.infobae.com\/resizer\/v2\/4IZAO7Q2CVHD7PFTZRT5D5SC44.jpg?auth=5b5b0d7c77a7702f6e01b3c95b5433a83dedf71bc3309ea02a2f91ee0c9b3013&amp;smart=true&amp;width=350&amp;height=263&amp;quality=85\" media=\"(min-width: 80px)\"\/><img alt=\"Cracovia destaca como la ciudad\" class=\"global-image\" decoding=\"async\" fetchpriority=\"low\" height=\"1440\" loading=\"lazy\" src=\"https:\/\/www.infobae.com\/resizer\/v2\/4IZAO7Q2CVHD7PFTZRT5D5SC44.jpg?auth=5b5b0d7c77a7702f6e01b3c95b5433a83dedf71bc3309ea02a2f91ee0c9b3013&amp;smart=true&amp;width=350&amp;height=263&amp;quality=85\" width=\"1920\"\/><\/picture><figcaption class=\"article-figcaption-img\">Cracovia destaca como la ciudad m\u00e1s visitada de Polonia por su patrimonio hist\u00f3rico y cultural<\/figcaption><\/div>\n<p class=\"paragraph\">Dentro de la oferta polaca, <b>Cracovia ocupa un lugar protag\u00f3nico<\/b>. La capital hist\u00f3rica del pa\u00eds no solo recoge el mayor flujo de turistas urbanos, sino que se destaca por su arquitectura singular, mezcla de estilos que van del rom\u00e1nico al modernismo, pasando por un impresionante repertorio g\u00f3tico. <b>El casco antiguo de Cracovia, declarado Patrimonio de la Humanidad por la UNESCO, es uno de los principales reclamos para el visitante<\/b>, donde la Plaza del Mercado Principal \u2014la m\u00e1s grande de Europa medieval\u2014 sirve de epicentro para la vida cultural y social.<\/p>\n<p class=\"paragraph\">La ciudad tambi\u00e9n invita a recorrer la ribera del r\u00edo V\u00edstula, donde el imponente Castillo de Wawel recuerda el pasado real de Polonia y alberga en la actualidad uno de los museos de arte m\u00e1s importantes del pa\u00eds. Quienes buscan experiencias m\u00e1s contempor\u00e1neas pueden dirigirse al <b>Museo de Arte Contempor\u00e1neo de Cracovia<\/b> (MOCAK), que exhibe obras de reconocidos artistas polacos e internacionales. Los turistas interesados en la historia reciente encuentran en Cracovia un punto de partida privilegiado para visitar lugares de gran significaci\u00f3n, como el Memorial de Auschwitz-Birkenau o el museo subterr\u00e1neo Rynek, instalado bajo la emblem\u00e1tica plaza central.<\/p>\n<p class=\"paragraph\">Cracovia ha demostrado que puede cautivar tanto a quienes buscan tradici\u00f3n como a los que desean sumergirse en el pulso moderno de una ciudad europea, combinando oferta cultural variada con numerosos espacios verdes, opciones gastron\u00f3micas y una atm\u00f3sfera amigable y accesible.<\/p>\n<div class=\"visual__image\"><picture><source srcset=\"https:\/\/www.infobae.com\/resizer\/v2\/JUYOVMRZUFAHHN574JPO2RAXTY.jpg?auth=eb85b95436da4c6b1ce09c33201eaa84efd20ec61181f4e52f5830785721e397&amp;smart=true&amp;width=992&amp;height=558&amp;quality=85\" media=\"(min-width: 1000px)\"\/><source srcset=\"https:\/\/www.infobae.com\/resizer\/v2\/JUYOVMRZUFAHHN574JPO2RAXTY.jpg?auth=eb85b95436da4c6b1ce09c33201eaa84efd20ec61181f4e52f5830785721e397&amp;smart=true&amp;width=768&amp;height=432&amp;quality=85\" media=\"(min-width: 768px)\"\/><source srcset=\"https:\/\/www.infobae.com\/resizer\/v2\/JUYOVMRZUFAHHN574JPO2RAXTY.jpg?auth=eb85b95436da4c6b1ce09c33201eaa84efd20ec61181f4e52f5830785721e397&amp;smart=true&amp;width=577&amp;height=325&amp;quality=85\" media=\"(min-width: 580px)\"\/><source srcset=\"https:\/\/www.infobae.com\/resizer\/v2\/JUYOVMRZUFAHHN574JPO2RAXTY.jpg?auth=eb85b95436da4c6b1ce09c33201eaa84efd20ec61181f4e52f5830785721e397&amp;smart=true&amp;width=420&amp;height=236&amp;quality=85\" media=\"(min-width: 350px)\"\/><source srcset=\"https:\/\/www.infobae.com\/resizer\/v2\/JUYOVMRZUFAHHN574JPO2RAXTY.jpg?auth=eb85b95436da4c6b1ce09c33201eaa84efd20ec61181f4e52f5830785721e397&amp;smart=true&amp;width=350&amp;height=197&amp;quality=85\" media=\"(min-width: 80px)\"\/><img alt=\"Estos pa\u00edses completan la lista\" class=\"global-image\" decoding=\"async\" fetchpriority=\"low\" height=\"2363\" loading=\"lazy\" src=\"https:\/\/www.infobae.com\/resizer\/v2\/JUYOVMRZUFAHHN574JPO2RAXTY.jpg?auth=eb85b95436da4c6b1ce09c33201eaa84efd20ec61181f4e52f5830785721e397&amp;smart=true&amp;width=350&amp;height=197&amp;quality=85\" width=\"4200\"\/><\/picture><figcaption class=\"article-figcaption-img\">Estos pa\u00edses completan la lista de destinos urbanos preferidos para el verano europeo (Freepik)<\/figcaption><\/div>\n<p class=\"paragraph\">La clasificaci\u00f3n de Thomas Cook revela tambi\u00e9n que la preferencia por las escapadas urbanas no se limita a Polonia. <b>Hungr\u00eda aparece en el segundo puesto<\/b>, concentrando el 13% de las reservas, con Budapest como epicentro de la atracci\u00f3n tur\u00edstica. Budapest seduce a los viajeros con su fusi\u00f3n de hoteles modernos, bares en terrazas, una oferta termal \u00fanica y una s\u00f3lida escena cultural, donde los museos de arte, fotograf\u00eda y tem\u00e1ticas hist\u00f3ricas diversifican la experiencia de verano.<\/p>\n<p class=\"paragraph\"><b>Italia, ubic\u00e1ndose en el tercer lugar con un 11% de las reservas<\/b>, sigue figurando como uno de los destinos tradicionales predilectos. Su atractivo radica en la variedad de ciudades a elegir: desde el aura milenaria de Roma y su Coliseo, hasta la sofisticaci\u00f3n art\u00edstica y culinaria de Florencia o la magia inconfundible de los canales venecianos.<\/p>\n<p class=\"paragraph\"><b>Los siguientes puestos en el ranking lo ocupan Espa\u00f1a e Irlanda<\/b>, pa\u00edses que conservan un constante flujo de visitantes gracias a la riqueza de sus capitales y ciudades emblem\u00e1ticas, as\u00ed como a la amplitud de su oferta cultural y festiva durante el verano.<\/p>\n<p class=\"paragraph\">De esta manera, estos son los destinos m\u00e1s populares para las vacaciones de verano, seg\u00fan Thomas Cook:<\/p>\n<ol data-icon=\"\u2b24\" class=\"list\">\n<li data-icon=\"\u2b24\"><span>Polonia<\/span><\/li>\n<li data-icon=\"\u2b24\"><span>Hungr\u00eda<\/span><\/li>\n<li data-icon=\"\u2b24\"><span>Italia<\/span><\/li>\n<li data-icon=\"\u2b24\"><span>Espa\u00f1a<\/span><\/li>\n<li data-icon=\"\u2b24\"><span>Irlanda<\/span><\/li>\n<\/ol>\n<p class=\"paragraph\">El informe de Thomas Cook tambi\u00e9n pone de manifiesto una tendencia creciente entre los viajeros europeos: la preferencia por explorar ciudades hist\u00f3ricas y culturales durante las vacaciones de verano, en lugar de recurrir exclusivamente a las cl\u00e1sicas playas de arena y mar. Esta inclinaci\u00f3n responde, en parte, al aumento general de las temperaturas, la b\u00fasqueda de opciones con aire acondicionado y la posibilidad de acceder a experiencias urbanas originales, como visitas a museos, festivales y circuitos gastron\u00f3micos.<\/p>\n<p class=\"paragraph\">Las escapadas urbanas, antes asociadas sobre todo con las estaciones intermedias, han logrado posicionarse como una opci\u00f3n atractiva para el ocio veraniego. Esto transforma el mapa del turismo continental, abriendo la puerta a alternativas menos saturadas, a menudo m\u00e1s econ\u00f3micas y con una profunda carga hist\u00f3rica, capaces de responder a las expectativas de los viajeros m\u00e1s exigentes. Polonia, con Cracovia a la cabeza, ejemplifica el potencial de este nuevo paradigma tur\u00edstico.<\/p>\n<\/div>\n<p><script type=\"didomi\/javascript\" data-vendor=\"facebook\" defer=\"\">try{!function(f,b,e,v,n,t,s) {if(f.fbq)return;n=f.fbq=function(){n.callMethod? n.callMethod.apply(n,arguments):n.queue.push(arguments)}; if(!f._fbq)f._fbq=n;n.push=n;n.loaded=!0;n.version='2.0'; n.queue=[];t=b.createElement(e);t.async=!0; t.src=v;s=b.getElementsByTagName(e)[0]; s.parentNode.insertBefore(t,s)}(window, document,'script', ' fbq('init', '336383993555320'); fbq('track', 'PageView'); fbq('track', 'ViewContent');}catch(error){console.log(\"Error al inicializar facebookPixelRawCodeScript:\",error);}<\/script><\/p>\n","protected":false},"excerpt":{"rendered":"<p>Este pa\u00eds europeo lidera el ranking de destinos urbanos m\u00e1s populares en Europa este verano, seg\u00fan Thomas Cook El verano europeo 2025 ha tra\u00eddo consigo una tendencia inesperada, de acuerdo con los recientes datos publicados por la agencia de viajes brit\u00e1nica, Thomas Cook. Polonia ha emergido como el pa\u00eds m\u00e1s popular entre los viajeros que [&hellip;]<\/p>\n","protected":false},"author":2,"featured_media":47674,"comment_status":"","ping_status":"","sticky":false,"template":"","format":"standard","meta":{"footnotes":""},"categories":[3],"tags":[],"_links":{"self":[{"href":"https:\/\/maxradio923.com.ar\/index.php\/wp-json\/wp\/v2\/posts\/47673"}],"collection":[{"href":"https:\/\/maxradio923.com.ar\/index.php\/wp-json\/wp\/v2\/posts"}],"about":[{"href":"https:\/\/maxradio923.com.ar\/index.php\/wp-json\/wp\/v2\/types\/post"}],"author":[{"embeddable":true,"href":"https:\/\/maxradio923.com.ar\/index.php\/wp-json\/wp\/v2\/users\/2"}],"replies":[{"embeddable":true,"href":"https:\/\/maxradio923.com.ar\/index.php\/wp-json\/wp\/v2\/comments?post=47673"}],"version-history":[{"count":0,"href":"https:\/\/maxradio923.com.ar\/index.php\/wp-json\/wp\/v2\/posts\/47673\/revisions"}],"wp:featuredmedia":[{"embeddable":true,"href":"https:\/\/maxradio923.com.ar\/index.php\/wp-json\/wp\/v2\/media\/47674"}],"wp:attachment":[{"href":"https:\/\/maxradio923.com.ar\/index.php\/wp-json\/wp\/v2\/media?parent=47673"}],"wp:term":[{"taxonomy":"category","embeddable":true,"href":"https:\/\/maxradio923.com.ar\/index.php\/wp-json\/wp\/v2\/categories?post=47673"},{"taxonomy":"post_tag","embeddable":true,"href":"https:\/\/maxradio923.com.ar\/index.php\/wp-json\/wp\/v2\/tags?post=47673"}],"curies":[{"name":"wp","href":"https:\/\/api.w.org\/{rel}","templated":true}]}}