{"id":47669,"date":"2025-08-14T08:42:12","date_gmt":"2025-08-14T11:42:12","guid":{"rendered":"https:\/\/maxradio923.com.ar\/index.php\/2025\/08\/14\/los-primeros-100-dias-del-pontificado-de-leon-xiv\/"},"modified":"2025-08-14T08:42:12","modified_gmt":"2025-08-14T11:42:12","slug":"los-primeros-100-dias-del-pontificado-de-leon-xiv","status":"publish","type":"post","link":"https:\/\/maxradio923.com.ar\/index.php\/2025\/08\/14\/los-primeros-100-dias-del-pontificado-de-leon-xiv\/","title":{"rendered":"Los primeros 100 d\u00edas del pontificado de Le\u00f3n XIV"},"content":{"rendered":"<p><\/p>\n<div>\n<div class=\"visual__image image-initial-width\"><picture><source srcset=\"https:\/\/www.infobae.com\/resizer\/v2\/MFJPTUPWZBGXVE6IFLFJ2PDCVA.jpg?auth=6686871a376468574067c860dda4fda208a866b7ab0f7daf68b527b2524b70d0&amp;smart=true&amp;width=992&amp;height=661&amp;quality=85\" media=\"(min-width: 1000px)\"\/><source srcset=\"https:\/\/www.infobae.com\/resizer\/v2\/MFJPTUPWZBGXVE6IFLFJ2PDCVA.jpg?auth=6686871a376468574067c860dda4fda208a866b7ab0f7daf68b527b2524b70d0&amp;smart=true&amp;width=768&amp;height=512&amp;quality=85\" media=\"(min-width: 768px)\"\/><source srcset=\"https:\/\/www.infobae.com\/resizer\/v2\/MFJPTUPWZBGXVE6IFLFJ2PDCVA.jpg?auth=6686871a376468574067c860dda4fda208a866b7ab0f7daf68b527b2524b70d0&amp;smart=true&amp;width=577&amp;height=385&amp;quality=85\" media=\"(min-width: 580px)\"\/><source srcset=\"https:\/\/www.infobae.com\/resizer\/v2\/MFJPTUPWZBGXVE6IFLFJ2PDCVA.jpg?auth=6686871a376468574067c860dda4fda208a866b7ab0f7daf68b527b2524b70d0&amp;smart=true&amp;width=420&amp;height=280&amp;quality=85\" media=\"(min-width: 350px)\"\/><source srcset=\"https:\/\/www.infobae.com\/resizer\/v2\/MFJPTUPWZBGXVE6IFLFJ2PDCVA.jpg?auth=6686871a376468574067c860dda4fda208a866b7ab0f7daf68b527b2524b70d0&amp;smart=true&amp;width=350&amp;height=233&amp;quality=85\" media=\"(min-width: 80px)\"\/><img alt=\"Imagen de Le\u00f3n XIV. EFE\/ANGELO\" class=\"global-image\" decoding=\"async\" fetchpriority=\"high\" height=\"2048\" loading=\"eager\" src=\"https:\/\/www.infobae.com\/resizer\/v2\/MFJPTUPWZBGXVE6IFLFJ2PDCVA.jpg?auth=6686871a376468574067c860dda4fda208a866b7ab0f7daf68b527b2524b70d0&amp;smart=true&amp;width=350&amp;height=233&amp;quality=85\" width=\"3072\"\/><\/picture><figcaption class=\"article-figcaption-img\">Imagen de Le\u00f3n XIV. EFE\/ANGELO CARCONI<br \/>\n<\/figcaption><\/div>\n<p class=\"paragraph\">El papa Le\u00f3n XIV cumple 100 d\u00edas de pontificado, desde aquel 8 de mayo en el que se asom\u00f3 al balc\u00f3n de la fachada de la bas\u00edlica de San Pedro, y que han estado marcados por su car\u00e1cter reservado, una total prudencia, ya que <b>a\u00fan no ha tomado decisiones importantes<\/b>, y una fuerte inclinaci\u00f3n por la diplomacia.<\/p>\n<p class=\"paragraph\">En estos 100 d\u00edas del pont\u00edfice estadounidense, que cumplir\u00e1 70 a\u00f1os en septiembre, los cambios m\u00e1s comentados respecto al pontificado de Francisco han sido, sobre todo, una <b>vuelta a la tradici\u00f3n<\/b>.<\/p>\n<p class=\"paragraph\">Desde el uso vestimentas lit\u00fargicas que Francisco hab\u00eda eliminado, como la decisi\u00f3n de retomar la muceta roja y los pantalones blancos bajo la sotana, el deseo de volver a vivir en el palacio apost\u00f3lico, tomar vacaciones en Castel Gandolfo o restablecer la solemne procesi\u00f3n del Corpus Christi por las calles de Roma bajo el palio.<\/p>\n<p class=\"paragraph\">Por el resto, el papa Robert Prevost a\u00fan no ha tomado decisiones importantes para la Iglesia o el gobierno vaticano, como el nombramiento de colaboradores, a excepci\u00f3n de su secretario, o cambios en la Curia romana, aunque para muchos esto es debido a su car\u00e1cter prudente.<\/p>\n<div class=\"visual__image\"><picture><source srcset=\"https:\/\/www.infobae.com\/resizer\/v2\/XWOS7U3DKFFRZFD7TSY4UYJVIA.jpg?auth=64e48b617b45cd6854ef20590c26d39b6007337d44c6a0cff1e6a722fd1718e5&amp;smart=true&amp;width=992&amp;height=661&amp;quality=85\" media=\"(min-width: 1000px)\"\/><source srcset=\"https:\/\/www.infobae.com\/resizer\/v2\/XWOS7U3DKFFRZFD7TSY4UYJVIA.jpg?auth=64e48b617b45cd6854ef20590c26d39b6007337d44c6a0cff1e6a722fd1718e5&amp;smart=true&amp;width=768&amp;height=512&amp;quality=85\" media=\"(min-width: 768px)\"\/><source srcset=\"https:\/\/www.infobae.com\/resizer\/v2\/XWOS7U3DKFFRZFD7TSY4UYJVIA.jpg?auth=64e48b617b45cd6854ef20590c26d39b6007337d44c6a0cff1e6a722fd1718e5&amp;smart=true&amp;width=577&amp;height=385&amp;quality=85\" media=\"(min-width: 580px)\"\/><source srcset=\"https:\/\/www.infobae.com\/resizer\/v2\/XWOS7U3DKFFRZFD7TSY4UYJVIA.jpg?auth=64e48b617b45cd6854ef20590c26d39b6007337d44c6a0cff1e6a722fd1718e5&amp;smart=true&amp;width=420&amp;height=280&amp;quality=85\" media=\"(min-width: 350px)\"\/><source srcset=\"https:\/\/www.infobae.com\/resizer\/v2\/XWOS7U3DKFFRZFD7TSY4UYJVIA.jpg?auth=64e48b617b45cd6854ef20590c26d39b6007337d44c6a0cff1e6a722fd1718e5&amp;smart=true&amp;width=350&amp;height=233&amp;quality=85\" media=\"(min-width: 80px)\"\/><img alt=\"El papa Le\u00f3n XIV.\" class=\"global-image\" decoding=\"async\" fetchpriority=\"low\" height=\"1280\" loading=\"lazy\" src=\"https:\/\/www.infobae.com\/resizer\/v2\/XWOS7U3DKFFRZFD7TSY4UYJVIA.jpg?auth=64e48b617b45cd6854ef20590c26d39b6007337d44c6a0cff1e6a722fd1718e5&amp;smart=true&amp;width=350&amp;height=233&amp;quality=85\" width=\"1920\"\/><\/picture><figcaption class=\"article-figcaption-img\">El papa Le\u00f3n XIV.<\/figcaption><\/div>\n<p class=\"paragraph\">\u201cEn la Casa Blanca dicen que 100 d\u00edas revelan la presidencia. El alcance de un pontificado es diferente. No deber\u00edamos esperar los nombramientos como una prueba para el papa. \u00c9l los har\u00e1 cuando sea necesario, pero no ser\u00e1 el equipo de gobierno quien nos dir\u00e1 qui\u00e9n es Prevost. <b>Es un error juzgarlo en t\u00e9rminos de ruptura o continuidad con Francisco, o si se restauran o no las instituciones<\/b>\u201d, asegur\u00f3 en una reciente entrevista en<i> \u2018La Stampa\u2019<\/i> el fundador de la Comunidad de San Egidio, Andrea Riccardi.<\/p>\n<p class=\"paragraph\">La encargada de comunicaci\u00f3n de las Obras Misionales Pontificias de Estados Unidos, Ines San Mart\u00edn, explic\u00f3 a <i>EFE <\/i>que, en estos cien d\u00edas, <b>\u201cLe\u00f3n XIV se dedic\u00f3 principalmente a observar y a escuchar mucho m\u00e1s que a hablar. Por eso, por ejemplo, no lo vimos hacer grandes cambios de personal en la Curia romana\u201d<\/b>.<\/p>\n<p class=\"paragraph\">\u201cEn septiembre probablemente veamos los primeros. Es un hombre claramente conciliador, que escucha a las partes antes de tomar medidas, acostumbrado a trabajar con personas de distinta orientaci\u00f3n teol\u00f3gica y pol\u00edtica\u201d, explica y destaca que han sido <b>\u201ctres meses dedicados a acostumbrarse a su nuevo rol\u201d<\/b>.<\/p>\n<p class=\"paragraph\">Mientras que, para algunos, la casi timidez y el discurso demasiado estructurado de Prevost no le permiti\u00f3 conectar con el mill\u00f3n de j\u00f3venes en el encuentro en Tor Vergata para el Jubileo de la Juventud, para San Mart\u00edn s\u00ed que tuvo \u201cun claro estilo de liderazgo muy arraigado en San Agust\u00edn, es decir, fomentando la vida espiritual, la amistad como sin\u00f3nimo de vida en comunidad, y la caridad\u201d.<\/p>\n<div class=\"visual__image\"><picture><source srcset=\"https:\/\/www.infobae.com\/resizer\/v2\/GEQ6SFZTBVEO7ORHDO6ONMMO2Y.jpg?auth=b6bb91b390d87ec994848341f2b5ee8e1dbcf1ab8906491cc616d173330bbc99&amp;smart=true&amp;width=992&amp;height=661&amp;quality=85\" media=\"(min-width: 1000px)\"\/><source srcset=\"https:\/\/www.infobae.com\/resizer\/v2\/GEQ6SFZTBVEO7ORHDO6ONMMO2Y.jpg?auth=b6bb91b390d87ec994848341f2b5ee8e1dbcf1ab8906491cc616d173330bbc99&amp;smart=true&amp;width=768&amp;height=512&amp;quality=85\" media=\"(min-width: 768px)\"\/><source srcset=\"https:\/\/www.infobae.com\/resizer\/v2\/GEQ6SFZTBVEO7ORHDO6ONMMO2Y.jpg?auth=b6bb91b390d87ec994848341f2b5ee8e1dbcf1ab8906491cc616d173330bbc99&amp;smart=true&amp;width=577&amp;height=385&amp;quality=85\" media=\"(min-width: 580px)\"\/><source srcset=\"https:\/\/www.infobae.com\/resizer\/v2\/GEQ6SFZTBVEO7ORHDO6ONMMO2Y.jpg?auth=b6bb91b390d87ec994848341f2b5ee8e1dbcf1ab8906491cc616d173330bbc99&amp;smart=true&amp;width=420&amp;height=280&amp;quality=85\" media=\"(min-width: 350px)\"\/><source srcset=\"https:\/\/www.infobae.com\/resizer\/v2\/GEQ6SFZTBVEO7ORHDO6ONMMO2Y.jpg?auth=b6bb91b390d87ec994848341f2b5ee8e1dbcf1ab8906491cc616d173330bbc99&amp;smart=true&amp;width=350&amp;height=233&amp;quality=85\" media=\"(min-width: 80px)\"\/><img alt=\"Hasta el momento el papa\" class=\"global-image\" decoding=\"async\" fetchpriority=\"low\" height=\"1280\" loading=\"lazy\" src=\"https:\/\/www.infobae.com\/resizer\/v2\/GEQ6SFZTBVEO7ORHDO6ONMMO2Y.jpg?auth=b6bb91b390d87ec994848341f2b5ee8e1dbcf1ab8906491cc616d173330bbc99&amp;smart=true&amp;width=350&amp;height=233&amp;quality=85\" width=\"1920\"\/><\/picture><figcaption class=\"article-figcaption-img\">Hasta el momento el papa no ha tomado decisiones mayores.<\/figcaption><\/div>\n<p class=\"paragraph\"><b>\u201cNo simp\u00e1tico, pero emp\u00e1tico\u201d<\/b>, se escucha sobre la manera de relacionarse con las masas de fieles.<\/p>\n<p class=\"paragraph\">Se han destacado las se\u00f1ales de pacificaci\u00f3n mostradas por el nuevo l\u00edder de la Iglesia cat\u00f3lica tras algunas turbulencias, como el env\u00edo del cardenal Robert Sarah, considerado un ultraconservador y enfrentado a Francisco durante su pontificado, como representante del papa para una celebraci\u00f3n jubilar en Sainte-Anne d\u2019Auray, Francia.<\/p>\n<p class=\"paragraph\">En los varios discursos que el papa, con pasaporte tambi\u00e9n peruano, ha pronunciado en estos 100 d\u00edas, no ha habido grandes sorpresas: <b>ha defendido la familia \u201cformada \u00fanicamente por un hombre y una mujer\u201d, la vida en todas sus fases y la necesidad de protecci\u00f3n del medio ambiente; y ha condenado al rearme<\/b>.<\/p>\n<p class=\"paragraph\">Pero en este mundo en crisis por los numerosos conflictos, Le\u00f3n XIV ha reiterado en muchas ocasiones su petici\u00f3n para conseguir la paz y una inclinaci\u00f3n diplom\u00e1tica aunque siempre marcada por la prudencia.<\/p>\n<div class=\"visual__image\"><picture><source srcset=\"https:\/\/www.infobae.com\/resizer\/v2\/AKBO7ORBYFAFHDNSSEJIBMZBFA.jpg?auth=4f2f8aa848c7d2d82df796e7e6a73fc0d92207b60f22ee92355d7b4e05fb690e&amp;smart=true&amp;width=992&amp;height=551&amp;quality=85\" media=\"(min-width: 1000px)\"\/><source srcset=\"https:\/\/www.infobae.com\/resizer\/v2\/AKBO7ORBYFAFHDNSSEJIBMZBFA.jpg?auth=4f2f8aa848c7d2d82df796e7e6a73fc0d92207b60f22ee92355d7b4e05fb690e&amp;smart=true&amp;width=768&amp;height=427&amp;quality=85\" media=\"(min-width: 768px)\"\/><source srcset=\"https:\/\/www.infobae.com\/resizer\/v2\/AKBO7ORBYFAFHDNSSEJIBMZBFA.jpg?auth=4f2f8aa848c7d2d82df796e7e6a73fc0d92207b60f22ee92355d7b4e05fb690e&amp;smart=true&amp;width=577&amp;height=321&amp;quality=85\" media=\"(min-width: 580px)\"\/><source srcset=\"https:\/\/www.infobae.com\/resizer\/v2\/AKBO7ORBYFAFHDNSSEJIBMZBFA.jpg?auth=4f2f8aa848c7d2d82df796e7e6a73fc0d92207b60f22ee92355d7b4e05fb690e&amp;smart=true&amp;width=420&amp;height=233&amp;quality=85\" media=\"(min-width: 350px)\"\/><source srcset=\"https:\/\/www.infobae.com\/resizer\/v2\/AKBO7ORBYFAFHDNSSEJIBMZBFA.jpg?auth=4f2f8aa848c7d2d82df796e7e6a73fc0d92207b60f22ee92355d7b4e05fb690e&amp;smart=true&amp;width=350&amp;height=195&amp;quality=85\" media=\"(min-width: 80px)\"\/><img alt=\"El papa Le\u00f3n XIV con\" class=\"global-image\" decoding=\"async\" fetchpriority=\"low\" height=\"1067\" loading=\"lazy\" src=\"https:\/\/www.infobae.com\/resizer\/v2\/AKBO7ORBYFAFHDNSSEJIBMZBFA.jpg?auth=4f2f8aa848c7d2d82df796e7e6a73fc0d92207b60f22ee92355d7b4e05fb690e&amp;smart=true&amp;width=350&amp;height=195&amp;quality=85\" width=\"1920\"\/><\/picture><figcaption class=\"article-figcaption-img\">El papa Le\u00f3n XIV con evangelizadores digitales<\/figcaption><\/div>\n<p class=\"paragraph\">Se han repetido sus llamamientos para acabar con los conflictos en el mundo y ha condenado los ataques en Gaza que est\u00e1n llevando a la hambruna a su poblaci\u00f3n, pero elige momentos determinados para lanzarlos. Por ejemplo, han desaparecido de las audiencias generales.<\/p>\n<p class=\"paragraph\">Ofreci\u00f3 el Vaticano como punto de encuentro para las negociaciones entre Rusia y Ucrania, y sin importarle la negativa de Rusia, habl\u00f3 posteriormente con el presidente Vladimir Putin y recibi\u00f3 al emisario del patriarca ruso ortodoxo, Cirilo. Y en estos pocos d\u00edas ya ha recibido en dos ocasiones al presidente ucraniano Volodimir Zelensky. <\/p>\n<p class=\"paragraph\"><i>(con informaci\u00f3n de EFE)<\/i><\/p>\n<\/div>\n<p><script type=\"didomi\/javascript\" data-vendor=\"facebook\" defer=\"\">try{!function(f,b,e,v,n,t,s) {if(f.fbq)return;n=f.fbq=function(){n.callMethod? n.callMethod.apply(n,arguments):n.queue.push(arguments)}; if(!f._fbq)f._fbq=n;n.push=n;n.loaded=!0;n.version='2.0'; n.queue=[];t=b.createElement(e);t.async=!0; t.src=v;s=b.getElementsByTagName(e)[0]; s.parentNode.insertBefore(t,s)}(window, document,'script', ' fbq('init', '336383993555320'); fbq('track', 'PageView'); fbq('track', 'ViewContent');}catch(error){console.log(\"Error al inicializar facebookPixelRawCodeScript:\",error);}<\/script><\/p>\n","protected":false},"excerpt":{"rendered":"<p>Imagen de Le\u00f3n XIV. EFE\/ANGELO CARCONI El papa Le\u00f3n XIV cumple 100 d\u00edas de pontificado, desde aquel 8 de mayo en el que se asom\u00f3 al balc\u00f3n de la fachada de la bas\u00edlica de San Pedro, y que han estado marcados por su car\u00e1cter reservado, una total prudencia, ya que a\u00fan no ha tomado decisiones [&hellip;]<\/p>\n","protected":false},"author":2,"featured_media":47670,"comment_status":"","ping_status":"","sticky":false,"template":"","format":"standard","meta":{"footnotes":""},"categories":[3],"tags":[],"_links":{"self":[{"href":"https:\/\/maxradio923.com.ar\/index.php\/wp-json\/wp\/v2\/posts\/47669"}],"collection":[{"href":"https:\/\/maxradio923.com.ar\/index.php\/wp-json\/wp\/v2\/posts"}],"about":[{"href":"https:\/\/maxradio923.com.ar\/index.php\/wp-json\/wp\/v2\/types\/post"}],"author":[{"embeddable":true,"href":"https:\/\/maxradio923.com.ar\/index.php\/wp-json\/wp\/v2\/users\/2"}],"replies":[{"embeddable":true,"href":"https:\/\/maxradio923.com.ar\/index.php\/wp-json\/wp\/v2\/comments?post=47669"}],"version-history":[{"count":0,"href":"https:\/\/maxradio923.com.ar\/index.php\/wp-json\/wp\/v2\/posts\/47669\/revisions"}],"wp:featuredmedia":[{"embeddable":true,"href":"https:\/\/maxradio923.com.ar\/index.php\/wp-json\/wp\/v2\/media\/47670"}],"wp:attachment":[{"href":"https:\/\/maxradio923.com.ar\/index.php\/wp-json\/wp\/v2\/media?parent=47669"}],"wp:term":[{"taxonomy":"category","embeddable":true,"href":"https:\/\/maxradio923.com.ar\/index.php\/wp-json\/wp\/v2\/categories?post=47669"},{"taxonomy":"post_tag","embeddable":true,"href":"https:\/\/maxradio923.com.ar\/index.php\/wp-json\/wp\/v2\/tags?post=47669"}],"curies":[{"name":"wp","href":"https:\/\/api.w.org\/{rel}","templated":true}]}}