{"id":47667,"date":"2025-08-14T08:10:12","date_gmt":"2025-08-14T11:10:12","guid":{"rendered":"https:\/\/maxradio923.com.ar\/index.php\/2025\/08\/14\/el-kremlin-confirmo-la-agenda-y-los-horarios-de-la-reunion-entre-putin-y-trump\/"},"modified":"2025-08-14T08:10:12","modified_gmt":"2025-08-14T11:10:12","slug":"el-kremlin-confirmo-la-agenda-y-los-horarios-de-la-reunion-entre-putin-y-trump","status":"publish","type":"post","link":"https:\/\/maxradio923.com.ar\/index.php\/2025\/08\/14\/el-kremlin-confirmo-la-agenda-y-los-horarios-de-la-reunion-entre-putin-y-trump\/","title":{"rendered":"El Kremlin confirm\u00f3 la agenda y los horarios de la reuni\u00f3n entre Putin y Trump"},"content":{"rendered":"<p><\/p>\n<div>\n<div class=\"visual__image image-initial-width\"><picture><source srcset=\"https:\/\/www.infobae.com\/resizer\/v2\/2ALXNJR3SZF5DO4XJLXMR242RM.jpg?auth=6dce3f277a31018027cd08f74bd0757076749546303b34614a8bf4e2d1a3d53d&amp;smart=true&amp;width=992&amp;height=661&amp;quality=85\" media=\"(min-width: 1000px)\"\/><source srcset=\"https:\/\/www.infobae.com\/resizer\/v2\/2ALXNJR3SZF5DO4XJLXMR242RM.jpg?auth=6dce3f277a31018027cd08f74bd0757076749546303b34614a8bf4e2d1a3d53d&amp;smart=true&amp;width=768&amp;height=512&amp;quality=85\" media=\"(min-width: 768px)\"\/><source srcset=\"https:\/\/www.infobae.com\/resizer\/v2\/2ALXNJR3SZF5DO4XJLXMR242RM.jpg?auth=6dce3f277a31018027cd08f74bd0757076749546303b34614a8bf4e2d1a3d53d&amp;smart=true&amp;width=577&amp;height=385&amp;quality=85\" media=\"(min-width: 580px)\"\/><source srcset=\"https:\/\/www.infobae.com\/resizer\/v2\/2ALXNJR3SZF5DO4XJLXMR242RM.jpg?auth=6dce3f277a31018027cd08f74bd0757076749546303b34614a8bf4e2d1a3d53d&amp;smart=true&amp;width=420&amp;height=280&amp;quality=85\" media=\"(min-width: 350px)\"\/><source srcset=\"https:\/\/www.infobae.com\/resizer\/v2\/2ALXNJR3SZF5DO4XJLXMR242RM.jpg?auth=6dce3f277a31018027cd08f74bd0757076749546303b34614a8bf4e2d1a3d53d&amp;smart=true&amp;width=350&amp;height=233&amp;quality=85\" media=\"(min-width: 80px)\"\/><img alt=\"El presidente de Estados Unidos,\" class=\"global-image\" decoding=\"async\" fetchpriority=\"high\" height=\"3414\" loading=\"eager\" src=\"https:\/\/www.infobae.com\/resizer\/v2\/2ALXNJR3SZF5DO4XJLXMR242RM.jpg?auth=6dce3f277a31018027cd08f74bd0757076749546303b34614a8bf4e2d1a3d53d&amp;smart=true&amp;width=350&amp;height=233&amp;quality=85\" width=\"5121\"\/><\/picture><figcaption class=\"article-figcaption-img\">El presidente de Estados Unidos, Donald Trump, habla durante una reuni\u00f3n con su par de Rusia, Vladimir Putin, en una cumbre del G20, el 7 de julio de 2017, en Hamburgo (AP Foto\/Evan Vucci\/Archivo)<\/figcaption><\/div>\n<p class=\"paragraph\">Los presidentes de Rusia, <b>Vladimir Putin<\/b>, y de Estados Unidos, <b>Donald Trump<\/b>, comenzar\u00e1n a las <b>11:30 hora local<\/b> (<b>19.30 GMT<\/b>) del viernes su cumbre en una <b>base militar en Alaska<\/b>, seg\u00fan inform\u00f3 el Kremlin.<\/p>\n<p class=\"paragraph\">\u201cEvidentemente, <b>el tema central ser\u00e1 el arreglo de la crisis ucraniana<\/b>\u201c, dijo en rueda de prensa telef\u00f3nica <b>Yuri Ushakov<\/b>, asesor del <b>Kremlin<\/b> para pol\u00edtica internacional.<\/p>\n<p class=\"paragraph\">Primero habr\u00e1 un \u201c<b>cara a cara<\/b>\u201d entre ambos mandatarios; posteriormente, se sumar\u00e1n delegaciones integradas por <b>cinco altos funcionarios<\/b>, lo que incluir\u00e1 un \u201c<b>desayuno de trabajo<\/b>\u201d, consign\u00f3.<\/p>\n<p class=\"paragraph\">Como ya hab\u00eda adelantado la <b>Casa Blanca<\/b>, la reuni\u00f3n tendr\u00e1 lugar en la base militar <b>Elmendorf-Richardson<\/b>, cerca de la capital de <b>Alaska<\/b>, <b>Anchorage<\/b>.<\/p>\n<div class=\"visual__image\"><picture><source srcset=\"https:\/\/www.infobae.com\/resizer\/v2\/43ZUME5QG5EWJGETFPJPIGQW7E.jpg?auth=57307bfe985c43aab4ee9d8171d9ad875c0436da11b1ba66eb8a18f571e35c3e&amp;smart=true&amp;width=992&amp;height=708&amp;quality=85\" media=\"(min-width: 1000px)\"\/><source srcset=\"https:\/\/www.infobae.com\/resizer\/v2\/43ZUME5QG5EWJGETFPJPIGQW7E.jpg?auth=57307bfe985c43aab4ee9d8171d9ad875c0436da11b1ba66eb8a18f571e35c3e&amp;smart=true&amp;width=768&amp;height=548&amp;quality=85\" media=\"(min-width: 768px)\"\/><source srcset=\"https:\/\/www.infobae.com\/resizer\/v2\/43ZUME5QG5EWJGETFPJPIGQW7E.jpg?auth=57307bfe985c43aab4ee9d8171d9ad875c0436da11b1ba66eb8a18f571e35c3e&amp;smart=true&amp;width=577&amp;height=412&amp;quality=85\" media=\"(min-width: 580px)\"\/><source srcset=\"https:\/\/www.infobae.com\/resizer\/v2\/43ZUME5QG5EWJGETFPJPIGQW7E.jpg?auth=57307bfe985c43aab4ee9d8171d9ad875c0436da11b1ba66eb8a18f571e35c3e&amp;smart=true&amp;width=420&amp;height=300&amp;quality=85\" media=\"(min-width: 350px)\"\/><source srcset=\"https:\/\/www.infobae.com\/resizer\/v2\/43ZUME5QG5EWJGETFPJPIGQW7E.jpg?auth=57307bfe985c43aab4ee9d8171d9ad875c0436da11b1ba66eb8a18f571e35c3e&amp;smart=true&amp;width=350&amp;height=250&amp;quality=85\" media=\"(min-width: 80px)\"\/><img alt=\"Donald Trump, presidente de Estados\" class=\"global-image\" decoding=\"async\" fetchpriority=\"low\" height=\"1370\" loading=\"lazy\" src=\"https:\/\/www.infobae.com\/resizer\/v2\/43ZUME5QG5EWJGETFPJPIGQW7E.jpg?auth=57307bfe985c43aab4ee9d8171d9ad875c0436da11b1ba66eb8a18f571e35c3e&amp;smart=true&amp;width=350&amp;height=250&amp;quality=85\" width=\"1920\"\/><\/picture><figcaption class=\"article-figcaption-img\">Donald Trump, presidente de Estados Unidos (Europa Press)<\/figcaption><\/div>\n<p class=\"paragraph\">La delegaci\u00f3n rusa incluir\u00e1 al propio <b>Ushakov<\/b>; a los ministros de Exteriores, <b>Sergu\u00e9i Lavrov<\/b>; de Defensa, <b>Andr\u00e9i Belo\u00fasov<\/b>; y de Finanzas, <b>Ant\u00f3n Silu\u00e1nov<\/b>; as\u00ed como al enviado del Kremlin para cooperaci\u00f3n econ\u00f3mica con EEUU, <b>Kiril Dm\u00edtriev<\/b>.<\/p>\n<p class=\"paragraph\">Adem\u00e1s de <b>Ucrania<\/b>, otros asuntos a tratar ser\u00e1n \u201cla garant\u00eda de la paz y seguridad, y los m\u00e1s candentes temas regionales e internacionales\u201c, resalt\u00f3.<\/p>\n<p class=\"paragraph\">\u201cSe espera un intercambio de opiniones relativo al futuro desarrollo de la <b>cooperaci\u00f3n bilateral<\/b>, incluido en el \u00e1mbito <b>econ\u00f3mico-comercial<\/b>. Destaco que esta cooperaci\u00f3n tiene un enorme potencial que, lamentablemente, no ha sido a\u00fan aprovechado&#8221;, dijo.<\/p>\n<div class=\"visual__image\"><picture><source srcset=\"https:\/\/www.infobae.com\/resizer\/v2\/MKCFEVH5XZDAPO5JHZDRICYALY.jpg?auth=1d71990ae8e60bfba70e11667235ce317feb5db2cae1fccbf1680d38c6e92282&amp;smart=true&amp;width=992&amp;height=674&amp;quality=85\" media=\"(min-width: 1000px)\"\/><source srcset=\"https:\/\/www.infobae.com\/resizer\/v2\/MKCFEVH5XZDAPO5JHZDRICYALY.jpg?auth=1d71990ae8e60bfba70e11667235ce317feb5db2cae1fccbf1680d38c6e92282&amp;smart=true&amp;width=768&amp;height=522&amp;quality=85\" media=\"(min-width: 768px)\"\/><source srcset=\"https:\/\/www.infobae.com\/resizer\/v2\/MKCFEVH5XZDAPO5JHZDRICYALY.jpg?auth=1d71990ae8e60bfba70e11667235ce317feb5db2cae1fccbf1680d38c6e92282&amp;smart=true&amp;width=577&amp;height=392&amp;quality=85\" media=\"(min-width: 580px)\"\/><source srcset=\"https:\/\/www.infobae.com\/resizer\/v2\/MKCFEVH5XZDAPO5JHZDRICYALY.jpg?auth=1d71990ae8e60bfba70e11667235ce317feb5db2cae1fccbf1680d38c6e92282&amp;smart=true&amp;width=420&amp;height=285&amp;quality=85\" media=\"(min-width: 350px)\"\/><source srcset=\"https:\/\/www.infobae.com\/resizer\/v2\/MKCFEVH5XZDAPO5JHZDRICYALY.jpg?auth=1d71990ae8e60bfba70e11667235ce317feb5db2cae1fccbf1680d38c6e92282&amp;smart=true&amp;width=350&amp;height=238&amp;quality=85\" media=\"(min-width: 80px)\"\/><img alt=\"El presidente ruso, Vladimir Putin\" class=\"global-image\" decoding=\"async\" fetchpriority=\"low\" height=\"5103\" loading=\"lazy\" src=\"https:\/\/www.infobae.com\/resizer\/v2\/MKCFEVH5XZDAPO5JHZDRICYALY.jpg?auth=1d71990ae8e60bfba70e11667235ce317feb5db2cae1fccbf1680d38c6e92282&amp;smart=true&amp;width=350&amp;height=238&amp;quality=85\" width=\"7509\"\/><\/picture><figcaption class=\"article-figcaption-img\">El presidente ruso, Vladimir Putin (Vyacheslav Prokofyev, Sputnik, Kremlin Pool Photo via AP)<\/figcaption><\/div>\n<p class=\"paragraph\"><b>Ushakov<\/b> mencion\u00f3 que cerca de la base existe un <b>cementerio<\/b> en el que est\u00e1n enterrados once militares \u2014nueve de ellos pilotos\u2014 y dos ciudadanos sovi\u00e9ticos que murieron entre 1942 y 1945 al intentar trasladar los aviones que les hab\u00eda suministrado Estados Unidos.<\/p>\n<p class=\"paragraph\">\u201cAs\u00ed que, <b>la reuni\u00f3n tendr\u00e1 lugar cerca de un lugar importante hist\u00f3ricamente y que recuerda la hermandad militar entre los pueblos de nuestros pa\u00edses<\/b>. Y eso es especialmente simb\u00f3lico en el 80 aniversario de la victoria sobre la Alemania nazi y el imperialista Jap\u00f3n\u201c, afirm\u00f3.<\/p>\n<p class=\"paragraph\">Al t\u00e9rmino de las conversaciones, precis\u00f3, habr\u00e1 una <b>rueda de prensa conjunta<\/b>, tras lo que la delegaci\u00f3n rusa abandonar\u00e1 \u201c<b>de inmediato<\/b>\u201d el territorio estadounidense.<\/p>\n<p class=\"paragraph\">Seg\u00fan la prensa rusa e internacional, Putin y Trump abordar\u00e1n este viernes todo el espectro de asuntos relativos a las negociaciones de paz entre Rusia y Ucrania, desde la <b>cuesti\u00f3n territorial<\/b> hasta <b>un posible alto el fuego<\/b>, sea solo a\u00e9reo o total.<\/p>\n<p class=\"paragraph\">El presidente ucraniano, <b>Volodimir Zelensky<\/b>, ha advertido que <b>Kiev no aceptar\u00e1 ninguna propuesta que no sea consensuada con Ucrania<\/b>, aspecto en lo que ha recibido el total apoyo esta semana de los principales l\u00edderes europeos.<\/p>\n<div class=\"visual__image\"><picture><source srcset=\"https:\/\/www.infobae.com\/resizer\/v2\/GPMHMMC2KRHB3KACKBFMC3QZRM.JPG?auth=a71320f9caf441d5d0471d1371ad1fc631814b8245258226f938beaf61f8b20c&amp;smart=true&amp;width=992&amp;height=662&amp;quality=85\" media=\"(min-width: 1000px)\"\/><source srcset=\"https:\/\/www.infobae.com\/resizer\/v2\/GPMHMMC2KRHB3KACKBFMC3QZRM.JPG?auth=a71320f9caf441d5d0471d1371ad1fc631814b8245258226f938beaf61f8b20c&amp;smart=true&amp;width=768&amp;height=513&amp;quality=85\" media=\"(min-width: 768px)\"\/><source srcset=\"https:\/\/www.infobae.com\/resizer\/v2\/GPMHMMC2KRHB3KACKBFMC3QZRM.JPG?auth=a71320f9caf441d5d0471d1371ad1fc631814b8245258226f938beaf61f8b20c&amp;smart=true&amp;width=577&amp;height=385&amp;quality=85\" media=\"(min-width: 580px)\"\/><source srcset=\"https:\/\/www.infobae.com\/resizer\/v2\/GPMHMMC2KRHB3KACKBFMC3QZRM.JPG?auth=a71320f9caf441d5d0471d1371ad1fc631814b8245258226f938beaf61f8b20c&amp;smart=true&amp;width=420&amp;height=280&amp;quality=85\" media=\"(min-width: 350px)\"\/><source srcset=\"https:\/\/www.infobae.com\/resizer\/v2\/GPMHMMC2KRHB3KACKBFMC3QZRM.JPG?auth=a71320f9caf441d5d0471d1371ad1fc631814b8245258226f938beaf61f8b20c&amp;smart=true&amp;width=350&amp;height=234&amp;quality=85\" media=\"(min-width: 80px)\"\/><img alt=\"El presidente franc\u00e9s, Emmanuel Macron;\" class=\"global-image\" decoding=\"async\" fetchpriority=\"low\" height=\"534\" loading=\"lazy\" src=\"https:\/\/www.infobae.com\/resizer\/v2\/GPMHMMC2KRHB3KACKBFMC3QZRM.JPG?auth=a71320f9caf441d5d0471d1371ad1fc631814b8245258226f938beaf61f8b20c&amp;smart=true&amp;width=350&amp;height=234&amp;quality=85\" width=\"800\"\/><\/picture><figcaption class=\"article-figcaption-img\">El presidente franc\u00e9s, Emmanuel Macron; Antonio Costa; presidente del Consejo Europeo; el ministro franc\u00e9s para Europa y Asuntos Exteriores, Jean-No\u00ebl Barrot; y el ministro de las Fuerzas Armadas de Francia, S\u00e9bastien Lecornu, asisten a una videoconferencia con el presidente ucraniano, Volodimir Zelensky, y el canciller alem\u00e1n, Friedrich Merz, para hablar sobre la guerra en curso en Ucrania, en Fort de Bregancon en Bormes-les-Mimosas, Francia, el 13 de agosto de 2025 (PHILIPPE MAGONI\/Pool v\u00eda Reuters)<\/figcaption><\/div>\n<p class=\"paragraph\">En tanto, los aliados de Ucrania en la denominada <b>Coalici\u00f3n de Voluntarios<\/b>, encabezados por <b>Francia<\/b>, el <b>Reino Unido<\/b> y <b>Alemania<\/b>, advirtieron este mi\u00e9rcoles que <b>exigir\u00e1n endurecer las sanciones a Rusia<\/b><b> si su presidente, Vladimir Putin, no acepta un alto el fuego<\/b> en la cumbre prevista para el viernes en Alaska con el presidente estadounidense Donald Trump, seg\u00fan una declaraci\u00f3n conjunta difundida tras una videoconferencia de l\u00edderes europeos y aliados.<\/p>\n<p class=\"paragraph\">La reuni\u00f3n virtual, presidida por el presidente franc\u00e9s <b>Emmanuel Macron<\/b>, el primer ministro brit\u00e1nico <b>Keir Starmer<\/b> y el canciller alem\u00e1n <b>Friedrich Merz<\/b>, cont\u00f3 con la participaci\u00f3n del presidente ucraniano <b>Volodimir Zelensky<\/b>, el vicepresidente estadounidense <b>J.D. Vance<\/b> y otros jefes de Estado y de Gobierno, entre ellos el presidente del Gobierno espa\u00f1ol <b>Pedro S\u00e1nchez<\/b>.<\/p>\n<p class=\"paragraph\">Seg\u00fan el comunicado firmado por los l\u00edderes, la Coalici\u00f3n de Voluntarios, compuesta por m\u00e1s de una treintena de pa\u00edses, ratific\u00f3 su disposici\u00f3n a \u201c<b>tener un papel activo en las garant\u00edas de seguridad para Ucrania<\/b>\u201d y a desplegar una \u201c<b>fuerza de reaseguro<\/b>\u201d una vez se logre un alto el fuego.<\/p>\n<p class=\"paragraph\">La coalici\u00f3n subray\u00f3 que \u201cno deber\u00eda imponerse ninguna restricci\u00f3n a las fuerzas armadas ucranianas ni a su cooperaci\u00f3n con terceros pa\u00edses\u201d y enfatiz\u00f3 que Rusia no tiene derecho de veto sobre el camino de Ucrania hacia la Uni\u00f3n Europea (UE) y la Organizaci\u00f3n del Tratado del Atl\u00e1ntico Norte (OTAN).<\/p>\n<\/div>\n<p><script type=\"didomi\/javascript\" data-vendor=\"facebook\" defer=\"\">try{!function(f,b,e,v,n,t,s) {if(f.fbq)return;n=f.fbq=function(){n.callMethod? n.callMethod.apply(n,arguments):n.queue.push(arguments)}; if(!f._fbq)f._fbq=n;n.push=n;n.loaded=!0;n.version='2.0'; n.queue=[];t=b.createElement(e);t.async=!0; t.src=v;s=b.getElementsByTagName(e)[0]; s.parentNode.insertBefore(t,s)}(window, document,'script', ' fbq('init', '336383993555320'); fbq('track', 'PageView'); fbq('track', 'ViewContent');}catch(error){console.log(\"Error al inicializar facebookPixelRawCodeScript:\",error);}<\/script><\/p>\n","protected":false},"excerpt":{"rendered":"<p>El presidente de Estados Unidos, Donald Trump, habla durante una reuni\u00f3n con su par de Rusia, Vladimir Putin, en una cumbre del G20, el 7 de julio de 2017, en Hamburgo (AP Foto\/Evan Vucci\/Archivo) Los presidentes de Rusia, Vladimir Putin, y de Estados Unidos, Donald Trump, comenzar\u00e1n a las 11:30 hora local (19.30 GMT) del [&hellip;]<\/p>\n","protected":false},"author":2,"featured_media":47668,"comment_status":"","ping_status":"","sticky":false,"template":"","format":"standard","meta":{"footnotes":""},"categories":[3],"tags":[],"_links":{"self":[{"href":"https:\/\/maxradio923.com.ar\/index.php\/wp-json\/wp\/v2\/posts\/47667"}],"collection":[{"href":"https:\/\/maxradio923.com.ar\/index.php\/wp-json\/wp\/v2\/posts"}],"about":[{"href":"https:\/\/maxradio923.com.ar\/index.php\/wp-json\/wp\/v2\/types\/post"}],"author":[{"embeddable":true,"href":"https:\/\/maxradio923.com.ar\/index.php\/wp-json\/wp\/v2\/users\/2"}],"replies":[{"embeddable":true,"href":"https:\/\/maxradio923.com.ar\/index.php\/wp-json\/wp\/v2\/comments?post=47667"}],"version-history":[{"count":0,"href":"https:\/\/maxradio923.com.ar\/index.php\/wp-json\/wp\/v2\/posts\/47667\/revisions"}],"wp:featuredmedia":[{"embeddable":true,"href":"https:\/\/maxradio923.com.ar\/index.php\/wp-json\/wp\/v2\/media\/47668"}],"wp:attachment":[{"href":"https:\/\/maxradio923.com.ar\/index.php\/wp-json\/wp\/v2\/media?parent=47667"}],"wp:term":[{"taxonomy":"category","embeddable":true,"href":"https:\/\/maxradio923.com.ar\/index.php\/wp-json\/wp\/v2\/categories?post=47667"},{"taxonomy":"post_tag","embeddable":true,"href":"https:\/\/maxradio923.com.ar\/index.php\/wp-json\/wp\/v2\/tags?post=47667"}],"curies":[{"name":"wp","href":"https:\/\/api.w.org\/{rel}","templated":true}]}}