{"id":47665,"date":"2025-08-14T07:06:05","date_gmt":"2025-08-14T10:06:05","guid":{"rendered":"https:\/\/maxradio923.com.ar\/index.php\/2025\/08\/14\/israel-confirmo-la-muerte-de-un-alto-comandante-de-hamas-que-participo-en-el-secuestro-de-tres-militares\/"},"modified":"2025-08-14T07:06:05","modified_gmt":"2025-08-14T10:06:05","slug":"israel-confirmo-la-muerte-de-un-alto-comandante-de-hamas-que-participo-en-el-secuestro-de-tres-militares","status":"publish","type":"post","link":"https:\/\/maxradio923.com.ar\/index.php\/2025\/08\/14\/israel-confirmo-la-muerte-de-un-alto-comandante-de-hamas-que-participo-en-el-secuestro-de-tres-militares\/","title":{"rendered":"Israel confirm\u00f3 la muerte de un alto comandante de Hamas que particip\u00f3 en el secuestro de tres militares"},"content":{"rendered":"<p><\/p>\n<div>\n<div class=\"jwplayer-ctn\" itemscope=\"\" itemtype=\"https:\/\/schema.org\/VideoObject\"><meta itemprop=\"contentUrl\" content=\"https:\/\/cdn.jwplayer.com\/videos\/yDvubgd6-fXb1KUjK.mp4\"\/><meta itemprop=\"description\" content=\"Israel abati\u00f3 al terrorista Abdullah Saeed Abd al-Baqin, subcomandante de Hamas\"\/><meta itemprop=\"duration\" content=\"P0Y0M0DT0H0M6S\"\/><meta itemprop=\"name\" content=\"Israel abati\u00f3 al terrorista Abdullah Saeed Abd al-Baqin, subcomandante de Hamas\"\/><meta itemprop=\"thumbnailUrl\" content=\"https:\/\/cdn.jwplayer.com\/v2\/media\/yDvubgd6\/poster.jpg?width=720\"\/><meta itemprop=\"uploadDate\" content=\"2025-08-13T17:32:17.000Z\"\/><figcaption class=\"jwplayer-figcaption\">Israel abati\u00f3 al terrorista Abdullah Saeed Abd al-Baqin, subcomandante de Hamas<\/figcaption><\/div>\n<p class=\"paragraph\">Las <b>Fuerzas de Defensa de <\/b><b>Israel<\/b><b> (FDI)<\/b> y el <b>Shin Bet<\/b> (la agencia de seguridad interior israel\u00ed) anunciaron este mi\u00e9rcoles la eliminaci\u00f3n de <b>Abdullah Saeed Abdel Baqin<\/b>, quien ejerc\u00eda como subcomandante de la compa\u00f1\u00eda <b>Nukhba<\/b> en el Batall\u00f3n Central de Jabalia del grupo terrorista <b>Hamas<\/b>, seg\u00fan un comunicado conjunto. <\/p>\n<p class=\"paragraph\">Baqin fue <b>abatido en una operaci\u00f3n militar llevada a cabo el 7 de agosto en Gaza<\/b>, donde, seg\u00fan la informaci\u00f3n oficial, dirig\u00eda la ejecuci\u00f3n de ataques y secuestros y <b>particip\u00f3 activamente en la incursi\u00f3n del 7 de octubre de 2023 en territorio israel\u00ed.<\/b><\/p>\n<p class=\"paragraph\">Seg\u00fan el parte de las FDI, Baqin <b>form\u00f3 parte de la incursi\u00f3n a la base de Erez y el secuestro de los soldados Ron Sherman, Nick Beiser y Tamir Nimrodi. <\/b>El diario <i>The Times of Israel<\/i> ha reportado que los cuerpos de Sherman y Beiser fueron recuperados sin vida tras su cautiverio, mientras que <b>Nimrodi contin\u00faa como reh\u00e9n en la Franja<\/b>. <\/p>\n<p class=\"paragraph\">El ej\u00e9rcito israel\u00ed atribuy\u00f3 a Baqin la promoci\u00f3n de numerosos ataques contra sus fuerzas y responsabilidades en la planificaci\u00f3n de complots en la regi\u00f3n, indicando que <b>\u201cdurante la guerra promovi\u00f3 numerosos complots terroristas contra las FDI\u201d.<\/b><\/p>\n<p class=\"paragraph\">El operativo en el que falleci\u00f3 Baqin se produce en medio de lo que los responsables militares de Israel califican como la <b>\u201cetapa inicial de una nueva fase\u201d del conflicto en Gaza.<\/b> El jefe del Estado Mayor israel\u00ed, Eyal Zamir, expres\u00f3 el lunes que el objetivo prioritario sigue siendo la protecci\u00f3n y recuperaci\u00f3n de los rehenes restantes. \u201cHaremos todo para proteger a los rehenes y traerlos a casa\u201d, declar\u00f3.<\/p>\n<p class=\"paragraph\">Horas antes de este anuncio, varias fuentes palestinas reportaron el bombardeo m\u00e1s intenso de las \u00faltimas semanas en zonas al este de <b>Ciudad de Gaza<\/b>, tras la declaraci\u00f3n del primer ministro <b>Benjamin Netanyahu<\/b> sobre la preparaci\u00f3n de una ofensiva ampliada en la Franja, con el objetivo de completarla \u201cpronto\u201d.<\/p>\n<div class=\"visual__image\"><picture><source srcset=\"https:\/\/www.infobae.com\/resizer\/v2\/57MSTQKBJJF5NOTJIY3QLTLUVI.jpg?auth=ffc2e3e6438f2a94afb6df383a28c9940b9e3360ea999edd3b2035aa51fd04ad&amp;smart=true&amp;width=992&amp;height=558&amp;quality=85\" media=\"(min-width: 1000px)\"\/><source srcset=\"https:\/\/www.infobae.com\/resizer\/v2\/57MSTQKBJJF5NOTJIY3QLTLUVI.jpg?auth=ffc2e3e6438f2a94afb6df383a28c9940b9e3360ea999edd3b2035aa51fd04ad&amp;smart=true&amp;width=768&amp;height=432&amp;quality=85\" media=\"(min-width: 768px)\"\/><source srcset=\"https:\/\/www.infobae.com\/resizer\/v2\/57MSTQKBJJF5NOTJIY3QLTLUVI.jpg?auth=ffc2e3e6438f2a94afb6df383a28c9940b9e3360ea999edd3b2035aa51fd04ad&amp;smart=true&amp;width=577&amp;height=325&amp;quality=85\" media=\"(min-width: 580px)\"\/><source srcset=\"https:\/\/www.infobae.com\/resizer\/v2\/57MSTQKBJJF5NOTJIY3QLTLUVI.jpg?auth=ffc2e3e6438f2a94afb6df383a28c9940b9e3360ea999edd3b2035aa51fd04ad&amp;smart=true&amp;width=420&amp;height=236&amp;quality=85\" media=\"(min-width: 350px)\"\/><source srcset=\"https:\/\/www.infobae.com\/resizer\/v2\/57MSTQKBJJF5NOTJIY3QLTLUVI.jpg?auth=ffc2e3e6438f2a94afb6df383a28c9940b9e3360ea999edd3b2035aa51fd04ad&amp;smart=true&amp;width=350&amp;height=197&amp;quality=85\" media=\"(min-width: 80px)\"\/><img alt=\"Mensaje oficial de las FDI\" class=\"global-image\" decoding=\"async\" fetchpriority=\"low\" height=\"1080\" loading=\"lazy\" src=\"https:\/\/www.infobae.com\/resizer\/v2\/57MSTQKBJJF5NOTJIY3QLTLUVI.jpg?auth=ffc2e3e6438f2a94afb6df383a28c9940b9e3360ea999edd3b2035aa51fd04ad&amp;smart=true&amp;width=350&amp;height=197&amp;quality=85\" width=\"1920\"\/><\/picture><figcaption class=\"article-figcaption-img\">Mensaje oficial de las FDI divulgado este mi\u00e9rcoles: &#8220;Abdullah Seed Abd al Baqin. Subcomandante de la compa\u00f1\u00eda Nukhba que particip\u00f3 en el secuestro de los soldados Tamir Nimrodi, Ron Sherman y Nik Beizer. ELIMINADO&#8221;<\/figcaption><\/div>\n<p class=\"paragraph\">En otro frente, <b>las FDI reportaron la muerte de cinco supuestos terroristas de Hamas que, seg\u00fan la versi\u00f3n oficial, se hac\u00edan pasar por colaboradores de la ONG World Central Kitchen (WCK) durante un ataque a\u00e9reo en Deir al Bal\u00e1, en el centro de Gaza<\/b>. El ej\u00e9rcito indic\u00f3 que los atacados portaban logotipos y chalecos de la organizaci\u00f3n para disfrazar sus actividades y dificultar su identificaci\u00f3n como objetivos militares. Desde WCK, la direcci\u00f3n confirm\u00f3 el contacto con autoridades militares israel\u00edes y aclar\u00f3 que ni el veh\u00edculo ni sus ocupantes formaban parte de su personal. \u201cCondenamos en\u00e9rgicamente a cualquiera que se haga pasar por WCK u otros trabajadores humanitarios, ya que esto pone en peligro a civiles y trabajadores\u201d, public\u00f3 la entidad.<\/p>\n<p class=\"paragraph\">Por su parte, <b>una delegaci\u00f3n de Hamas arrib\u00f3 este mi\u00e9rcoles a El Cairo para iniciar conversaciones de paz con autoridades egipcias.<\/b> Seg\u00fan explic\u00f3 Taher al Nunu, asesor del grupo, el objetivo es explorar v\u00edas para detener la guerra y permitir el ingreso de ayuda humanitaria, adem\u00e1s de abordar la situaci\u00f3n en Cisjordania, Jerusal\u00e9n y la Explanada de las Mezquitas. El bloque de Hamas sostuvo d\u00edas atr\u00e1s su disposici\u00f3n a negociar de inmediato un alto el fuego si se aborda la grave crisis humanitaria en la Franja.<\/p>\n<p class=\"paragraph\">Mientras la cifra de fallecidos sigue en ascenso, el conflicto en Gaza permanece como uno de los epicentros de tensi\u00f3n m\u00e1s cr\u00edticos de la regi\u00f3n, con implicaciones continuas para la seguridad, el panorama humanitario y la estabilidad pol\u00edtica de Israel y los territorios palestinos.<\/p>\n<p class=\"paragraph\"><i>(Con informaci\u00f3n de EP)<\/i><\/p>\n<\/div>\n<p><script type=\"didomi\/javascript\" data-vendor=\"facebook\" defer=\"\">try{!function(f,b,e,v,n,t,s) {if(f.fbq)return;n=f.fbq=function(){n.callMethod? n.callMethod.apply(n,arguments):n.queue.push(arguments)}; if(!f._fbq)f._fbq=n;n.push=n;n.loaded=!0;n.version='2.0'; n.queue=[];t=b.createElement(e);t.async=!0; t.src=v;s=b.getElementsByTagName(e)[0]; s.parentNode.insertBefore(t,s)}(window, document,'script', ' fbq('init', '336383993555320'); fbq('track', 'PageView'); fbq('track', 'ViewContent');}catch(error){console.log(\"Error al inicializar facebookPixelRawCodeScript:\",error);}<\/script><\/p>\n","protected":false},"excerpt":{"rendered":"<p>Israel abati\u00f3 al terrorista Abdullah Saeed Abd al-Baqin, subcomandante de Hamas Las Fuerzas de Defensa de Israel (FDI) y el Shin Bet (la agencia de seguridad interior israel\u00ed) anunciaron este mi\u00e9rcoles la eliminaci\u00f3n de Abdullah Saeed Abdel Baqin, quien ejerc\u00eda como subcomandante de la compa\u00f1\u00eda Nukhba en el Batall\u00f3n Central de Jabalia del grupo terrorista [&hellip;]<\/p>\n","protected":false},"author":2,"featured_media":47666,"comment_status":"","ping_status":"","sticky":false,"template":"","format":"standard","meta":{"footnotes":""},"categories":[3],"tags":[],"_links":{"self":[{"href":"https:\/\/maxradio923.com.ar\/index.php\/wp-json\/wp\/v2\/posts\/47665"}],"collection":[{"href":"https:\/\/maxradio923.com.ar\/index.php\/wp-json\/wp\/v2\/posts"}],"about":[{"href":"https:\/\/maxradio923.com.ar\/index.php\/wp-json\/wp\/v2\/types\/post"}],"author":[{"embeddable":true,"href":"https:\/\/maxradio923.com.ar\/index.php\/wp-json\/wp\/v2\/users\/2"}],"replies":[{"embeddable":true,"href":"https:\/\/maxradio923.com.ar\/index.php\/wp-json\/wp\/v2\/comments?post=47665"}],"version-history":[{"count":0,"href":"https:\/\/maxradio923.com.ar\/index.php\/wp-json\/wp\/v2\/posts\/47665\/revisions"}],"wp:featuredmedia":[{"embeddable":true,"href":"https:\/\/maxradio923.com.ar\/index.php\/wp-json\/wp\/v2\/media\/47666"}],"wp:attachment":[{"href":"https:\/\/maxradio923.com.ar\/index.php\/wp-json\/wp\/v2\/media?parent=47665"}],"wp:term":[{"taxonomy":"category","embeddable":true,"href":"https:\/\/maxradio923.com.ar\/index.php\/wp-json\/wp\/v2\/categories?post=47665"},{"taxonomy":"post_tag","embeddable":true,"href":"https:\/\/maxradio923.com.ar\/index.php\/wp-json\/wp\/v2\/tags?post=47665"}],"curies":[{"name":"wp","href":"https:\/\/api.w.org\/{rel}","templated":true}]}}