{"id":47663,"date":"2025-08-14T06:34:05","date_gmt":"2025-08-14T09:34:05","guid":{"rendered":"https:\/\/maxradio923.com.ar\/index.php\/2025\/08\/14\/mediterraneo-bajo-alerta-cientificos-advierten-que-la-region-enfrentara-sequias-y-lluvias-extremas-en-las-proximas-decadas\/"},"modified":"2025-08-14T06:34:05","modified_gmt":"2025-08-14T09:34:05","slug":"mediterraneo-bajo-alerta-cientificos-advierten-que-la-region-enfrentara-sequias-y-lluvias-extremas-en-las-proximas-decadas","status":"publish","type":"post","link":"https:\/\/maxradio923.com.ar\/index.php\/2025\/08\/14\/mediterraneo-bajo-alerta-cientificos-advierten-que-la-region-enfrentara-sequias-y-lluvias-extremas-en-las-proximas-decadas\/","title":{"rendered":"Mediterr\u00e1neo bajo alerta: cient\u00edficos advierten que la regi\u00f3n enfrentar\u00e1 sequ\u00edas y lluvias extremas en las pr\u00f3ximas d\u00e9cadas"},"content":{"rendered":"<p><\/p>\n<div>\n<div class=\"visual__image image-initial-width\"><picture><source srcset=\"https:\/\/www.infobae.com\/resizer\/v2\/WE54XSDZYBHD5NHETBA3NOFVAY.jpg?auth=10c0e34995e939246b7a6dad348edda9db0abb5bd36fbb35d8306b599379ac5f&amp;smart=true&amp;width=992&amp;height=556&amp;quality=85\" media=\"(min-width: 1000px)\"\/><source srcset=\"https:\/\/www.infobae.com\/resizer\/v2\/WE54XSDZYBHD5NHETBA3NOFVAY.jpg?auth=10c0e34995e939246b7a6dad348edda9db0abb5bd36fbb35d8306b599379ac5f&amp;smart=true&amp;width=768&amp;height=430&amp;quality=85\" media=\"(min-width: 768px)\"\/><source srcset=\"https:\/\/www.infobae.com\/resizer\/v2\/WE54XSDZYBHD5NHETBA3NOFVAY.jpg?auth=10c0e34995e939246b7a6dad348edda9db0abb5bd36fbb35d8306b599379ac5f&amp;smart=true&amp;width=577&amp;height=323&amp;quality=85\" media=\"(min-width: 580px)\"\/><source srcset=\"https:\/\/www.infobae.com\/resizer\/v2\/WE54XSDZYBHD5NHETBA3NOFVAY.jpg?auth=10c0e34995e939246b7a6dad348edda9db0abb5bd36fbb35d8306b599379ac5f&amp;smart=true&amp;width=420&amp;height=235&amp;quality=85\" media=\"(min-width: 350px)\"\/><source srcset=\"https:\/\/www.infobae.com\/resizer\/v2\/WE54XSDZYBHD5NHETBA3NOFVAY.jpg?auth=10c0e34995e939246b7a6dad348edda9db0abb5bd36fbb35d8306b599379ac5f&amp;smart=true&amp;width=350&amp;height=196&amp;quality=85\" media=\"(min-width: 80px)\"\/><img alt=\"Un estudio cient\u00edfico proyecta una\" class=\"global-image\" decoding=\"async\" fetchpriority=\"high\" height=\"816\" loading=\"eager\" src=\"https:\/\/www.infobae.com\/resizer\/v2\/WE54XSDZYBHD5NHETBA3NOFVAY.jpg?auth=10c0e34995e939246b7a6dad348edda9db0abb5bd36fbb35d8306b599379ac5f&amp;smart=true&amp;width=350&amp;height=196&amp;quality=85\" width=\"1456\"\/><\/picture><figcaption class=\"article-figcaption-img\">Un estudio cient\u00edfico proyecta una d\u00e9cada de sequ\u00eda extrema en el Mediterr\u00e1neo central a partir de 2045 (Imagen Ilustrativa Infobae)<\/figcaption><\/div>\n<p class=\"paragraph\">Una investigaci\u00f3n cient\u00edfica reciente de la <i><b>Ocean-Land-Atmosphere Research<\/b><\/i> anticipa que el clima del <b>Mediterr\u00e1neo central<\/b> se mover\u00e1 entre <b>per\u00edodos de <\/b><b>sequ\u00eda<\/b><b> y lluvias intensas<\/b>, un cambio que altera la imagen tradicional de la regi\u00f3n y <b>complica la vida agr\u00edcola y cotidiana en pa\u00edses como Italia.<\/b><\/p>\n<p class=\"paragraph\">Un equipo internacional de cient\u00edficos logr\u00f3 proyectar, mediante un nuevo modelo de predicci\u00f3n, <b>una d\u00e9cada especialmente seca entre 2045 y 2054, seguida de a\u00f1os m\u00e1s lluviosos.<\/b> Este panorama, adem\u00e1s de alertar sobre la inestabilidad, exige nuevas estrategias para administrar el agua y adaptarse al cambio clim\u00e1tico en el <b>sur de Europa<\/b>.<\/p>\n<p class=\"paragraph\">La investigaci\u00f3n, encabezada por <b>Gianni Bellocchi<\/b> de la <b>Universidad Clermont-Auvernia<\/b>, <b>Nazzareno Diodato<\/b> y <b>Rajib Maity<\/b>, se centra en el Mediterr\u00e1neo central, con especial \u00e9nfasis en Italia y su red de r\u00edos y cuencas. Para analizar el comportamiento del clima, los cient\u00edficos se apoyaron en el <b>\u00cdndice de Precipitaci\u00f3n Estandarizado (SPI-6)<\/b>, una herramienta que compara las lluvias de distintos per\u00edodos para determinar si un semestre fue m\u00e1s seco, normal o m\u00e1s lluvioso de lo habitual.<\/p>\n<p class=\"paragraph\">El modelo empleado, conocido como <b>DDMX\/PARMA(TVAR)X-CSD<\/b>, combina datos hist\u00f3ricos con informaci\u00f3n sobre grandes patrones atmosf\u00e9ricos y presi\u00f3n del aire en la regi\u00f3n. Esto le permite detectar cambios y anticipar c\u00f3mo podr\u00edan comportarse las lluvias y las sequ\u00edas en los pr\u00f3ximos a\u00f1os. Los resultados respaldan la confianza en el m\u00e9todo: al comparar sus predicciones con lo que efectivamente sucedi\u00f3 en las \u00faltimas tres d\u00e9cadas, el modelo se acerc\u00f3 bastante a la realidad, mostrando una herramienta \u00fatil para prever tendencias de largo plazo.<\/p>\n<div class=\"visual__image\"><picture><source srcset=\"https:\/\/www.infobae.com\/resizer\/v2\/I2LPYBVS5NCNBMMOAIWRDG7FMU.jpg?auth=55a2860e01d42d6fc1d6fca5dabeb6d9c265240f4cda2a8d6028c7bd26fa5001&amp;smart=true&amp;width=992&amp;height=556&amp;quality=85\" media=\"(min-width: 1000px)\"\/><source srcset=\"https:\/\/www.infobae.com\/resizer\/v2\/I2LPYBVS5NCNBMMOAIWRDG7FMU.jpg?auth=55a2860e01d42d6fc1d6fca5dabeb6d9c265240f4cda2a8d6028c7bd26fa5001&amp;smart=true&amp;width=768&amp;height=430&amp;quality=85\" media=\"(min-width: 768px)\"\/><source srcset=\"https:\/\/www.infobae.com\/resizer\/v2\/I2LPYBVS5NCNBMMOAIWRDG7FMU.jpg?auth=55a2860e01d42d6fc1d6fca5dabeb6d9c265240f4cda2a8d6028c7bd26fa5001&amp;smart=true&amp;width=577&amp;height=323&amp;quality=85\" media=\"(min-width: 580px)\"\/><source srcset=\"https:\/\/www.infobae.com\/resizer\/v2\/I2LPYBVS5NCNBMMOAIWRDG7FMU.jpg?auth=55a2860e01d42d6fc1d6fca5dabeb6d9c265240f4cda2a8d6028c7bd26fa5001&amp;smart=true&amp;width=420&amp;height=235&amp;quality=85\" media=\"(min-width: 350px)\"\/><source srcset=\"https:\/\/www.infobae.com\/resizer\/v2\/I2LPYBVS5NCNBMMOAIWRDG7FMU.jpg?auth=55a2860e01d42d6fc1d6fca5dabeb6d9c265240f4cda2a8d6028c7bd26fa5001&amp;smart=true&amp;width=350&amp;height=196&amp;quality=85\" media=\"(min-width: 80px)\"\/><img alt=\"El modelo de predicci\u00f3n clim\u00e1tica\" class=\"global-image\" decoding=\"async\" fetchpriority=\"low\" height=\"816\" loading=\"lazy\" src=\"https:\/\/www.infobae.com\/resizer\/v2\/I2LPYBVS5NCNBMMOAIWRDG7FMU.jpg?auth=55a2860e01d42d6fc1d6fca5dabeb6d9c265240f4cda2a8d6028c7bd26fa5001&amp;smart=true&amp;width=350&amp;height=196&amp;quality=85\" width=\"1456\"\/><\/picture><figcaption class=\"article-figcaption-img\">El modelo de predicci\u00f3n clim\u00e1tica anticipa alternancia entre a\u00f1os secos y lluviosos en Italia y el sur de Europa (Imagen Ilustrativa Infobae)<\/figcaption><\/div>\n<p class=\"paragraph\">Seg\u00fan Maity, <b>\u201cnuestro enfoque simplifica el pron\u00f3stico del clima regional y sirve como alternativa a los modelos globales, que muchas veces pasan por alto particularidades locales como ciertas variaciones de temperatura y lluvias\u201d.<\/b> Bellocchi se\u00f1al\u00f3 que los mayores avances se dan cuando se pueden analizar los detalles de cada zona, algo que este m\u00e9todo permite lograr.<\/p>\n<p class=\"paragraph\">El modelo advierte sobre una <b>sequ\u00eda prolongada entre 2045 y 2054<\/b>, seguida de un periodo m\u00e1s h\u00famedo, ilustrando el nuevo patr\u00f3n: <b>a\u00f1os secos y a\u00f1os lluviosos se alternar\u00e1n con mayor fuerza que antes.<\/b> En las \u00faltimas d\u00e9cadas, la zona mediterr\u00e1nea ya vivi\u00f3 <b>sequ\u00edas graves<\/b> entre 2015 y 2018 y nuevamente entre 2021 y 2023, lo que confirma esta tendencia. Seg\u00fan la <i>Ocean-Land-Atmosphere Research<\/i>, el cambio clim\u00e1tico acent\u00faa estas oscilaciones.<\/p>\n<p class=\"paragraph\">El sistema de predicci\u00f3n tiene en cuenta factores como el comportamiento de grandes corrientes atmosf\u00e9ricas y la presi\u00f3n del aire en el mar. Por ejemplo, en invierno, cuando se intensifica un patr\u00f3n clim\u00e1tico llamado SCAND, suelen aumentar las lluvias, mientras que otro fen\u00f3meno, la Oscilaci\u00f3n \u00c1rtica (AO), en su fase negativa, tiende a favorecer inviernos m\u00e1s h\u00famedos en el sur de Europa. Analizar estas variables es fundamental para anticipar si la regi\u00f3n enfrentar\u00e1 <b>meses extremadamente secos o lluviosos<\/b>, de acuerdo con la <i>Ocean-Land-Atmosphere Research<\/i>.<\/p>\n<p class=\"paragraph\">Las consecuencias de estos hallazgos para la gesti\u00f3n del agua y la agricultura son directas. La alternancia entre sequ\u00edas y lluvias intensas exige <b>infraestructuras m\u00e1s inteligentes<\/b> y pol\u00edticas preventivas, como la modernizaci\u00f3n de sistemas de riego, la reutilizaci\u00f3n de aguas y la inversi\u00f3n en tecnolog\u00edas de desalinizaci\u00f3n. Sectores como la agricultura y la producci\u00f3n energ\u00e9tica, que consumen m\u00e1s agua, deben adaptarse para no quedar vulnerables ante la escasez repentina o los excesos de precipitaciones.<\/p>\n<div class=\"visual__image\"><picture><source srcset=\"https:\/\/www.infobae.com\/resizer\/v2\/N64KMXU375A3ZMXWJHV3UCMZLU.jpg?auth=f69887a4e3b2c1f2b1d8a9b40b23199f0fc7eecf1e10a7ecc268df137698acbc&amp;smart=true&amp;width=992&amp;height=556&amp;quality=85\" media=\"(min-width: 1000px)\"\/><source srcset=\"https:\/\/www.infobae.com\/resizer\/v2\/N64KMXU375A3ZMXWJHV3UCMZLU.jpg?auth=f69887a4e3b2c1f2b1d8a9b40b23199f0fc7eecf1e10a7ecc268df137698acbc&amp;smart=true&amp;width=768&amp;height=430&amp;quality=85\" media=\"(min-width: 768px)\"\/><source srcset=\"https:\/\/www.infobae.com\/resizer\/v2\/N64KMXU375A3ZMXWJHV3UCMZLU.jpg?auth=f69887a4e3b2c1f2b1d8a9b40b23199f0fc7eecf1e10a7ecc268df137698acbc&amp;smart=true&amp;width=577&amp;height=323&amp;quality=85\" media=\"(min-width: 580px)\"\/><source srcset=\"https:\/\/www.infobae.com\/resizer\/v2\/N64KMXU375A3ZMXWJHV3UCMZLU.jpg?auth=f69887a4e3b2c1f2b1d8a9b40b23199f0fc7eecf1e10a7ecc268df137698acbc&amp;smart=true&amp;width=420&amp;height=235&amp;quality=85\" media=\"(min-width: 350px)\"\/><source srcset=\"https:\/\/www.infobae.com\/resizer\/v2\/N64KMXU375A3ZMXWJHV3UCMZLU.jpg?auth=f69887a4e3b2c1f2b1d8a9b40b23199f0fc7eecf1e10a7ecc268df137698acbc&amp;smart=true&amp;width=350&amp;height=196&amp;quality=85\" media=\"(min-width: 80px)\"\/><img alt=\"Los cient\u00edficos proponen modernizar sistemas\" class=\"global-image\" decoding=\"async\" fetchpriority=\"low\" height=\"816\" loading=\"lazy\" src=\"https:\/\/www.infobae.com\/resizer\/v2\/N64KMXU375A3ZMXWJHV3UCMZLU.jpg?auth=f69887a4e3b2c1f2b1d8a9b40b23199f0fc7eecf1e10a7ecc268df137698acbc&amp;smart=true&amp;width=350&amp;height=196&amp;quality=85\" width=\"1456\"\/><\/picture><figcaption class=\"article-figcaption-img\">Los cient\u00edficos proponen modernizar sistemas de riego y diversificar fuentes de agua para enfrentar la inestabilidad clim\u00e1tica (Imagen Ilustrativa Infobae)<\/figcaption><\/div>\n<p class=\"paragraph\">El estudio tambi\u00e9n advierte sobre las<b> limitaciones del modelo utilizado<\/b>. Si bien ayuda a prever tendencias generales y a anticipar la alternancia entre sequ\u00edas y lluvias, puede no captar con precisi\u00f3n la intensidad de los eventos m\u00e1s extremos. <\/p>\n<p class=\"paragraph\">Adem\u00e1s, su eficacia depende de la calidad de los datos hist\u00f3ricos y de la posibilidad de contar con informaci\u00f3n actualizada sobre cambios globales, como el aumento de gases de efecto invernadero. Los investigadores est\u00e1n trabajando en perfeccionar la herramienta, sumando nuevas fuentes de datos y t\u00e9cnicas de inteligencia artificial para reducir la incertidumbre de las predicciones.<\/p>\n<p class=\"paragraph\">Frente a la previsi\u00f3n de un aumento global del consumo de agua de entre un 20% y un 30% para 2050, los expertos insisten en la necesidad de pol\u00edticas integrales que garanticen el acceso al agua ahora y en el futuro. <\/p>\n<p class=\"paragraph\">La evidencia reciente, como la disminuci\u00f3n de agua en los Alpes italianos y el agravamiento de la sequ\u00eda en el centro de Italia, refuerza la importancia de modernizar los sistemas de riego, apostar por la reutilizaci\u00f3n y diversificar las fuentes de suministro.<\/p>\n<p class=\"paragraph\">La conclusi\u00f3n del trabajo de la <i>Ocean-Land-Atmosphere Research<\/i> es clara: <b>el Mediterr\u00e1neo central deber\u00e1 prepararse para un clima cada vez m\u00e1s impredecible, alternando entre dos extremos<\/b>. Herramientas como las desarrolladas por este grupo ofrecen nuevos datos y orientaciones para responsables pol\u00edticos y comunidades, permitiendo anticipar y mitigar los impactos de la sequ\u00eda y las lluvias torrenciales en una regi\u00f3n fundamental para la econom\u00eda y la seguridad alimentaria.<\/p>\n<\/div>\n<p><script type=\"didomi\/javascript\" data-vendor=\"facebook\" defer=\"\">try{!function(f,b,e,v,n,t,s) {if(f.fbq)return;n=f.fbq=function(){n.callMethod? n.callMethod.apply(n,arguments):n.queue.push(arguments)}; if(!f._fbq)f._fbq=n;n.push=n;n.loaded=!0;n.version='2.0'; n.queue=[];t=b.createElement(e);t.async=!0; t.src=v;s=b.getElementsByTagName(e)[0]; s.parentNode.insertBefore(t,s)}(window, document,'script', ' fbq('init', '336383993555320'); fbq('track', 'PageView'); fbq('track', 'ViewContent');}catch(error){console.log(\"Error al inicializar facebookPixelRawCodeScript:\",error);}<\/script><\/p>\n","protected":false},"excerpt":{"rendered":"<p>Un estudio cient\u00edfico proyecta una d\u00e9cada de sequ\u00eda extrema en el Mediterr\u00e1neo central a partir de 2045 (Imagen Ilustrativa Infobae) Una investigaci\u00f3n cient\u00edfica reciente de la Ocean-Land-Atmosphere Research anticipa que el clima del Mediterr\u00e1neo central se mover\u00e1 entre per\u00edodos de sequ\u00eda y lluvias intensas, un cambio que altera la imagen tradicional de la regi\u00f3n y [&hellip;]<\/p>\n","protected":false},"author":2,"featured_media":47664,"comment_status":"","ping_status":"","sticky":false,"template":"","format":"standard","meta":{"footnotes":""},"categories":[3],"tags":[],"_links":{"self":[{"href":"https:\/\/maxradio923.com.ar\/index.php\/wp-json\/wp\/v2\/posts\/47663"}],"collection":[{"href":"https:\/\/maxradio923.com.ar\/index.php\/wp-json\/wp\/v2\/posts"}],"about":[{"href":"https:\/\/maxradio923.com.ar\/index.php\/wp-json\/wp\/v2\/types\/post"}],"author":[{"embeddable":true,"href":"https:\/\/maxradio923.com.ar\/index.php\/wp-json\/wp\/v2\/users\/2"}],"replies":[{"embeddable":true,"href":"https:\/\/maxradio923.com.ar\/index.php\/wp-json\/wp\/v2\/comments?post=47663"}],"version-history":[{"count":0,"href":"https:\/\/maxradio923.com.ar\/index.php\/wp-json\/wp\/v2\/posts\/47663\/revisions"}],"wp:featuredmedia":[{"embeddable":true,"href":"https:\/\/maxradio923.com.ar\/index.php\/wp-json\/wp\/v2\/media\/47664"}],"wp:attachment":[{"href":"https:\/\/maxradio923.com.ar\/index.php\/wp-json\/wp\/v2\/media?parent=47663"}],"wp:term":[{"taxonomy":"category","embeddable":true,"href":"https:\/\/maxradio923.com.ar\/index.php\/wp-json\/wp\/v2\/categories?post=47663"},{"taxonomy":"post_tag","embeddable":true,"href":"https:\/\/maxradio923.com.ar\/index.php\/wp-json\/wp\/v2\/tags?post=47663"}],"curies":[{"name":"wp","href":"https:\/\/api.w.org\/{rel}","templated":true}]}}