{"id":47661,"date":"2025-08-14T06:02:05","date_gmt":"2025-08-14T09:02:05","guid":{"rendered":"https:\/\/maxradio923.com.ar\/index.php\/2025\/08\/14\/sospechan-que-el-mayor-incendio-en-decadas-en-francia-fue-provocado\/"},"modified":"2025-08-14T06:02:05","modified_gmt":"2025-08-14T09:02:05","slug":"sospechan-que-el-mayor-incendio-en-decadas-en-francia-fue-provocado","status":"publish","type":"post","link":"https:\/\/maxradio923.com.ar\/index.php\/2025\/08\/14\/sospechan-que-el-mayor-incendio-en-decadas-en-francia-fue-provocado\/","title":{"rendered":"Sospechan que el mayor incendio en d\u00e9cadas en Francia fue provocado"},"content":{"rendered":"<p><\/p>\n<div>\n<div class=\"visual__image image-initial-width\"><picture><source srcset=\"https:\/\/www.infobae.com\/resizer\/v2\/TETEARORUFBZFPXCEO2ABJH3QI.jpg?auth=342029ce862d7df0245879136b018008c592e8358ceb26446268d8f1f106ad14&amp;smart=true&amp;width=992&amp;height=662&amp;quality=85\" media=\"(min-width: 1000px)\"\/><source srcset=\"https:\/\/www.infobae.com\/resizer\/v2\/TETEARORUFBZFPXCEO2ABJH3QI.jpg?auth=342029ce862d7df0245879136b018008c592e8358ceb26446268d8f1f106ad14&amp;smart=true&amp;width=768&amp;height=512&amp;quality=85\" media=\"(min-width: 768px)\"\/><source srcset=\"https:\/\/www.infobae.com\/resizer\/v2\/TETEARORUFBZFPXCEO2ABJH3QI.jpg?auth=342029ce862d7df0245879136b018008c592e8358ceb26446268d8f1f106ad14&amp;smart=true&amp;width=577&amp;height=385&amp;quality=85\" media=\"(min-width: 580px)\"\/><source srcset=\"https:\/\/www.infobae.com\/resizer\/v2\/TETEARORUFBZFPXCEO2ABJH3QI.jpg?auth=342029ce862d7df0245879136b018008c592e8358ceb26446268d8f1f106ad14&amp;smart=true&amp;width=420&amp;height=280&amp;quality=85\" media=\"(min-width: 350px)\"\/><source srcset=\"https:\/\/www.infobae.com\/resizer\/v2\/TETEARORUFBZFPXCEO2ABJH3QI.jpg?auth=342029ce862d7df0245879136b018008c592e8358ceb26446268d8f1f106ad14&amp;smart=true&amp;width=350&amp;height=233&amp;quality=85\" media=\"(min-width: 80px)\"\/><img alt=\"En esta imagen, distribuida por\" class=\"global-image\" decoding=\"async\" fetchpriority=\"high\" height=\"1143\" loading=\"eager\" src=\"https:\/\/www.infobae.com\/resizer\/v2\/TETEARORUFBZFPXCEO2ABJH3QI.jpg?auth=342029ce862d7df0245879136b018008c592e8358ceb26446268d8f1f106ad14&amp;smart=true&amp;width=350&amp;height=233&amp;quality=85\" width=\"1714\"\/><\/picture><figcaption class=\"article-figcaption-img\">En esta imagen, distribuida por Protecci\u00f3n Civil, se muestra un incendio en Corbieres, en el sur de Francia, el 5 de agosto de 2025. (Protecci\u00f3n Civil v\u00eda AP)<\/figcaption><\/div>\n<p class=\"paragraph\">El incendio que arras\u00f3 m\u00e1s de <b>16.000 hect\u00e1reas<\/b> en el macizo de <b>Corbi\u00e8res<\/b>, en el sur de <b>Francia<\/b>, y que dej\u00f3 <b>una v\u00edctima mortal<\/b> y dos heridos graves, podr\u00eda haber sido provocado, seg\u00fan la investigaci\u00f3n judicial en curso.<\/p>\n<p class=\"paragraph\">El fiscal de Montpellier, responsable del caso, se\u00f1al\u00f3 este mi\u00e9rcoles en un comunicado que <b>\u201clos expertos estiman, a la vista de las condiciones de inicio del fuego, que podr\u00eda tener una causa criminal resultado de un acto voluntario\u201d<\/b>. Sin embargo, aclar\u00f3 que esta primera conclusi\u00f3n <b>\u201cnecesita ser confirmada con investigaciones complementarias\u201d<\/b>, y subray\u00f3 que se ha descartado un origen natural.<\/p>\n<p class=\"paragraph\">Los peritos localizaron r\u00e1pidamente el foco del incendio, que comenz\u00f3 la tarde del <b>5 de agosto<\/b> al borde de la carretera <b>D212<\/b>, entre las localidades de <b>Ribaute<\/b> y <b>Lagrasse<\/b>. Esa ubicaci\u00f3n reforz\u00f3 desde el inicio la hip\u00f3tesis de un origen humano, aunque su naturaleza exacta contin\u00faa bajo an\u00e1lisis.<\/p>\n<p class=\"paragraph\">Las llamas, impulsadas por el viento, consumieron en pocas horas miles de hect\u00e1reas de bosque y cultivos, a unos 30 kil\u00f3metros al suroeste de <b>Narbona<\/b>, pese al despliegue de m\u00e1s de <b>2.000 bomberos<\/b> y recursos a\u00e9reos.<\/p>\n<div class=\"visual__image\"><picture><source srcset=\"https:\/\/www.infobae.com\/resizer\/v2\/JLQZ7WUECVEIRC4WOSGC45LHZQ.jpg?auth=7c92b84928d1ba7990ff9262d9d9a7d3e88b42e76430670d631ee80502de8d71&amp;smart=true&amp;width=992&amp;height=661&amp;quality=85\" media=\"(min-width: 1000px)\"\/><source srcset=\"https:\/\/www.infobae.com\/resizer\/v2\/JLQZ7WUECVEIRC4WOSGC45LHZQ.jpg?auth=7c92b84928d1ba7990ff9262d9d9a7d3e88b42e76430670d631ee80502de8d71&amp;smart=true&amp;width=768&amp;height=512&amp;quality=85\" media=\"(min-width: 768px)\"\/><source srcset=\"https:\/\/www.infobae.com\/resizer\/v2\/JLQZ7WUECVEIRC4WOSGC45LHZQ.jpg?auth=7c92b84928d1ba7990ff9262d9d9a7d3e88b42e76430670d631ee80502de8d71&amp;smart=true&amp;width=577&amp;height=385&amp;quality=85\" media=\"(min-width: 580px)\"\/><source srcset=\"https:\/\/www.infobae.com\/resizer\/v2\/JLQZ7WUECVEIRC4WOSGC45LHZQ.jpg?auth=7c92b84928d1ba7990ff9262d9d9a7d3e88b42e76430670d631ee80502de8d71&amp;smart=true&amp;width=420&amp;height=280&amp;quality=85\" media=\"(min-width: 350px)\"\/><source srcset=\"https:\/\/www.infobae.com\/resizer\/v2\/JLQZ7WUECVEIRC4WOSGC45LHZQ.jpg?auth=7c92b84928d1ba7990ff9262d9d9a7d3e88b42e76430670d631ee80502de8d71&amp;smart=true&amp;width=350&amp;height=233&amp;quality=85\" media=\"(min-width: 80px)\"\/><img alt=\"\u00c1rboles quemados durante el mayor\" class=\"global-image\" decoding=\"async\" fetchpriority=\"low\" height=\"1280\" loading=\"lazy\" src=\"https:\/\/www.infobae.com\/resizer\/v2\/JLQZ7WUECVEIRC4WOSGC45LHZQ.jpg?auth=7c92b84928d1ba7990ff9262d9d9a7d3e88b42e76430670d631ee80502de8d71&amp;smart=true&amp;width=350&amp;height=233&amp;quality=85\" width=\"1920\"\/><\/picture><figcaption class=\"article-figcaption-img\">\u00c1rboles quemados durante el mayor incendio forestal de Francia este verano, cerca de Durban-Corbieres, en el sur de Francia, el mi\u00e9rcoles 6 de agosto de 2025. (Foto AP\/Hern\u00e1n Mu\u00f1oz)<\/figcaption><\/div>\n<p class=\"paragraph\">El siniestro, controlado desde el domingo pero con equipos a\u00fan trabajando para evitar rebrotes, se considera el <b>mayor incendio en Francia desde 1949<\/b>. La <b>mujer fallecida, de 65 a\u00f1os, se neg\u00f3 a evacuar su vivienda<\/b>; entre los heridos graves figuran bomberos.<\/p>\n<p class=\"paragraph\">La r\u00e1pida propagaci\u00f3n del incendio fue alimentada por semanas de clima c\u00e1lido y seco, aunque las temperaturas m\u00e1s fr\u00edas y los vientos m\u00e1s tranquilos durante la noche ayudaron a aliviar levemente la situaci\u00f3n. El fuego <b>afect\u00f3 a 15 municipios<\/b> del macizo de Corbi\u00e8res, destruyendo o da\u00f1ando al menos <b>36 viviendas<\/b>. El incendio fue el m\u00e1s grande desde la creaci\u00f3n de una base de datos nacional de incendios en 2006, seg\u00fan el servicio nacional de emergencias.<\/p>\n<p class=\"paragraph\">El sur de Europa enfrenta este verano una serie de incendios de gran magnitud. Expertos advierten que el <b>cambio clim\u00e1tico<\/b> est\u00e1 intensificando los periodos de calor y sequ\u00eda, incrementando la vulnerabilidad de la regi\u00f3n a este tipo de siniestros. El mes pasado, un incendio que alcanz\u00f3 el puerto de <b>Marsella<\/b> dej\u00f3 cerca de <b>300 heridos<\/b>.<\/p>\n<p class=\"paragraph\">Seg\u00fan el Servicio de Cambio Clim\u00e1tico Copernicus de la Uni\u00f3n Europea, <b>Europa es el continente que m\u00e1s r\u00e1pido se calienta en el mundo<\/b>, con un aumento de temperaturas que, desde la d\u00e9cada de 1980, duplica el promedio global.<\/p>\n<p class=\"paragraph\">Las autoridades mantienen la investigaci\u00f3n para esclarecer el origen del fuego, mientras comunidades enteras en el sur de Francia comienzan a evaluar las p\u00e9rdidas y a enfrentar las secuelas de una temporada de incendios marcada por el avance del calor extremo y la sequ\u00eda en el continente.<\/p>\n<p class=\"paragraph\"><i>(Con informaci\u00f3n de EFE)<\/i><\/p>\n<\/div>\n<p><script type=\"didomi\/javascript\" data-vendor=\"facebook\" defer=\"\">try{!function(f,b,e,v,n,t,s) {if(f.fbq)return;n=f.fbq=function(){n.callMethod? n.callMethod.apply(n,arguments):n.queue.push(arguments)}; if(!f._fbq)f._fbq=n;n.push=n;n.loaded=!0;n.version='2.0'; n.queue=[];t=b.createElement(e);t.async=!0; t.src=v;s=b.getElementsByTagName(e)[0]; s.parentNode.insertBefore(t,s)}(window, document,'script', ' fbq('init', '336383993555320'); fbq('track', 'PageView'); fbq('track', 'ViewContent');}catch(error){console.log(\"Error al inicializar facebookPixelRawCodeScript:\",error);}<\/script><\/p>\n","protected":false},"excerpt":{"rendered":"<p>En esta imagen, distribuida por Protecci\u00f3n Civil, se muestra un incendio en Corbieres, en el sur de Francia, el 5 de agosto de 2025. (Protecci\u00f3n Civil v\u00eda AP) El incendio que arras\u00f3 m\u00e1s de 16.000 hect\u00e1reas en el macizo de Corbi\u00e8res, en el sur de Francia, y que dej\u00f3 una v\u00edctima mortal y dos heridos [&hellip;]<\/p>\n","protected":false},"author":2,"featured_media":47662,"comment_status":"","ping_status":"","sticky":false,"template":"","format":"standard","meta":{"footnotes":""},"categories":[3],"tags":[],"_links":{"self":[{"href":"https:\/\/maxradio923.com.ar\/index.php\/wp-json\/wp\/v2\/posts\/47661"}],"collection":[{"href":"https:\/\/maxradio923.com.ar\/index.php\/wp-json\/wp\/v2\/posts"}],"about":[{"href":"https:\/\/maxradio923.com.ar\/index.php\/wp-json\/wp\/v2\/types\/post"}],"author":[{"embeddable":true,"href":"https:\/\/maxradio923.com.ar\/index.php\/wp-json\/wp\/v2\/users\/2"}],"replies":[{"embeddable":true,"href":"https:\/\/maxradio923.com.ar\/index.php\/wp-json\/wp\/v2\/comments?post=47661"}],"version-history":[{"count":0,"href":"https:\/\/maxradio923.com.ar\/index.php\/wp-json\/wp\/v2\/posts\/47661\/revisions"}],"wp:featuredmedia":[{"embeddable":true,"href":"https:\/\/maxradio923.com.ar\/index.php\/wp-json\/wp\/v2\/media\/47662"}],"wp:attachment":[{"href":"https:\/\/maxradio923.com.ar\/index.php\/wp-json\/wp\/v2\/media?parent=47661"}],"wp:term":[{"taxonomy":"category","embeddable":true,"href":"https:\/\/maxradio923.com.ar\/index.php\/wp-json\/wp\/v2\/categories?post=47661"},{"taxonomy":"post_tag","embeddable":true,"href":"https:\/\/maxradio923.com.ar\/index.php\/wp-json\/wp\/v2\/tags?post=47661"}],"curies":[{"name":"wp","href":"https:\/\/api.w.org\/{rel}","templated":true}]}}