{"id":47659,"date":"2025-08-14T05:30:10","date_gmt":"2025-08-14T08:30:10","guid":{"rendered":"https:\/\/maxradio923.com.ar\/index.php\/2025\/08\/14\/brasil-lanzo-un-plan-de-ayuda-para-mitigar-el-impacto-de-los-aranceles-de-donald-trump\/"},"modified":"2025-08-14T05:30:10","modified_gmt":"2025-08-14T08:30:10","slug":"brasil-lanzo-un-plan-de-ayuda-para-mitigar-el-impacto-de-los-aranceles-de-donald-trump","status":"publish","type":"post","link":"https:\/\/maxradio923.com.ar\/index.php\/2025\/08\/14\/brasil-lanzo-un-plan-de-ayuda-para-mitigar-el-impacto-de-los-aranceles-de-donald-trump\/","title":{"rendered":"Brasil lanz\u00f3 un plan de ayuda para mitigar el impacto de los aranceles de Donald Trump"},"content":{"rendered":"<p><\/p>\n<div>\n<div class=\"visual__image image-initial-width\"><picture><source srcset=\"https:\/\/www.infobae.com\/resizer\/v2\/A3F46F2ZGJBVNANDZH7AZEODVU.JPG?auth=35e7c352102d177045c50b20807131c5b364a01d54499993dac13b7dfd16ab66&amp;smart=true&amp;width=992&amp;height=659&amp;quality=85\" media=\"(min-width: 1000px)\"\/><source srcset=\"https:\/\/www.infobae.com\/resizer\/v2\/A3F46F2ZGJBVNANDZH7AZEODVU.JPG?auth=35e7c352102d177045c50b20807131c5b364a01d54499993dac13b7dfd16ab66&amp;smart=true&amp;width=768&amp;height=510&amp;quality=85\" media=\"(min-width: 768px)\"\/><source srcset=\"https:\/\/www.infobae.com\/resizer\/v2\/A3F46F2ZGJBVNANDZH7AZEODVU.JPG?auth=35e7c352102d177045c50b20807131c5b364a01d54499993dac13b7dfd16ab66&amp;smart=true&amp;width=577&amp;height=383&amp;quality=85\" media=\"(min-width: 580px)\"\/><source srcset=\"https:\/\/www.infobae.com\/resizer\/v2\/A3F46F2ZGJBVNANDZH7AZEODVU.JPG?auth=35e7c352102d177045c50b20807131c5b364a01d54499993dac13b7dfd16ab66&amp;smart=true&amp;width=420&amp;height=279&amp;quality=85\" media=\"(min-width: 350px)\"\/><source srcset=\"https:\/\/www.infobae.com\/resizer\/v2\/A3F46F2ZGJBVNANDZH7AZEODVU.JPG?auth=35e7c352102d177045c50b20807131c5b364a01d54499993dac13b7dfd16ab66&amp;smart=true&amp;width=350&amp;height=232&amp;quality=85\" media=\"(min-width: 80px)\"\/><img alt=\"El presidente de Brasil, Luiz\" class=\"global-image\" decoding=\"async\" fetchpriority=\"high\" height=\"3638\" loading=\"eager\" src=\"https:\/\/www.infobae.com\/resizer\/v2\/A3F46F2ZGJBVNANDZH7AZEODVU.JPG?auth=35e7c352102d177045c50b20807131c5b364a01d54499993dac13b7dfd16ab66&amp;smart=true&amp;width=350&amp;height=232&amp;quality=85\" width=\"5478\"\/><\/picture><figcaption class=\"article-figcaption-img\">El presidente de Brasil, Luiz In\u00e1cio Lula da Silva; el vicepresidente, Geraldo Alckmin; el presidente de la C\u00e1mara de Diputados, Hugo Motta; el presidente del Senado Federal de Brasil, Davi Alcolumbre, y otros funcionarios asisten a una ceremonia para firmar una medida provisional que establece un conjunto inicial de acciones para mitigar el impacto econ\u00f3mico de los aranceles de Donald Trump. (REUTERS\/Adriano Machado)<\/figcaption><\/div>\n<p class=\"paragraph\">El gobierno de Brasil anunci\u00f3 este mi\u00e9rcoles un <b>paquete de ayuda<\/b> destinado a los sectores afectados por los <b>aranceles impuestos por el presidente de Estados Unidos, Donald Trump<\/b>. El plan contempla cr\u00e9ditos por <b>30.000 millones de reales<\/b> (equivalentes a 5.555 millones de d\u00f3lares o 4.761 millones de euros).<\/p>\n<p class=\"paragraph\">La medida busca contrarrestar las <b>sanciones comerciales<\/b> que gravan con un <b>50% las exportaciones brasile\u00f1as<\/b> hacia el mercado estadounidense. Seg\u00fan el ministro de Hacienda, <b>Fernando Haddad<\/b>, el apoyo beneficiar\u00e1 especialmente a las <b>peque\u00f1as y medianas empresas<\/b> orientadas al comercio exterior. Haddad defini\u00f3 la situaci\u00f3n como <b>\u201cuna situaci\u00f3n in\u00e9dita\u201d<\/b>, en la que <b>\u201cBrasil est\u00e1 siendo sancionado por ser m\u00e1s democr\u00e1tico que su agresor\u201d<\/b> y por llevar a los tribunales a quienes atentaron contra el orden constitucional, en alusi\u00f3n al ex presidente <b>Jair Bolsonaro<\/b>.<\/p>\n<p class=\"paragraph\">El plan incluye, adem\u00e1s de los cr\u00e9ditos y la <b>b\u00fasqueda de nuevos mercados<\/b>, el aumento de las <b>compras gubernamentales<\/b>, sobre todo de <b>alimentos perecederos<\/b> que se exportan a Estados Unidos, as\u00ed como <b>beneficios tributarios<\/b> para los sectores golpeados por las sanciones. Entre los productos m\u00e1s afectados figuran <b>carnes y frutas<\/b>, que representan el 35% de las exportaciones brasile\u00f1as a Estados Unidos y ahora est\u00e1n gravadas con un 50%.<\/p>\n<p class=\"paragraph\">La presentaci\u00f3n del paquete estuvo encabezada por el presidente <b>Luiz In\u00e1cio Lula da Silva<\/b> y cont\u00f3 con la presencia de representantes del sector privado, as\u00ed como de los presidentes de la C\u00e1mara de Diputados, <b>Hugo Motta<\/b>, y del Senado, <b>Davi Alcolumbre<\/b>, quienes manifestaron su apoyo a las medidas.<\/p>\n<div class=\"visual__image\"><picture><source srcset=\"https:\/\/www.infobae.com\/resizer\/v2\/F2LWZQBBUFBK5AAPGFTQTCILRU.JPG?auth=86150e8873cff52617805b977aac4a1226a49a5e976d374292976659dae71803&amp;smart=true&amp;width=992&amp;height=661&amp;quality=85\" media=\"(min-width: 1000px)\"\/><source srcset=\"https:\/\/www.infobae.com\/resizer\/v2\/F2LWZQBBUFBK5AAPGFTQTCILRU.JPG?auth=86150e8873cff52617805b977aac4a1226a49a5e976d374292976659dae71803&amp;smart=true&amp;width=768&amp;height=512&amp;quality=85\" media=\"(min-width: 768px)\"\/><source srcset=\"https:\/\/www.infobae.com\/resizer\/v2\/F2LWZQBBUFBK5AAPGFTQTCILRU.JPG?auth=86150e8873cff52617805b977aac4a1226a49a5e976d374292976659dae71803&amp;smart=true&amp;width=577&amp;height=385&amp;quality=85\" media=\"(min-width: 580px)\"\/><source srcset=\"https:\/\/www.infobae.com\/resizer\/v2\/F2LWZQBBUFBK5AAPGFTQTCILRU.JPG?auth=86150e8873cff52617805b977aac4a1226a49a5e976d374292976659dae71803&amp;smart=true&amp;width=420&amp;height=280&amp;quality=85\" media=\"(min-width: 350px)\"\/><source srcset=\"https:\/\/www.infobae.com\/resizer\/v2\/F2LWZQBBUFBK5AAPGFTQTCILRU.JPG?auth=86150e8873cff52617805b977aac4a1226a49a5e976d374292976659dae71803&amp;smart=true&amp;width=350&amp;height=233&amp;quality=85\" media=\"(min-width: 80px)\"\/><img alt=\"El presidente de Brasil, Luiz\" class=\"global-image\" decoding=\"async\" fetchpriority=\"low\" height=\"3667\" loading=\"lazy\" src=\"https:\/\/www.infobae.com\/resizer\/v2\/F2LWZQBBUFBK5AAPGFTQTCILRU.JPG?auth=86150e8873cff52617805b977aac4a1226a49a5e976d374292976659dae71803&amp;smart=true&amp;width=350&amp;height=233&amp;quality=85\" width=\"5500\"\/><\/picture><figcaption class=\"article-figcaption-img\">El presidente de Brasil, Luiz In\u00e1cio Lula da Silva; el vicepresidente, Geraldo Alckmin; el ministro de Hacienda, Fernando Haddad; el presidente de la C\u00e1mara de Diputados, Hugo Motta; el presidente del Senado Federal de Brasil, Davi Alcolumbre, y otros funcionarios. (REUTERS\/Adriano Machado)<\/figcaption><\/div>\n<p class=\"paragraph\">Los aranceles, en vigor desde el <b>6 de agosto<\/b>, fueron justificados por Trump principalmente por el <b>juicio penal por golpismo<\/b> que se sigue en la <b>Corte Suprema contra Bolsonaro.<\/b> Brasil ha intentado negociar desde un enfoque estrictamente comercial, pero Trump ha rechazado cualquier di\u00e1logo y ha condicionado su levantamiento al fin del proceso judicial contra el ex mandatario.<\/p>\n<p class=\"paragraph\">La <b>Casa Blanca<\/b> tambi\u00e9n argument\u00f3 un <b>supuesto d\u00e9ficit comercial <\/b>con Brasil, afirmaci\u00f3n que ha sido rechazada por el propio gobierno estadounidense a partir de sus estad\u00edsticas. Seg\u00fan Brasil, Estados Unidos mantiene <b>super\u00e1vit<\/b> en la relaci\u00f3n bilateral desde hace 25 a\u00f1os, lo que refuerza la percepci\u00f3n de que las sanciones responden a motivaciones pol\u00edticas.<\/p>\n<p class=\"paragraph\">En 2024, Estados Unidos recibi\u00f3 el <b>12% de las exportaciones brasile\u00f1as<\/b>, equivalentes a <b>40.300 millones de d\u00f3lares<\/b>, mientras que las importaciones desde el pa\u00eds norteamericano sumaron <b>40.500 millones de d\u00f3lares<\/b>.<\/p>\n<p class=\"paragraph\">Con el paquete de medidas, Brasil busca mitigar el impacto inmediato de los aranceles y reforzar su posici\u00f3n en un conflicto que combina tensiones comerciales y pol\u00edticas, mientras eval\u00faa nuevas estrategias para preservar el acceso a uno de sus principales mercados de exportaci\u00f3n.<\/p>\n<p class=\"paragraph\"><i>(Con informaci\u00f3n de EFE)<\/i><\/p>\n<\/div>\n<p><script type=\"didomi\/javascript\" data-vendor=\"facebook\" defer=\"\">try{!function(f,b,e,v,n,t,s) {if(f.fbq)return;n=f.fbq=function(){n.callMethod? n.callMethod.apply(n,arguments):n.queue.push(arguments)}; if(!f._fbq)f._fbq=n;n.push=n;n.loaded=!0;n.version='2.0'; n.queue=[];t=b.createElement(e);t.async=!0; t.src=v;s=b.getElementsByTagName(e)[0]; s.parentNode.insertBefore(t,s)}(window, document,'script', ' fbq('init', '336383993555320'); fbq('track', 'PageView'); fbq('track', 'ViewContent');}catch(error){console.log(\"Error al inicializar facebookPixelRawCodeScript:\",error);}<\/script><\/p>\n","protected":false},"excerpt":{"rendered":"<p>El presidente de Brasil, Luiz In\u00e1cio Lula da Silva; el vicepresidente, Geraldo Alckmin; el presidente de la C\u00e1mara de Diputados, Hugo Motta; el presidente del Senado Federal de Brasil, Davi Alcolumbre, y otros funcionarios asisten a una ceremonia para firmar una medida provisional que establece un conjunto inicial de acciones para mitigar el impacto econ\u00f3mico [&hellip;]<\/p>\n","protected":false},"author":2,"featured_media":47660,"comment_status":"","ping_status":"","sticky":false,"template":"","format":"standard","meta":{"footnotes":""},"categories":[3],"tags":[],"_links":{"self":[{"href":"https:\/\/maxradio923.com.ar\/index.php\/wp-json\/wp\/v2\/posts\/47659"}],"collection":[{"href":"https:\/\/maxradio923.com.ar\/index.php\/wp-json\/wp\/v2\/posts"}],"about":[{"href":"https:\/\/maxradio923.com.ar\/index.php\/wp-json\/wp\/v2\/types\/post"}],"author":[{"embeddable":true,"href":"https:\/\/maxradio923.com.ar\/index.php\/wp-json\/wp\/v2\/users\/2"}],"replies":[{"embeddable":true,"href":"https:\/\/maxradio923.com.ar\/index.php\/wp-json\/wp\/v2\/comments?post=47659"}],"version-history":[{"count":0,"href":"https:\/\/maxradio923.com.ar\/index.php\/wp-json\/wp\/v2\/posts\/47659\/revisions"}],"wp:featuredmedia":[{"embeddable":true,"href":"https:\/\/maxradio923.com.ar\/index.php\/wp-json\/wp\/v2\/media\/47660"}],"wp:attachment":[{"href":"https:\/\/maxradio923.com.ar\/index.php\/wp-json\/wp\/v2\/media?parent=47659"}],"wp:term":[{"taxonomy":"category","embeddable":true,"href":"https:\/\/maxradio923.com.ar\/index.php\/wp-json\/wp\/v2\/categories?post=47659"},{"taxonomy":"post_tag","embeddable":true,"href":"https:\/\/maxradio923.com.ar\/index.php\/wp-json\/wp\/v2\/tags?post=47659"}],"curies":[{"name":"wp","href":"https:\/\/api.w.org\/{rel}","templated":true}]}}