{"id":47657,"date":"2025-08-14T04:58:05","date_gmt":"2025-08-14T07:58:05","guid":{"rendered":"https:\/\/maxradio923.com.ar\/index.php\/2025\/08\/14\/cinco-hombres-enfrentan-un-juicio-en-nigeria-por-el-atentado-contra-una-iglesia-catolica-en-owo-que-dejo-50-muertos\/"},"modified":"2025-08-14T04:58:05","modified_gmt":"2025-08-14T07:58:05","slug":"cinco-hombres-enfrentan-un-juicio-en-nigeria-por-el-atentado-contra-una-iglesia-catolica-en-owo-que-dejo-50-muertos","status":"publish","type":"post","link":"https:\/\/maxradio923.com.ar\/index.php\/2025\/08\/14\/cinco-hombres-enfrentan-un-juicio-en-nigeria-por-el-atentado-contra-una-iglesia-catolica-en-owo-que-dejo-50-muertos\/","title":{"rendered":"Cinco hombres enfrentan un juicio en Nigeria por el atentado contra una iglesia cat\u00f3lica en Owo que dej\u00f3 50 muertos"},"content":{"rendered":"<p><\/p>\n<div>\n<div class=\"visual__image image-initial-width\"><picture><source srcset=\"https:\/\/www.infobae.com\/resizer\/v2\/GTNM3LXWTJGKJIORMPW2NPS6JE.png?auth=2848973c4336db2586a284e2737772c091fc78a95e956822b09c858aa5005422&amp;smart=true&amp;width=992&amp;height=558&amp;quality=85\" media=\"(min-width: 1000px)\"\/><source srcset=\"https:\/\/www.infobae.com\/resizer\/v2\/GTNM3LXWTJGKJIORMPW2NPS6JE.png?auth=2848973c4336db2586a284e2737772c091fc78a95e956822b09c858aa5005422&amp;smart=true&amp;width=768&amp;height=432&amp;quality=85\" media=\"(min-width: 768px)\"\/><source srcset=\"https:\/\/www.infobae.com\/resizer\/v2\/GTNM3LXWTJGKJIORMPW2NPS6JE.png?auth=2848973c4336db2586a284e2737772c091fc78a95e956822b09c858aa5005422&amp;smart=true&amp;width=577&amp;height=325&amp;quality=85\" media=\"(min-width: 580px)\"\/><source srcset=\"https:\/\/www.infobae.com\/resizer\/v2\/GTNM3LXWTJGKJIORMPW2NPS6JE.png?auth=2848973c4336db2586a284e2737772c091fc78a95e956822b09c858aa5005422&amp;smart=true&amp;width=420&amp;height=236&amp;quality=85\" media=\"(min-width: 350px)\"\/><source srcset=\"https:\/\/www.infobae.com\/resizer\/v2\/GTNM3LXWTJGKJIORMPW2NPS6JE.png?auth=2848973c4336db2586a284e2737772c091fc78a95e956822b09c858aa5005422&amp;smart=true&amp;width=350&amp;height=197&amp;quality=85\" media=\"(min-width: 80px)\"\/><img alt=\"Cinco hombres enfrentan juicio Nigeria\" class=\"global-image\" decoding=\"async\" fetchpriority=\"high\" height=\"1080\" loading=\"eager\" src=\"https:\/\/www.infobae.com\/resizer\/v2\/GTNM3LXWTJGKJIORMPW2NPS6JE.png?auth=2848973c4336db2586a284e2737772c091fc78a95e956822b09c858aa5005422&amp;smart=true&amp;width=350&amp;height=197&amp;quality=85\" width=\"1920\"\/><\/picture><figcaption class=\"article-figcaption-img\">Cinco hombres enfrentan juicio Nigeria por el ataque a la iglesia de Owo que dej\u00f3 decenas de muertos (Reuters)<\/figcaption><\/div>\n<p class=\"paragraph\">Cinco hombres est\u00e1n siendo <b>juzgados<\/b> en Nigeria, se\u00f1alados como presuntos responsables del atentado contra la <b>iglesia cat\u00f3lica de San Francisco<\/b> en la localidad de Owo, estado de Ondo, al suroeste del pa\u00eds. <\/p>\n<p class=\"paragraph\">Seg\u00fan <i>Reuters<\/i>, este hecho, perpetrado en <b>junio de 2022,<\/b> marc\u00f3 uno de los episodios m\u00e1s tr\u00e1gicos recientes contra comunidades religiosas en <b>Nigeria<\/b>: provoc\u00f3 al menos<b> 50 muertes <\/b>y dej\u00f3 a m\u00e1s de cien personas heridas.<\/p>\n<p class=\"paragraph\">La gravedad del atentado de Owo ha resaltado la<b> tensi\u00f3n<\/b> y la<b> fragilidad <\/b>en la seguridad de los lugares de culto en el pa\u00eds, as\u00ed como la compleja situaci\u00f3n de violencia que prevalece en distintas regiones nigerianas. Las consecuencias sociales y pol\u00edticas del ataque se mantienen hasta la fecha, debido a la <b>magnitud del da\u00f1o<\/b> y las interrogantes sobre la organizaci\u00f3n detr\u00e1s de la masacre.<\/p>\n<p class=\"paragraph\">Los acusados, identificados como <b>Idris Omeiza<\/b>, <b>Al Qasim Idris<\/b>, <b>Jamiu Abdulmalik<\/b>, <b>Abdulhaleem Idris<\/b> y <b>Momoh Otuho Abubakar<\/b>, comparecieron esta semana ante el Tribunal Federal Superior de Abuja. <\/p>\n<p class=\"paragraph\">Durante la audiencia, recibieron cargos en virtud de la <b>ley de terrorismo vigente<\/b>, siendo inculpados formalmente por su supuesta participaci\u00f3n en la matanza que conmocion\u00f3 a la sociedad nigeriana. En la primera audiencia, todos declararon su inocencia tras escuchar las acusaciones, afirmando no tener responsabilidad en los hechos. Esta resoluci\u00f3n inicial qued\u00f3 asentada tras la exposici\u00f3n de los cargos por parte del equipo fiscal.<\/p>\n<p class=\"paragraph\">El juez <b>Emeka Nwite<\/b> dispuso un aplazamiento del procedimiento: el proceso continuar\u00e1 el <b>19 de agosto,<\/b> cuando est\u00e1 previsto que se inicie la fase de <b>presentaci\u00f3n de pruebas y testimonios.<\/b> Los acusados quedan, entre tanto, en custodia del Departamento de Servicios Estatales (DSS), organismo de seguridad encargado de su detenci\u00f3n y resguardo durante el desarrollo del juicio.<\/p>\n<div class=\"visual__image\"><picture><source srcset=\"https:\/\/www.infobae.com\/resizer\/v2\/4ZJKZGE76VGSZKQAPBVIWS72I4.jpg?auth=0e2c041fa5df5625d50f19473a667ea5d82ca2b0d48452646695cbcc2849f0dd&amp;smart=true&amp;width=992&amp;height=558&amp;quality=85\" media=\"(min-width: 1000px)\"\/><source srcset=\"https:\/\/www.infobae.com\/resizer\/v2\/4ZJKZGE76VGSZKQAPBVIWS72I4.jpg?auth=0e2c041fa5df5625d50f19473a667ea5d82ca2b0d48452646695cbcc2849f0dd&amp;smart=true&amp;width=768&amp;height=432&amp;quality=85\" media=\"(min-width: 768px)\"\/><source srcset=\"https:\/\/www.infobae.com\/resizer\/v2\/4ZJKZGE76VGSZKQAPBVIWS72I4.jpg?auth=0e2c041fa5df5625d50f19473a667ea5d82ca2b0d48452646695cbcc2849f0dd&amp;smart=true&amp;width=577&amp;height=325&amp;quality=85\" media=\"(min-width: 580px)\"\/><source srcset=\"https:\/\/www.infobae.com\/resizer\/v2\/4ZJKZGE76VGSZKQAPBVIWS72I4.jpg?auth=0e2c041fa5df5625d50f19473a667ea5d82ca2b0d48452646695cbcc2849f0dd&amp;smart=true&amp;width=420&amp;height=236&amp;quality=85\" media=\"(min-width: 350px)\"\/><source srcset=\"https:\/\/www.infobae.com\/resizer\/v2\/4ZJKZGE76VGSZKQAPBVIWS72I4.jpg?auth=0e2c041fa5df5625d50f19473a667ea5d82ca2b0d48452646695cbcc2849f0dd&amp;smart=true&amp;width=350&amp;height=197&amp;quality=85\" media=\"(min-width: 80px)\"\/><img alt=\"La fiscal\u00eda vincula a los\" class=\"global-image\" decoding=\"async\" fetchpriority=\"low\" height=\"1080\" loading=\"lazy\" src=\"https:\/\/www.infobae.com\/resizer\/v2\/4ZJKZGE76VGSZKQAPBVIWS72I4.jpg?auth=0e2c041fa5df5625d50f19473a667ea5d82ca2b0d48452646695cbcc2849f0dd&amp;smart=true&amp;width=350&amp;height=197&amp;quality=85\" width=\"1920\"\/><\/picture><figcaption class=\"article-figcaption-img\">La fiscal\u00eda vincula a los sospechosos con el grupo Al Shabaab, aunque su presencia en Nigeria no ha sido confirmada (Reuters)<\/figcaption><\/div>\n<p class=\"paragraph\">La presencia de los acusados en el tribunal ha sido seguida con atenci\u00f3n por familiares de las v\u00edctimas, l\u00edderes religiosos, organizaciones de derechos humanos y medios internacionales. <\/p>\n<p class=\"paragraph\">La acusaci\u00f3n formal remite a una presunta relaci\u00f3n de los imputados con el grupo islamista <b>Al Shabaab<\/b> de \u00c1frica Oriental. De acuerdo con los documentos judiciales, los cinco sospechosos habr\u00edan<b> jurado lealtad <\/b>a esta organizaci\u00f3n en 2021, lo que sugiere una dimensi\u00f3n transnacional poco frecuente en el repertorio del terrorismo en Nigeria. <\/p>\n<p class=\"paragraph\">Adem\u00e1s, las investigaciones refieren que los acusados planificaron m\u00e1s ataques, incluyendo un intento contra una <b>escuela p\u00fablica<\/b> en el centro del pa\u00eds y otro atentado en una mezquita cercana a Owo. Estos planes refuerzan la percepci\u00f3n de que su actividad no se limit\u00f3 al ataque en cuesti\u00f3n, sino que formaba parte de una estrategia m\u00e1s amplia.<\/p>\n<p class=\"paragraph\">Seg\u00fan informa <i>Reuters<\/i>, pese a la gravedad de las acusaciones, la supuesta operatividad de <b>Al Shabaab<\/b> en Nigeria no ha sido confirmada, y se ha se\u00f1alado que su presencia directa no est\u00e1 registrada de manera oficial por fuentes independientes.<\/p>\n<p class=\"paragraph\">Seg\u00fan <i>Reuters,<\/i> las autoridades inicialmente responsabilizaron al <b>Estado Isl\u00e1mico de la Provincia de \u00c1frica Occidental (ISWAP)<\/b>, una de las ramas m\u00e1s activas en el conflicto armado que azota el noreste del pa\u00eds junto con <b>Boko Haram<\/b>. Sin embargo, ni ISWAP ni Boko Haram han admitido responsabilidad hasta ahora.<\/p>\n<p class=\"paragraph\">La apertura del juicio representa para muchos nigerianos una oportunidad para demostrar la capacidad estatal en la investigaci\u00f3n, proceso y sanci\u00f3n de delitos terroristas. El curso y desenlace de este proceso adquiere relevancia no solo para las v\u00edctimas, sino para la percepci\u00f3n de confianza p\u00fablica en las instituciones.<\/p>\n<div class=\"visual__image\"><picture><source srcset=\"https:\/\/www.infobae.com\/resizer\/v2\/EPIGPXLT5VAIVMVJUH3RIIXLKY.JPG?auth=43b10dde9329b4f9fbc88a9ca979f09cf6204148761f9ee6532567cb3a06db72&amp;smart=true&amp;width=992&amp;height=655&amp;quality=85\" media=\"(min-width: 1000px)\"\/><source srcset=\"https:\/\/www.infobae.com\/resizer\/v2\/EPIGPXLT5VAIVMVJUH3RIIXLKY.JPG?auth=43b10dde9329b4f9fbc88a9ca979f09cf6204148761f9ee6532567cb3a06db72&amp;smart=true&amp;width=768&amp;height=507&amp;quality=85\" media=\"(min-width: 768px)\"\/><source srcset=\"https:\/\/www.infobae.com\/resizer\/v2\/EPIGPXLT5VAIVMVJUH3RIIXLKY.JPG?auth=43b10dde9329b4f9fbc88a9ca979f09cf6204148761f9ee6532567cb3a06db72&amp;smart=true&amp;width=577&amp;height=381&amp;quality=85\" media=\"(min-width: 580px)\"\/><source srcset=\"https:\/\/www.infobae.com\/resizer\/v2\/EPIGPXLT5VAIVMVJUH3RIIXLKY.JPG?auth=43b10dde9329b4f9fbc88a9ca979f09cf6204148761f9ee6532567cb3a06db72&amp;smart=true&amp;width=420&amp;height=277&amp;quality=85\" media=\"(min-width: 350px)\"\/><source srcset=\"https:\/\/www.infobae.com\/resizer\/v2\/EPIGPXLT5VAIVMVJUH3RIIXLKY.JPG?auth=43b10dde9329b4f9fbc88a9ca979f09cf6204148761f9ee6532567cb3a06db72&amp;smart=true&amp;width=350&amp;height=231&amp;quality=85\" media=\"(min-width: 80px)\"\/><img alt=\"Familiares de v\u00edctimas, l\u00edderes religiosos\" class=\"global-image\" decoding=\"async\" fetchpriority=\"low\" height=\"3633\" loading=\"lazy\" src=\"https:\/\/www.infobae.com\/resizer\/v2\/EPIGPXLT5VAIVMVJUH3RIIXLKY.JPG?auth=43b10dde9329b4f9fbc88a9ca979f09cf6204148761f9ee6532567cb3a06db72&amp;smart=true&amp;width=350&amp;height=231&amp;quality=85\" width=\"5500\"\/><\/picture><figcaption class=\"article-figcaption-img\">Familiares de v\u00edctimas, l\u00edderes religiosos y organizaciones de derechos humanos siguen de cerca el proceso (Reuters)<\/figcaption><\/div>\n<p class=\"paragraph\">Mientras se acerca la fecha para la continuaci\u00f3n del juicio, la sociedad contin\u00faa reclamando respuestas claras, justicia y el fin de la impunidad para <b>cr\u00edmenes<\/b> de semejante magnitud. La evoluci\u00f3n del caso ser\u00e1 seguida de cerca<b> <\/b>tanto a nivel nacional como internacional.<\/p>\n<\/div>\n<p><script type=\"didomi\/javascript\" data-vendor=\"facebook\" defer=\"\">try{!function(f,b,e,v,n,t,s) {if(f.fbq)return;n=f.fbq=function(){n.callMethod? n.callMethod.apply(n,arguments):n.queue.push(arguments)}; if(!f._fbq)f._fbq=n;n.push=n;n.loaded=!0;n.version='2.0'; n.queue=[];t=b.createElement(e);t.async=!0; t.src=v;s=b.getElementsByTagName(e)[0]; s.parentNode.insertBefore(t,s)}(window, document,'script', ' fbq('init', '336383993555320'); fbq('track', 'PageView'); fbq('track', 'ViewContent');}catch(error){console.log(\"Error al inicializar facebookPixelRawCodeScript:\",error);}<\/script><\/p>\n","protected":false},"excerpt":{"rendered":"<p>Cinco hombres enfrentan juicio Nigeria por el ataque a la iglesia de Owo que dej\u00f3 decenas de muertos (Reuters) Cinco hombres est\u00e1n siendo juzgados en Nigeria, se\u00f1alados como presuntos responsables del atentado contra la iglesia cat\u00f3lica de San Francisco en la localidad de Owo, estado de Ondo, al suroeste del pa\u00eds. Seg\u00fan Reuters, este hecho, [&hellip;]<\/p>\n","protected":false},"author":2,"featured_media":47658,"comment_status":"","ping_status":"","sticky":false,"template":"","format":"standard","meta":{"footnotes":""},"categories":[3],"tags":[],"_links":{"self":[{"href":"https:\/\/maxradio923.com.ar\/index.php\/wp-json\/wp\/v2\/posts\/47657"}],"collection":[{"href":"https:\/\/maxradio923.com.ar\/index.php\/wp-json\/wp\/v2\/posts"}],"about":[{"href":"https:\/\/maxradio923.com.ar\/index.php\/wp-json\/wp\/v2\/types\/post"}],"author":[{"embeddable":true,"href":"https:\/\/maxradio923.com.ar\/index.php\/wp-json\/wp\/v2\/users\/2"}],"replies":[{"embeddable":true,"href":"https:\/\/maxradio923.com.ar\/index.php\/wp-json\/wp\/v2\/comments?post=47657"}],"version-history":[{"count":0,"href":"https:\/\/maxradio923.com.ar\/index.php\/wp-json\/wp\/v2\/posts\/47657\/revisions"}],"wp:featuredmedia":[{"embeddable":true,"href":"https:\/\/maxradio923.com.ar\/index.php\/wp-json\/wp\/v2\/media\/47658"}],"wp:attachment":[{"href":"https:\/\/maxradio923.com.ar\/index.php\/wp-json\/wp\/v2\/media?parent=47657"}],"wp:term":[{"taxonomy":"category","embeddable":true,"href":"https:\/\/maxradio923.com.ar\/index.php\/wp-json\/wp\/v2\/categories?post=47657"},{"taxonomy":"post_tag","embeddable":true,"href":"https:\/\/maxradio923.com.ar\/index.php\/wp-json\/wp\/v2\/tags?post=47657"}],"curies":[{"name":"wp","href":"https:\/\/api.w.org\/{rel}","templated":true}]}}