{"id":47653,"date":"2025-08-14T03:54:05","date_gmt":"2025-08-14T06:54:05","guid":{"rendered":"https:\/\/maxradio923.com.ar\/index.php\/2025\/08\/14\/una-ong-venezolana-considero-como-grilletes-invisibles-la-excarcelacion-de-martha-grajales\/"},"modified":"2025-08-14T03:54:05","modified_gmt":"2025-08-14T06:54:05","slug":"una-ong-venezolana-considero-como-grilletes-invisibles-la-excarcelacion-de-martha-grajales","status":"publish","type":"post","link":"https:\/\/maxradio923.com.ar\/index.php\/2025\/08\/14\/una-ong-venezolana-considero-como-grilletes-invisibles-la-excarcelacion-de-martha-grajales\/","title":{"rendered":"Una ONG venezolana consider\u00f3 como \u201cgrilletes invisibles\u201d la excarcelaci\u00f3n de Martha Grajales"},"content":{"rendered":"<p><\/p>\n<div>\n<div class=\"visual__image image-initial-width\"><picture><source srcset=\"https:\/\/www.infobae.com\/resizer\/v2\/PNTRFPM52RF7ZHKKTLAGKVZPAQ.PNG?auth=d0bef0e5aeb3b9f787ab45575c9e9e08241ee9787fbf09e32bedda5e637b0d6a&amp;smart=true&amp;width=992&amp;height=614&amp;quality=85\" media=\"(min-width: 1000px)\"\/><source srcset=\"https:\/\/www.infobae.com\/resizer\/v2\/PNTRFPM52RF7ZHKKTLAGKVZPAQ.PNG?auth=d0bef0e5aeb3b9f787ab45575c9e9e08241ee9787fbf09e32bedda5e637b0d6a&amp;smart=true&amp;width=768&amp;height=475&amp;quality=85\" media=\"(min-width: 768px)\"\/><source srcset=\"https:\/\/www.infobae.com\/resizer\/v2\/PNTRFPM52RF7ZHKKTLAGKVZPAQ.PNG?auth=d0bef0e5aeb3b9f787ab45575c9e9e08241ee9787fbf09e32bedda5e637b0d6a&amp;smart=true&amp;width=577&amp;height=357&amp;quality=85\" media=\"(min-width: 580px)\"\/><source srcset=\"https:\/\/www.infobae.com\/resizer\/v2\/PNTRFPM52RF7ZHKKTLAGKVZPAQ.PNG?auth=d0bef0e5aeb3b9f787ab45575c9e9e08241ee9787fbf09e32bedda5e637b0d6a&amp;smart=true&amp;width=420&amp;height=260&amp;quality=85\" media=\"(min-width: 350px)\"\/><source srcset=\"https:\/\/www.infobae.com\/resizer\/v2\/PNTRFPM52RF7ZHKKTLAGKVZPAQ.PNG?auth=d0bef0e5aeb3b9f787ab45575c9e9e08241ee9787fbf09e32bedda5e637b0d6a&amp;smart=true&amp;width=350&amp;height=217&amp;quality=85\" media=\"(min-width: 80px)\"\/><img alt=\"Una ONG considera como \u201cgrilletes\" class=\"global-image\" decoding=\"async\" fetchpriority=\"high\" height=\"740\" loading=\"eager\" src=\"https:\/\/www.infobae.com\/resizer\/v2\/PNTRFPM52RF7ZHKKTLAGKVZPAQ.PNG?auth=d0bef0e5aeb3b9f787ab45575c9e9e08241ee9787fbf09e32bedda5e637b0d6a&amp;smart=true&amp;width=350&amp;height=217&amp;quality=85\" width=\"1196\"\/><\/picture><figcaption class=\"article-figcaption-img\">Una ONG considera como \u201cgrilletes invisibles\u201d la excarcelaci\u00f3n en Venezuela de Martha Grajales<\/figcaption><\/div>\n<p class=\"paragraph\">La ONG <b>Observatorio Venezolano de Prisiones (OVP)<\/b> calific\u00f3 este mi\u00e9rcoles como <b>\u201cgrilletes invisibles\u201d<\/b> la excarcelaci\u00f3n de <b>Martha Grajales<\/b>, activista de derechos humanos del colectivo SurGentes, al precisar que se trata de una \u201c<b>medida cautelar\u201d que \u201cmantiene intacto el proceso judicial arbitrario en su contra\u201d.<\/b><\/p>\n<p class=\"paragraph\"><b>\u201cMientras no se retiren los cargos y no se garanticen plenamente sus derechos, Martha L\u00eda Grajales seguir\u00e1 siendo una presa de un sistema que utiliza las medidas cautelares como grilletes invisibles para advertir a quienes se atreven a exigir justicia en Venezuela\u201d<\/b>, se\u00f1al\u00f3 el OVP en su cuenta de X.<\/p>\n<p class=\"paragraph\">La organizaci\u00f3n explic\u00f3 que la defensora \u201c<b>contin\u00faa bajo vigilancia, con prohibiciones que cercenan su libertad de expresi\u00f3n, limitan su circulaci\u00f3n y le impiden ejercer el derecho a manifestar pac\u00edficamente<\/b>\u201d.<\/p>\n<p class=\"paragraph\">El OVP afirm\u00f3 que Grajales enfrenta \u201c<b>cargos infundados<\/b>\u201d por los presuntos delitos de incitaci\u00f3n al odio, conspiraci\u00f3n con gobierno extranjero y asociaci\u00f3n, y que fue imputada \u201c<b>sin acceso a un abogado de confianza y sometida a un proceso plagado de irregularidades<\/b>\u201d.<\/p>\n<p class=\"paragraph\">Tambi\u00e9n sostuvo que su caso \u201c<b>es un ejemplo doloroso de c\u00f3mo se criminaliza la protesta y se castiga a quienes acompa\u00f1an a las v\u00edctimas<\/b>\u201d, recordando que su detenci\u00f3n ocurri\u00f3 despu\u00e9s de participar en una manifestaci\u00f3n frente a la sede de la ONU en Caracas. La protesta hab\u00eda sido convocada para rechazar las agresiones sufridas por integrantes del <b>Comit\u00e9 de Madres en Defensa de la Verdad<\/b>, un colectivo que exige la liberaci\u00f3n de familiares presos en el contexto de la crisis posterior a las presidenciales de 2024.<\/p>\n<div class=\"visual__image\"><picture><source srcset=\"https:\/\/www.infobae.com\/resizer\/v2\/MFNVOS3VYZG3PO3WM6JALWPGNU.jpg?auth=b1aea47105b5e23836d03153a168b6cff606a107ef5164371e4eb320d19e06c1&amp;smart=true&amp;width=992&amp;height=657&amp;quality=85\" media=\"(min-width: 1000px)\"\/><source srcset=\"https:\/\/www.infobae.com\/resizer\/v2\/MFNVOS3VYZG3PO3WM6JALWPGNU.jpg?auth=b1aea47105b5e23836d03153a168b6cff606a107ef5164371e4eb320d19e06c1&amp;smart=true&amp;width=768&amp;height=509&amp;quality=85\" media=\"(min-width: 768px)\"\/><source srcset=\"https:\/\/www.infobae.com\/resizer\/v2\/MFNVOS3VYZG3PO3WM6JALWPGNU.jpg?auth=b1aea47105b5e23836d03153a168b6cff606a107ef5164371e4eb320d19e06c1&amp;smart=true&amp;width=577&amp;height=382&amp;quality=85\" media=\"(min-width: 580px)\"\/><source srcset=\"https:\/\/www.infobae.com\/resizer\/v2\/MFNVOS3VYZG3PO3WM6JALWPGNU.jpg?auth=b1aea47105b5e23836d03153a168b6cff606a107ef5164371e4eb320d19e06c1&amp;smart=true&amp;width=420&amp;height=278&amp;quality=85\" media=\"(min-width: 350px)\"\/><source srcset=\"https:\/\/www.infobae.com\/resizer\/v2\/MFNVOS3VYZG3PO3WM6JALWPGNU.jpg?auth=b1aea47105b5e23836d03153a168b6cff606a107ef5164371e4eb320d19e06c1&amp;smart=true&amp;width=350&amp;height=232&amp;quality=85\" media=\"(min-width: 80px)\"\/><img alt=\"Martha L\u00eda Grajales, detenida luego\" class=\"global-image\" decoding=\"async\" fetchpriority=\"low\" height=\"1272\" loading=\"lazy\" src=\"https:\/\/www.infobae.com\/resizer\/v2\/MFNVOS3VYZG3PO3WM6JALWPGNU.jpg?auth=b1aea47105b5e23836d03153a168b6cff606a107ef5164371e4eb320d19e06c1&amp;smart=true&amp;width=350&amp;height=232&amp;quality=85\" width=\"1920\"\/><\/picture><figcaption class=\"article-figcaption-img\">Martha L\u00eda Grajales, detenida luego de una manifestaci\u00f3n en la sede del Sistema de Naciones Unidas en Caracas<\/figcaption><\/div>\n<p class=\"paragraph\">Ese mismo d\u00eda, la ONG <b>Provea<\/b>, que acompa\u00f1\u00f3 el caso, celebr\u00f3 la liberaci\u00f3n de Grajales y reclam\u00f3 la excarcelaci\u00f3n de todos los <b>presos pol\u00edticos<\/b>, cuya cifra asciende a <b>807<\/b> seg\u00fan el Foro Penal. El r\u00e9gimen sostiene que no hay personas detenidas por razones pol\u00edticas y que todos han cometido delitos comunes, una postura respaldada por la Fiscal\u00eda y rechazada por organizaciones de derechos humanos.<\/p>\n<p class=\"paragraph\">Para Provea, \u201c<b>la mayor\u00eda<\/b>\u201d de quienes permanecen encarcelados por motivos pol\u00edticos \u201c<b>han sido v\u00edctimas del mismo patr\u00f3n de abusos que sufri\u00f3 Grajales: detenci\u00f3n arbitraria, desaparici\u00f3n forzada, violaciones al debido proceso e incomunicaci\u00f3n y\/o aislamiento prolongado<\/b>\u201d.<\/p>\n<p class=\"paragraph\">La excarcelaci\u00f3n de Martha Grajales, lejos de representar una restituci\u00f3n plena de sus derechos, expone \u2014seg\u00fan las organizaciones que acompa\u00f1an su caso\u2014 un patr\u00f3n sistem\u00e1tico de represi\u00f3n en Venezuela, donde las medidas cautelares se convierten en herramientas para mantener el control sobre quienes denuncian abusos y defienden a las v\u00edctimas, perpetuando un clima de vigilancia y restricci\u00f3n de las libertades fundamentales.<\/p>\n<p class=\"paragraph\"><i>(Con informaci\u00f3n de EFE)<\/i><\/p>\n<\/div>\n<p><script type=\"didomi\/javascript\" data-vendor=\"facebook\" defer=\"\">try{!function(f,b,e,v,n,t,s) {if(f.fbq)return;n=f.fbq=function(){n.callMethod? n.callMethod.apply(n,arguments):n.queue.push(arguments)}; if(!f._fbq)f._fbq=n;n.push=n;n.loaded=!0;n.version='2.0'; n.queue=[];t=b.createElement(e);t.async=!0; t.src=v;s=b.getElementsByTagName(e)[0]; s.parentNode.insertBefore(t,s)}(window, document,'script', ' fbq('init', '336383993555320'); fbq('track', 'PageView'); fbq('track', 'ViewContent');}catch(error){console.log(\"Error al inicializar facebookPixelRawCodeScript:\",error);}<\/script><\/p>\n","protected":false},"excerpt":{"rendered":"<p>Una ONG considera como \u201cgrilletes invisibles\u201d la excarcelaci\u00f3n en Venezuela de Martha Grajales La ONG Observatorio Venezolano de Prisiones (OVP) calific\u00f3 este mi\u00e9rcoles como \u201cgrilletes invisibles\u201d la excarcelaci\u00f3n de Martha Grajales, activista de derechos humanos del colectivo SurGentes, al precisar que se trata de una \u201cmedida cautelar\u201d que \u201cmantiene intacto el proceso judicial arbitrario en [&hellip;]<\/p>\n","protected":false},"author":2,"featured_media":47654,"comment_status":"","ping_status":"","sticky":false,"template":"","format":"standard","meta":{"footnotes":""},"categories":[3],"tags":[],"_links":{"self":[{"href":"https:\/\/maxradio923.com.ar\/index.php\/wp-json\/wp\/v2\/posts\/47653"}],"collection":[{"href":"https:\/\/maxradio923.com.ar\/index.php\/wp-json\/wp\/v2\/posts"}],"about":[{"href":"https:\/\/maxradio923.com.ar\/index.php\/wp-json\/wp\/v2\/types\/post"}],"author":[{"embeddable":true,"href":"https:\/\/maxradio923.com.ar\/index.php\/wp-json\/wp\/v2\/users\/2"}],"replies":[{"embeddable":true,"href":"https:\/\/maxradio923.com.ar\/index.php\/wp-json\/wp\/v2\/comments?post=47653"}],"version-history":[{"count":0,"href":"https:\/\/maxradio923.com.ar\/index.php\/wp-json\/wp\/v2\/posts\/47653\/revisions"}],"wp:featuredmedia":[{"embeddable":true,"href":"https:\/\/maxradio923.com.ar\/index.php\/wp-json\/wp\/v2\/media\/47654"}],"wp:attachment":[{"href":"https:\/\/maxradio923.com.ar\/index.php\/wp-json\/wp\/v2\/media?parent=47653"}],"wp:term":[{"taxonomy":"category","embeddable":true,"href":"https:\/\/maxradio923.com.ar\/index.php\/wp-json\/wp\/v2\/categories?post=47653"},{"taxonomy":"post_tag","embeddable":true,"href":"https:\/\/maxradio923.com.ar\/index.php\/wp-json\/wp\/v2\/tags?post=47653"}],"curies":[{"name":"wp","href":"https:\/\/api.w.org\/{rel}","templated":true}]}}