{"id":47647,"date":"2025-08-14T02:18:05","date_gmt":"2025-08-14T05:18:05","guid":{"rendered":"https:\/\/maxradio923.com.ar\/index.php\/2025\/08\/14\/la-inteligencia-noruega-considera-a-rusia-la-mayor-amenaza-para-el-pais\/"},"modified":"2025-08-14T02:18:05","modified_gmt":"2025-08-14T05:18:05","slug":"la-inteligencia-noruega-considera-a-rusia-la-mayor-amenaza-para-el-pais","status":"publish","type":"post","link":"https:\/\/maxradio923.com.ar\/index.php\/2025\/08\/14\/la-inteligencia-noruega-considera-a-rusia-la-mayor-amenaza-para-el-pais\/","title":{"rendered":"La inteligencia noruega considera a Rusia la mayor amenaza para el pa\u00eds"},"content":{"rendered":"<p><\/p>\n<div>\n<div class=\"visual__image image-initial-width\"><picture><source srcset=\"https:\/\/www.infobae.com\/resizer\/v2\/MKCFEVH5XZDAPO5JHZDRICYALY.jpg?auth=1d71990ae8e60bfba70e11667235ce317feb5db2cae1fccbf1680d38c6e92282&amp;smart=true&amp;width=992&amp;height=674&amp;quality=85\" media=\"(min-width: 1000px)\"\/><source srcset=\"https:\/\/www.infobae.com\/resizer\/v2\/MKCFEVH5XZDAPO5JHZDRICYALY.jpg?auth=1d71990ae8e60bfba70e11667235ce317feb5db2cae1fccbf1680d38c6e92282&amp;smart=true&amp;width=768&amp;height=522&amp;quality=85\" media=\"(min-width: 768px)\"\/><source srcset=\"https:\/\/www.infobae.com\/resizer\/v2\/MKCFEVH5XZDAPO5JHZDRICYALY.jpg?auth=1d71990ae8e60bfba70e11667235ce317feb5db2cae1fccbf1680d38c6e92282&amp;smart=true&amp;width=577&amp;height=392&amp;quality=85\" media=\"(min-width: 580px)\"\/><source srcset=\"https:\/\/www.infobae.com\/resizer\/v2\/MKCFEVH5XZDAPO5JHZDRICYALY.jpg?auth=1d71990ae8e60bfba70e11667235ce317feb5db2cae1fccbf1680d38c6e92282&amp;smart=true&amp;width=420&amp;height=285&amp;quality=85\" media=\"(min-width: 350px)\"\/><source srcset=\"https:\/\/www.infobae.com\/resizer\/v2\/MKCFEVH5XZDAPO5JHZDRICYALY.jpg?auth=1d71990ae8e60bfba70e11667235ce317feb5db2cae1fccbf1680d38c6e92282&amp;smart=true&amp;width=350&amp;height=238&amp;quality=85\" media=\"(min-width: 80px)\"\/><img alt=\"El presidente ruso Vladimir Putin\" class=\"global-image\" decoding=\"async\" fetchpriority=\"high\" height=\"5103\" loading=\"eager\" src=\"https:\/\/www.infobae.com\/resizer\/v2\/MKCFEVH5XZDAPO5JHZDRICYALY.jpg?auth=1d71990ae8e60bfba70e11667235ce317feb5db2cae1fccbf1680d38c6e92282&amp;smart=true&amp;width=350&amp;height=238&amp;quality=85\" width=\"7509\"\/><\/picture><figcaption class=\"article-figcaption-img\">El presidente ruso Vladimir Putin en Mosc\u00fa el 13 de agosto del 2025. (Vyacheslav Prokofyev, Sputnik, Kremlin Pool Photo via AP)<\/figcaption><\/div>\n<p class=\"paragraph\"><b>Nils Andreas Stens\u00f8nes<\/b>, jefe de la inteligencia noruega, se\u00f1al\u00f3 que la Federaci\u00f3n Rusa representa actualmente \u201c<b>la principal amenaza para la seguridad<\/b>\u201d del pa\u00eds, seg\u00fan inform\u00f3 el medio noruego <i>VG <\/i>en base a declaraciones del funcionario durante el evento \u201cAtaques h\u00edbridos contra Noruega: \u00bfestamos en guerra?\u201d.<\/p>\n<p class=\"paragraph\">En su intervenci\u00f3n, Stens\u00f8nes precis\u00f3 que Noruega no se encuentra en situaci\u00f3n de guerra, aunque advirti\u00f3 que, en opini\u00f3n del presidente ruso Vladimir Putin, <b>\u201cRusia est\u00e1 en constante conflicto con Occidente\u201d.<\/b><\/p>\n<p class=\"paragraph\">Stens\u00f8nes asegur\u00f3 que Rusia no tiene entre sus objetivos influir en las elecciones parlamentarias noruegas previstas para este a\u00f1o, aunque reconoci\u00f3 que el pa\u00eds ha interferido en procesos electorales de otras naciones europeas. \u201c<b>Pero Rusia est\u00e1 interesada en influir en nosotros a largo plazo<\/b>\u201d, coment\u00f3 el jefe de inteligencia, citado por <i>VG<\/i>.<\/p>\n<p class=\"paragraph\">El an\u00e1lisis de las autoridades noruegas coincide con las preocupaciones de otros pa\u00edses europeos. Seg\u00fan el An\u00e1lisis Estrat\u00e9gico Nacional de Francia para 2025, citado por altos mandos militares franceses, Rusia podr\u00eda convertirse en una amenaza real para Europa hacia 2030 y recomiendan preparativos para posibles escenarios de guerra de alta intensidad en el continente.<\/p>\n<p class=\"paragraph\">En julio, el primer ministro noruego <b>Jonas Gahr St\u00f8re <\/b>expres\u00f3 su disposici\u00f3n a aportar fondos adicionales para reforzar la defensa a\u00e9rea de Ucrania, en coordinaci\u00f3n con Alemania. Asimismo, Suecia, Noruega y Dinamarca anunciaron una contribuci\u00f3n conjunta de 500 millones de d\u00f3lares para suministrar armas estadounidenses prioritarias a Ucrania en el marco de una nueva iniciativa de la OTAN.<\/p>\n<div class=\"visual__image\"><picture><source srcset=\"https:\/\/www.infobae.com\/resizer\/v2\/VN6ZW2KJOBB3EX7ECOHU7MCJLU.jpg?auth=f997830047c6cda1f3853eb1c1074c3b030c08ad8bb415ccbaa6fbea7a6b32c1&amp;smart=true&amp;width=992&amp;height=661&amp;quality=85\" media=\"(min-width: 1000px)\"\/><source srcset=\"https:\/\/www.infobae.com\/resizer\/v2\/VN6ZW2KJOBB3EX7ECOHU7MCJLU.jpg?auth=f997830047c6cda1f3853eb1c1074c3b030c08ad8bb415ccbaa6fbea7a6b32c1&amp;smart=true&amp;width=768&amp;height=512&amp;quality=85\" media=\"(min-width: 768px)\"\/><source srcset=\"https:\/\/www.infobae.com\/resizer\/v2\/VN6ZW2KJOBB3EX7ECOHU7MCJLU.jpg?auth=f997830047c6cda1f3853eb1c1074c3b030c08ad8bb415ccbaa6fbea7a6b32c1&amp;smart=true&amp;width=577&amp;height=384&amp;quality=85\" media=\"(min-width: 580px)\"\/><source srcset=\"https:\/\/www.infobae.com\/resizer\/v2\/VN6ZW2KJOBB3EX7ECOHU7MCJLU.jpg?auth=f997830047c6cda1f3853eb1c1074c3b030c08ad8bb415ccbaa6fbea7a6b32c1&amp;smart=true&amp;width=420&amp;height=280&amp;quality=85\" media=\"(min-width: 350px)\"\/><source srcset=\"https:\/\/www.infobae.com\/resizer\/v2\/VN6ZW2KJOBB3EX7ECOHU7MCJLU.jpg?auth=f997830047c6cda1f3853eb1c1074c3b030c08ad8bb415ccbaa6fbea7a6b32c1&amp;smart=true&amp;width=350&amp;height=233&amp;quality=85\" media=\"(min-width: 80px)\"\/><img alt=\"FOTO DE ARCHIVO. El primer\" class=\"global-image\" decoding=\"async\" fetchpriority=\"low\" height=\"533\" loading=\"lazy\" src=\"https:\/\/www.infobae.com\/resizer\/v2\/VN6ZW2KJOBB3EX7ECOHU7MCJLU.jpg?auth=f997830047c6cda1f3853eb1c1074c3b030c08ad8bb415ccbaa6fbea7a6b32c1&amp;smart=true&amp;width=350&amp;height=233&amp;quality=85\" width=\"800\"\/><\/picture><figcaption class=\"article-figcaption-img\">FOTO DE ARCHIVO. El primer ministro de Noruega, Jonas Gahr St\u00f8re, asiste a una sesi\u00f3n de trabajo de una cumbre de la OTAN en Madrid, Espa\u00f1a. 30 de junio de 2022. REUTERS\/Susana Vera<\/figcaption><\/div>\n<p class=\"paragraph\">Piratas inform\u00e1ticos rusos son los principales sospechosos del sabotaje ocurrido en una <b>presa de Noruega en abril<\/b>, seg\u00fan informaron el mi\u00e9rcoles funcionarios policiales a medios locales. La directora del Servicio de Seguridad de la Polic\u00eda Noruega (PST), Beate Gang\u00e5s, indic\u00f3 que los ciberataques contra naciones occidentales est\u00e1n aumentando con el objetivo de sembrar miedo e inquietud.<\/p>\n<p class=\"paragraph\">De acuerdo con <i>NRK<\/i>, durante el incidente de abril, los atacantes accedieron de manera remota a un sistema digital que controla una de las v\u00e1lvulas de la presa y la abrieron para <b>incrementar el flujo de agua<\/b>. La v\u00e1lvula permaneci\u00f3 abierta durante unas cuatro horas sin provocar peligro para la zona adyacente, seg\u00fan el informe de la emisora.<\/p>\n<p class=\"paragraph\">Un video de tres minutos, que muestra el panel de control de la presa y una marca identificatoria de un grupo cibercriminal prorruso, se public\u00f3 en Telegram en abril, inform\u00f3 el abogado de la polic\u00eda Terje Nedreb\u00f8 Michelsen a <i>NRK<\/i>. Autoridades reconocen que videos similares han circulado antes en redes sociales, pero es la primera vez desde 2022 que sugieren p\u00fablicamente un ataque exitoso de hackers prorrusos contra infraestructura cr\u00edtica de agua en Europa.<\/p>\n<p class=\"paragraph\">El mapa elaborado por <i>AP <\/i>identifica m\u00e1s de 70 incidentes atribuidos a Rusia dentro de una campa\u00f1a de desestabilizaci\u00f3n que recorre toda Europa. Desde la invasi\u00f3n de Ucrania, funcionarios occidentales han responsabilizado a Rusia por docenas de hechos que incluyen <b>vandalismo, incendios y hasta intentos de asesinato.<\/b> Las fuentes de inteligencia citadas por AP advierten que la campa\u00f1a est\u00e1 aumentando su nivel de violencia.<\/p>\n<p class=\"paragraph\">Gang\u00e5s afirm\u00f3 ante <i>NRK <\/i>que los actores estatales suelen valerse de otros grupos para hackear instalaciones, como una forma de mostrar sus capacidades y luego presumir de ello p\u00fablicamente. Compareci\u00f3 el mi\u00e9rcoles junto al jefe de la agencia de inteligencia noruega en una sesi\u00f3n informativa titulada \u201cAtaques h\u00edbridos contra Noruega: \u00bfestamos en guerra?\u201d.<\/p>\n<p class=\"paragraph\">Gang\u00e5s alert\u00f3 de que esta clase de ataques probablemente continuar\u00e1 increment\u00e1ndose en Noruega y otros pa\u00edses europeos.<\/p>\n<p class=\"paragraph\"><i>(Con informaci\u00f3n de AP)<\/i><\/p>\n<\/div>\n<p><script type=\"didomi\/javascript\" data-vendor=\"facebook\" defer=\"\">try{!function(f,b,e,v,n,t,s) {if(f.fbq)return;n=f.fbq=function(){n.callMethod? n.callMethod.apply(n,arguments):n.queue.push(arguments)}; if(!f._fbq)f._fbq=n;n.push=n;n.loaded=!0;n.version='2.0'; n.queue=[];t=b.createElement(e);t.async=!0; t.src=v;s=b.getElementsByTagName(e)[0]; s.parentNode.insertBefore(t,s)}(window, document,'script', ' fbq('init', '336383993555320'); fbq('track', 'PageView'); fbq('track', 'ViewContent');}catch(error){console.log(\"Error al inicializar facebookPixelRawCodeScript:\",error);}<\/script><\/p>\n","protected":false},"excerpt":{"rendered":"<p>El presidente ruso Vladimir Putin en Mosc\u00fa el 13 de agosto del 2025. (Vyacheslav Prokofyev, Sputnik, Kremlin Pool Photo via AP) Nils Andreas Stens\u00f8nes, jefe de la inteligencia noruega, se\u00f1al\u00f3 que la Federaci\u00f3n Rusa representa actualmente \u201cla principal amenaza para la seguridad\u201d del pa\u00eds, seg\u00fan inform\u00f3 el medio noruego VG en base a declaraciones del [&hellip;]<\/p>\n","protected":false},"author":2,"featured_media":47648,"comment_status":"","ping_status":"","sticky":false,"template":"","format":"standard","meta":{"footnotes":""},"categories":[3],"tags":[],"_links":{"self":[{"href":"https:\/\/maxradio923.com.ar\/index.php\/wp-json\/wp\/v2\/posts\/47647"}],"collection":[{"href":"https:\/\/maxradio923.com.ar\/index.php\/wp-json\/wp\/v2\/posts"}],"about":[{"href":"https:\/\/maxradio923.com.ar\/index.php\/wp-json\/wp\/v2\/types\/post"}],"author":[{"embeddable":true,"href":"https:\/\/maxradio923.com.ar\/index.php\/wp-json\/wp\/v2\/users\/2"}],"replies":[{"embeddable":true,"href":"https:\/\/maxradio923.com.ar\/index.php\/wp-json\/wp\/v2\/comments?post=47647"}],"version-history":[{"count":0,"href":"https:\/\/maxradio923.com.ar\/index.php\/wp-json\/wp\/v2\/posts\/47647\/revisions"}],"wp:featuredmedia":[{"embeddable":true,"href":"https:\/\/maxradio923.com.ar\/index.php\/wp-json\/wp\/v2\/media\/47648"}],"wp:attachment":[{"href":"https:\/\/maxradio923.com.ar\/index.php\/wp-json\/wp\/v2\/media?parent=47647"}],"wp:term":[{"taxonomy":"category","embeddable":true,"href":"https:\/\/maxradio923.com.ar\/index.php\/wp-json\/wp\/v2\/categories?post=47647"},{"taxonomy":"post_tag","embeddable":true,"href":"https:\/\/maxradio923.com.ar\/index.php\/wp-json\/wp\/v2\/tags?post=47647"}],"curies":[{"name":"wp","href":"https:\/\/api.w.org\/{rel}","templated":true}]}}