{"id":47645,"date":"2025-08-14T01:46:07","date_gmt":"2025-08-14T04:46:07","guid":{"rendered":"https:\/\/maxradio923.com.ar\/index.php\/2025\/08\/14\/aliados-de-ucrania-impulsaran-un-endurecimiento-de-las-sanciones-a-rusia-si-putin-no-acepta-una-tregua-en-la-cumbre-con-trump\/"},"modified":"2025-08-14T01:46:07","modified_gmt":"2025-08-14T04:46:07","slug":"aliados-de-ucrania-impulsaran-un-endurecimiento-de-las-sanciones-a-rusia-si-putin-no-acepta-una-tregua-en-la-cumbre-con-trump","status":"publish","type":"post","link":"https:\/\/maxradio923.com.ar\/index.php\/2025\/08\/14\/aliados-de-ucrania-impulsaran-un-endurecimiento-de-las-sanciones-a-rusia-si-putin-no-acepta-una-tregua-en-la-cumbre-con-trump\/","title":{"rendered":"Aliados de Ucrania impulsar\u00e1n un endurecimiento de las sanciones a Rusia si Putin no acepta una tregua en la cumbre con Trump"},"content":{"rendered":"<p><\/p>\n<div>\n<div class=\"visual__image image-initial-width\"><picture><source srcset=\"https:\/\/www.infobae.com\/resizer\/v2\/GPMHMMC2KRHB3KACKBFMC3QZRM.JPG?auth=a71320f9caf441d5d0471d1371ad1fc631814b8245258226f938beaf61f8b20c&amp;smart=true&amp;width=992&amp;height=662&amp;quality=85\" media=\"(min-width: 1000px)\"\/><source srcset=\"https:\/\/www.infobae.com\/resizer\/v2\/GPMHMMC2KRHB3KACKBFMC3QZRM.JPG?auth=a71320f9caf441d5d0471d1371ad1fc631814b8245258226f938beaf61f8b20c&amp;smart=true&amp;width=768&amp;height=513&amp;quality=85\" media=\"(min-width: 768px)\"\/><source srcset=\"https:\/\/www.infobae.com\/resizer\/v2\/GPMHMMC2KRHB3KACKBFMC3QZRM.JPG?auth=a71320f9caf441d5d0471d1371ad1fc631814b8245258226f938beaf61f8b20c&amp;smart=true&amp;width=577&amp;height=385&amp;quality=85\" media=\"(min-width: 580px)\"\/><source srcset=\"https:\/\/www.infobae.com\/resizer\/v2\/GPMHMMC2KRHB3KACKBFMC3QZRM.JPG?auth=a71320f9caf441d5d0471d1371ad1fc631814b8245258226f938beaf61f8b20c&amp;smart=true&amp;width=420&amp;height=280&amp;quality=85\" media=\"(min-width: 350px)\"\/><source srcset=\"https:\/\/www.infobae.com\/resizer\/v2\/GPMHMMC2KRHB3KACKBFMC3QZRM.JPG?auth=a71320f9caf441d5d0471d1371ad1fc631814b8245258226f938beaf61f8b20c&amp;smart=true&amp;width=350&amp;height=234&amp;quality=85\" media=\"(min-width: 80px)\"\/><img alt=\"El presidente franc\u00e9s Emmanuel Macron,\" class=\"global-image\" decoding=\"async\" fetchpriority=\"high\" height=\"534\" loading=\"eager\" src=\"https:\/\/www.infobae.com\/resizer\/v2\/GPMHMMC2KRHB3KACKBFMC3QZRM.JPG?auth=a71320f9caf441d5d0471d1371ad1fc631814b8245258226f938beaf61f8b20c&amp;smart=true&amp;width=350&amp;height=234&amp;quality=85\" width=\"800\"\/><\/picture><figcaption class=\"article-figcaption-img\">El presidente franc\u00e9s Emmanuel Macron, el presidente del Consejo Europeo Antonio Costa, el ministro franc\u00e9s para Europa y Asuntos Exteriores Jean-No\u00ebl Barrot y el ministro de las Fuerzas Armadas de Francia S\u00e9bastien Lecornu asistieron a una videoconferencia con el presidente ucraniano Volodimir Zelensky y el canciller alem\u00e1n Friedrich Merz para hablar sobre la guerra en curso en Ucrania, en Fort de Bregancon en Bormes-les-Mimosas, Francia, este 13 de agosto de 2025 (PHILIPPE MAGONI\/Reuters)<\/figcaption><\/div>\n<p class=\"paragraph\">Los aliados de Ucrania en la denominada<b> Coalici\u00f3n de Voluntarios, encabezados por Francia, el Reino Unido y Alemania, <\/b>advirtieron este mi\u00e9rcoles que exigir\u00e1n endurecer las sanciones a Rusia si su presidente, Vladimir Putin, no acepta un alto el fuego en la cumbre prevista para el viernes en Alaska con el presidente estadounidense Donald Trump, seg\u00fan una declaraci\u00f3n conjunta difundida tras una videoconferencia de l\u00edderes europeos y aliados.<\/p>\n<p class=\"paragraph\">La reuni\u00f3n virtual, presidida por <b>el presidente franc\u00e9s Emmanuel Macron, el primer ministro brit\u00e1nico Keir Starmer y el canciller alem\u00e1n Friedrich Merz<\/b>, cont\u00f3 con la participaci\u00f3n del <b>presidente ucraniano Volodimir Zelensky, el vicepresidente estadounidense J.D. Vance y otros jefes de Estado y de Gobierno, entre ellos el presidente del Gobierno espa\u00f1ol Pedro S\u00e1nchez. <\/b><\/p>\n<p class=\"paragraph\">Seg\u00fan el comunicado firmado por los l\u00edderes, la Coalici\u00f3n de Voluntarios, compuesta por m\u00e1s de una treintena de pa\u00edses, ratific\u00f3 su disposici\u00f3n a \u201ctener un papel activo en las garant\u00edas de seguridad para Ucrania\u201d y a <b>desplegar una \u201cfuerza de reaseguro\u201d una vez se logre un alto el fuego.<\/b><\/p>\n<p class=\"paragraph\">La coalici\u00f3n subray\u00f3 que \u201cno deber\u00eda imponerse ninguna restricci\u00f3n a las fuerzas armadas ucranianas ni a su cooperaci\u00f3n con terceros pa\u00edses\u201d y enfatiz\u00f3<b> que Rusia no tiene derecho de veto sobre el camino de Ucrania hacia la Uni\u00f3n Europea (UE) y la Organizaci\u00f3n del Tratado del Atl\u00e1ntico Norte (OTAN)<\/b>. <\/p>\n<p class=\"paragraph\">Los l\u00edderes tambi\u00e9n remarcaron que <b>\u201cno se deben modificar las fronteras internacionales por la fuerza\u201d<\/b> y que solo se pueden iniciar negociaciones de paz sobre la base de un cese real de las hostilidades.<\/p>\n<p class=\"paragraph\">Las posiciones de la coalici\u00f3n se produjeron como reacci\u00f3n a la pr\u00f3xima cumbre en Alaska, donde Donald Trump y Vladimir Putin prev\u00e9n un cara a cara bilateral. Los aliados europeos advirtieron que el resultado del encuentro depender\u00e1 de la disposici\u00f3n de Rusia para aceptar un alto el fuego. <b>\u201cSi no hay movimiento por parte de Rusia en Alaska, entonces Estados Unidos y nosotros, los europeos, debemos y tenemos que aumentar la presi\u00f3n\u201d<\/b>, advirti\u00f3 Merz.<\/p>\n<div class=\"visual__image\"><picture><source srcset=\"https:\/\/www.infobae.com\/resizer\/v2\/OB2UHV765NADJL7QDXP635E74I.JPG?auth=168a983f6df544d1c9eda7d5aff1d368d98580004636417c47c09e1cb49cc39f&amp;smart=true&amp;width=992&amp;height=565&amp;quality=85\" media=\"(min-width: 1000px)\"\/><source srcset=\"https:\/\/www.infobae.com\/resizer\/v2\/OB2UHV765NADJL7QDXP635E74I.JPG?auth=168a983f6df544d1c9eda7d5aff1d368d98580004636417c47c09e1cb49cc39f&amp;smart=true&amp;width=768&amp;height=437&amp;quality=85\" media=\"(min-width: 768px)\"\/><source srcset=\"https:\/\/www.infobae.com\/resizer\/v2\/OB2UHV765NADJL7QDXP635E74I.JPG?auth=168a983f6df544d1c9eda7d5aff1d368d98580004636417c47c09e1cb49cc39f&amp;smart=true&amp;width=577&amp;height=329&amp;quality=85\" media=\"(min-width: 580px)\"\/><source srcset=\"https:\/\/www.infobae.com\/resizer\/v2\/OB2UHV765NADJL7QDXP635E74I.JPG?auth=168a983f6df544d1c9eda7d5aff1d368d98580004636417c47c09e1cb49cc39f&amp;smart=true&amp;width=420&amp;height=239&amp;quality=85\" media=\"(min-width: 350px)\"\/><source srcset=\"https:\/\/www.infobae.com\/resizer\/v2\/OB2UHV765NADJL7QDXP635E74I.JPG?auth=168a983f6df544d1c9eda7d5aff1d368d98580004636417c47c09e1cb49cc39f&amp;smart=true&amp;width=350&amp;height=199&amp;quality=85\" media=\"(min-width: 80px)\"\/><img alt=\"El presidente ucraniano Volodimir Zelensky\" class=\"global-image\" decoding=\"async\" fetchpriority=\"low\" height=\"2846\" loading=\"lazy\" src=\"https:\/\/www.infobae.com\/resizer\/v2\/OB2UHV765NADJL7QDXP635E74I.JPG?auth=168a983f6df544d1c9eda7d5aff1d368d98580004636417c47c09e1cb49cc39f&amp;smart=true&amp;width=350&amp;height=199&amp;quality=85\" width=\"4996\"\/><\/picture><figcaption class=\"article-figcaption-img\">El presidente ucraniano Volodimir Zelensky y el canciller alem\u00e1n Friedrich Merz asistieron a una videoconferencia de l\u00edderes europeos y mundiales sobre la guerra en Ucrania, antes de la cumbre entre el presidente estadounidense Trump y el presidente ruso Vladimir Putin, en Berl\u00edn, Alemania, este 13 de agosto de 2025 (JOHN MACDOUGALL\/REUTERS)<\/figcaption><\/div>\n<p class=\"paragraph\">Durante la videoconferencia, Trump comunic\u00f3 a los aliados que su prioridad para el viernes es \u201clograr un alto el fuego\u201d y que <b>no se negociar\u00e1n cesiones territoriales en ausencia del presidente ucraniano<\/b>. \u201cUna cosa expresada con mucha claridad por Trump es que las cuestiones territoriales que competen a Ucrania solo ser\u00e1n negociadas por el presidente ucraniano, y esa es la posici\u00f3n que apoyamos\u201d, destac\u00f3 Emmanuel Macron.<\/p>\n<p class=\"paragraph\">El presidente de Francia tambi\u00e9n defendi\u00f3 la participaci\u00f3n norteamericana como \u201cfundamental\u201d en futuras garant\u00edas de seguridad para el pa\u00eds europeo, aunque se\u00f1al\u00f3 que Trump no contempla la implicaci\u00f3n de la OTAN en esas medidas. \u201cLa OTAN no debe formar parte de estas garant\u00edas, pero Estados Unidos y todos los aliados cercanos deber\u00edan formar parte de ellas\u201d, precis\u00f3 Macron en la rueda de prensa celebrada junto al presidente del Consejo Europeo Ant\u00f3nio Costa.<\/p>\n<p class=\"paragraph\">La Coalici\u00f3n de Voluntarios, formada a comienzos de a\u00f1o para apoyar militarmente a Kiev y articular garant\u00edas de seguridad a futuro, reiter\u00f3 este mi\u00e9rcoles que est\u00e1 \u201cdispuesta a desplegar una fuerza de paz en territorio ucraniano cuando se acuerde un alto el fuego en el marco de la invasi\u00f3n rusa iniciada en febrero de 2022\u201d. La declaraci\u00f3n, publicada por el Gobierno brit\u00e1nico tras la cita virtual, insiste en que \u201c<b>s\u00f3lo pueden llevarse a cabo negociaciones significativas en el contexto de un alto el fuego\u201d<\/b> y sostiene que una salida diplom\u00e1tica debe salvaguardar \u201clos intereses vitales de seguridad de Ucrania y de Europa\u201d.<\/p>\n<div class=\"visual__image\"><picture><source srcset=\"https:\/\/www.infobae.com\/resizer\/v2\/CQDG6YLNCNCPJK2CQTKGBEDUAA.JPG?auth=6a88795c6c19b39026cbbcba01ca389f05d17a194ccec8299416171cdebfba54&amp;smart=true&amp;width=992&amp;height=694&amp;quality=85\" media=\"(min-width: 1000px)\"\/><source srcset=\"https:\/\/www.infobae.com\/resizer\/v2\/CQDG6YLNCNCPJK2CQTKGBEDUAA.JPG?auth=6a88795c6c19b39026cbbcba01ca389f05d17a194ccec8299416171cdebfba54&amp;smart=true&amp;width=768&amp;height=537&amp;quality=85\" media=\"(min-width: 768px)\"\/><source srcset=\"https:\/\/www.infobae.com\/resizer\/v2\/CQDG6YLNCNCPJK2CQTKGBEDUAA.JPG?auth=6a88795c6c19b39026cbbcba01ca389f05d17a194ccec8299416171cdebfba54&amp;smart=true&amp;width=577&amp;height=403&amp;quality=85\" media=\"(min-width: 580px)\"\/><source srcset=\"https:\/\/www.infobae.com\/resizer\/v2\/CQDG6YLNCNCPJK2CQTKGBEDUAA.JPG?auth=6a88795c6c19b39026cbbcba01ca389f05d17a194ccec8299416171cdebfba54&amp;smart=true&amp;width=420&amp;height=294&amp;quality=85\" media=\"(min-width: 350px)\"\/><source srcset=\"https:\/\/www.infobae.com\/resizer\/v2\/CQDG6YLNCNCPJK2CQTKGBEDUAA.JPG?auth=6a88795c6c19b39026cbbcba01ca389f05d17a194ccec8299416171cdebfba54&amp;smart=true&amp;width=350&amp;height=245&amp;quality=85\" media=\"(min-width: 80px)\"\/><img alt=\"Zelensky y Merz encabezaron una\" class=\"global-image\" decoding=\"async\" fetchpriority=\"low\" height=\"3956\" loading=\"lazy\" src=\"https:\/\/www.infobae.com\/resizer\/v2\/CQDG6YLNCNCPJK2CQTKGBEDUAA.JPG?auth=6a88795c6c19b39026cbbcba01ca389f05d17a194ccec8299416171cdebfba54&amp;smart=true&amp;width=350&amp;height=245&amp;quality=85\" width=\"5658\"\/><\/picture><figcaption class=\"article-figcaption-img\">Zelensky y Merz encabezaron una videoconferencia de l\u00edderes europeos y mundiales sobre la guerra en Ucrania en Berl\u00edn, Alemania, este mi\u00e9rcoles (JOHN MACDOUGALL\/REUTERS)<\/figcaption><\/div>\n<p class=\"paragraph\">Por su parte, la presidenta de la Comisi\u00f3n Europea, <b>Ursula von der Leyen, valor\u00f3 la llamada con Trump y Zelensky como \u201cbuena\u201d y asegur\u00f3 que \u201cha servido para reforzar el terreno com\u00fan para Ucrania\u201d.<\/b> El secretario general de la OTAN, Mark Rutte, public\u00f3 en redes sociales que europeos y estadounidenses est\u00e1n \u201cunidos\u201d en el objetivo de impulsar el final del conflicto y lograr una paz \u201cjusta y duradera\u201d.<\/p>\n<p class=\"paragraph\">En sus declaraciones, Zelensky advirti\u00f3 que Putin \u201cest\u00e1 yendo de farol\u201d y que \u201cno quiere la paz\u201d, mientras que<b> Starmer consider\u00f3 viable alcanzar un alto el fuego en Ucrania \u201cgracias\u201d a la mediaci\u00f3n de Trump.<\/b> Los l\u00edderes reiteraron que la soluci\u00f3n debe construirse con la participaci\u00f3n de Ucrania y que nunca se deben tomar decisiones sobre intercambio territorial sin contar con Kiev.<\/p>\n<p class=\"paragraph\">La cita en Alaska entre Trump y Putin, en la que no participar\u00e1n ni Ucrania ni la Uni\u00f3n Europea, es vista como un momento clave que podr\u00eda marcar el futuro de la guerra y la estabilidad regional, con la comunidad internacional a la expectativa de si Rusia mostrar\u00e1 apertura a negociar un cese de hostilidades o persistir\u00e1 en su ofensiva militar.<\/p>\n<p class=\"paragraph\"><i>(Con informaci\u00f3n de EFE y EP)<\/i><\/p>\n<\/div>\n<p><script type=\"didomi\/javascript\" data-vendor=\"facebook\" defer=\"\">try{!function(f,b,e,v,n,t,s) {if(f.fbq)return;n=f.fbq=function(){n.callMethod? n.callMethod.apply(n,arguments):n.queue.push(arguments)}; if(!f._fbq)f._fbq=n;n.push=n;n.loaded=!0;n.version='2.0'; n.queue=[];t=b.createElement(e);t.async=!0; t.src=v;s=b.getElementsByTagName(e)[0]; s.parentNode.insertBefore(t,s)}(window, document,'script', ' fbq('init', '336383993555320'); fbq('track', 'PageView'); fbq('track', 'ViewContent');}catch(error){console.log(\"Error al inicializar facebookPixelRawCodeScript:\",error);}<\/script><\/p>\n","protected":false},"excerpt":{"rendered":"<p>El presidente franc\u00e9s Emmanuel Macron, el presidente del Consejo Europeo Antonio Costa, el ministro franc\u00e9s para Europa y Asuntos Exteriores Jean-No\u00ebl Barrot y el ministro de las Fuerzas Armadas de Francia S\u00e9bastien Lecornu asistieron a una videoconferencia con el presidente ucraniano Volodimir Zelensky y el canciller alem\u00e1n Friedrich Merz para hablar sobre la guerra en [&hellip;]<\/p>\n","protected":false},"author":2,"featured_media":47646,"comment_status":"","ping_status":"","sticky":false,"template":"","format":"standard","meta":{"footnotes":""},"categories":[3],"tags":[],"_links":{"self":[{"href":"https:\/\/maxradio923.com.ar\/index.php\/wp-json\/wp\/v2\/posts\/47645"}],"collection":[{"href":"https:\/\/maxradio923.com.ar\/index.php\/wp-json\/wp\/v2\/posts"}],"about":[{"href":"https:\/\/maxradio923.com.ar\/index.php\/wp-json\/wp\/v2\/types\/post"}],"author":[{"embeddable":true,"href":"https:\/\/maxradio923.com.ar\/index.php\/wp-json\/wp\/v2\/users\/2"}],"replies":[{"embeddable":true,"href":"https:\/\/maxradio923.com.ar\/index.php\/wp-json\/wp\/v2\/comments?post=47645"}],"version-history":[{"count":0,"href":"https:\/\/maxradio923.com.ar\/index.php\/wp-json\/wp\/v2\/posts\/47645\/revisions"}],"wp:featuredmedia":[{"embeddable":true,"href":"https:\/\/maxradio923.com.ar\/index.php\/wp-json\/wp\/v2\/media\/47646"}],"wp:attachment":[{"href":"https:\/\/maxradio923.com.ar\/index.php\/wp-json\/wp\/v2\/media?parent=47645"}],"wp:term":[{"taxonomy":"category","embeddable":true,"href":"https:\/\/maxradio923.com.ar\/index.php\/wp-json\/wp\/v2\/categories?post=47645"},{"taxonomy":"post_tag","embeddable":true,"href":"https:\/\/maxradio923.com.ar\/index.php\/wp-json\/wp\/v2\/tags?post=47645"}],"curies":[{"name":"wp","href":"https:\/\/api.w.org\/{rel}","templated":true}]}}