{"id":47640,"date":"2025-08-14T00:10:11","date_gmt":"2025-08-14T03:10:11","guid":{"rendered":"https:\/\/maxradio923.com.ar\/index.php\/2025\/08\/14\/julio-de-2025-fue-el-mes-mas-letal-para-civiles-en-ucrania-desde-el-inicio-de-la-invasion-rusa\/"},"modified":"2025-08-14T00:10:11","modified_gmt":"2025-08-14T03:10:11","slug":"julio-de-2025-fue-el-mes-mas-letal-para-civiles-en-ucrania-desde-el-inicio-de-la-invasion-rusa","status":"publish","type":"post","link":"https:\/\/maxradio923.com.ar\/index.php\/2025\/08\/14\/julio-de-2025-fue-el-mes-mas-letal-para-civiles-en-ucrania-desde-el-inicio-de-la-invasion-rusa\/","title":{"rendered":"Julio de 2025 fue el mes m\u00e1s letal para civiles en Ucrania desde el inicio de la invasi\u00f3n rusa"},"content":{"rendered":"<p><\/p>\n<div>\n<div class=\"visual__image image-initial-width\"><picture><source srcset=\"https:\/\/www.infobae.com\/resizer\/v2\/HBQK5DWX3JB7TG2M5XDKZIIFTI.JPG?auth=80c8ef97425aae608f5cb0f93b9a497103f6146b702d105e1ab4c90f04cc2944&amp;smart=true&amp;width=992&amp;height=661&amp;quality=85\" media=\"(min-width: 1000px)\"\/><source srcset=\"https:\/\/www.infobae.com\/resizer\/v2\/HBQK5DWX3JB7TG2M5XDKZIIFTI.JPG?auth=80c8ef97425aae608f5cb0f93b9a497103f6146b702d105e1ab4c90f04cc2944&amp;smart=true&amp;width=768&amp;height=512&amp;quality=85\" media=\"(min-width: 768px)\"\/><source srcset=\"https:\/\/www.infobae.com\/resizer\/v2\/HBQK5DWX3JB7TG2M5XDKZIIFTI.JPG?auth=80c8ef97425aae608f5cb0f93b9a497103f6146b702d105e1ab4c90f04cc2944&amp;smart=true&amp;width=577&amp;height=384&amp;quality=85\" media=\"(min-width: 580px)\"\/><source srcset=\"https:\/\/www.infobae.com\/resizer\/v2\/HBQK5DWX3JB7TG2M5XDKZIIFTI.JPG?auth=80c8ef97425aae608f5cb0f93b9a497103f6146b702d105e1ab4c90f04cc2944&amp;smart=true&amp;width=420&amp;height=280&amp;quality=85\" media=\"(min-width: 350px)\"\/><source srcset=\"https:\/\/www.infobae.com\/resizer\/v2\/HBQK5DWX3JB7TG2M5XDKZIIFTI.JPG?auth=80c8ef97425aae608f5cb0f93b9a497103f6146b702d105e1ab4c90f04cc2944&amp;smart=true&amp;width=350&amp;height=233&amp;quality=85\" media=\"(min-width: 80px)\"\/><img alt=\"Miembros de los servicios de\" class=\"global-image\" decoding=\"async\" fetchpriority=\"high\" height=\"533\" loading=\"eager\" src=\"https:\/\/www.infobae.com\/resizer\/v2\/HBQK5DWX3JB7TG2M5XDKZIIFTI.JPG?auth=80c8ef97425aae608f5cb0f93b9a497103f6146b702d105e1ab4c90f04cc2944&amp;smart=true&amp;width=350&amp;height=233&amp;quality=85\" width=\"800\"\/><\/picture><figcaption class=\"article-figcaption-img\">Miembros de los servicios de emergencia trabajan en el lugar de un ataque con misiles rusos en Sumy, Ucrania, el 13 de abril de 2025 (REUTERS\/Sofiia Gatilova)<\/figcaption><\/div>\n<p class=\"paragraph\">La Organizaci\u00f3n de Naciones Unidas (ONU) advirti\u00f3 este mi\u00e9rcoles que el mes de <b>julio de 2025 registr\u00f3 el mayor n\u00famero de v\u00edctimas civiles mensuales desde el comienzo de la invasi\u00f3n de <\/b><b>Ucrania<\/b><b> por parte de Rusia el 24 de febrero de 2022<\/b>. Seg\u00fan la Misi\u00f3n de Observaci\u00f3n de Naciones Unidas sobre los Derechos Humanos en Ucrania (HRMMU), se confirmaron <b>286 muertos<\/b> y <b>1.388 heridos<\/b>, cifras que superan las alcanzadas en junio de 2025, hasta entonces las m\u00e1s altas del conflicto.<\/p>\n<p class=\"paragraph\">La directora de la misi\u00f3n, Danielle Bell, explic\u00f3: \u201cPor segundo mes consecutivo, el n\u00famero de v\u00edctimas civiles en Ucrania alcanza un nuevo r\u00e9cord en tres a\u00f1os. <b>Solo en los tres primeros meses tras el inicio de la invasi\u00f3n a gran escala de Ucrania por parte de Rusia hubo m\u00e1s muertos y heridos que en el \u00faltimo mes\u201d<\/b>, seg\u00fan HRMMU.<\/p>\n<p class=\"paragraph\">El informe se\u00f1ala que el aumento de bajas en julio representa la continuidad de un crecimiento sostenido en las cifras de v\u00edctimas civiles en 2025. En los primeros siete meses del a\u00f1o, el n\u00famero de v\u00edctimas result\u00f3<b> un 48% superior<\/b> al mismo periodo en 2024.<\/p>\n<p class=\"paragraph\">Durante el mes de julio, HRMMU verific\u00f3 <b>bajas civiles en 18 de las 24 regiones<\/b> del pa\u00eds. El uso de armas de largo alcance caus\u00f3 casi el 40% de las v\u00edctimas, mientras que los drones de corto alcance fueron responsables del 24%. Las bombas a\u00e9reas generaron el mayor incremento de v\u00edctimas en comparaci\u00f3n con el mes anterior. El 31 de julio, un ataque con misiles caus\u00f3 en Kiev el mayor n\u00famero verificado de v\u00edctimas civiles en la capital desde 2022, con 31 muertos y 171 heridos. El repunte de v\u00edctimas civiles se concentr\u00f3 principalmente a lo largo de la l\u00ednea del frente.<\/p>\n<div class=\"visual__image\"><picture><source srcset=\"https:\/\/www.infobae.com\/resizer\/v2\/2CWGK4SGRBFANKP2MQSFYPI4SY.JPG?auth=3bf0e11dd3bc75f737637056b4fcccea56d1a6ce3b706a9584488563c2fa68e9&amp;smart=true&amp;width=992&amp;height=691&amp;quality=85\" media=\"(min-width: 1000px)\"\/><source srcset=\"https:\/\/www.infobae.com\/resizer\/v2\/2CWGK4SGRBFANKP2MQSFYPI4SY.JPG?auth=3bf0e11dd3bc75f737637056b4fcccea56d1a6ce3b706a9584488563c2fa68e9&amp;smart=true&amp;width=768&amp;height=535&amp;quality=85\" media=\"(min-width: 768px)\"\/><source srcset=\"https:\/\/www.infobae.com\/resizer\/v2\/2CWGK4SGRBFANKP2MQSFYPI4SY.JPG?auth=3bf0e11dd3bc75f737637056b4fcccea56d1a6ce3b706a9584488563c2fa68e9&amp;smart=true&amp;width=577&amp;height=402&amp;quality=85\" media=\"(min-width: 580px)\"\/><source srcset=\"https:\/\/www.infobae.com\/resizer\/v2\/2CWGK4SGRBFANKP2MQSFYPI4SY.JPG?auth=3bf0e11dd3bc75f737637056b4fcccea56d1a6ce3b706a9584488563c2fa68e9&amp;smart=true&amp;width=420&amp;height=292&amp;quality=85\" media=\"(min-width: 350px)\"\/><source srcset=\"https:\/\/www.infobae.com\/resizer\/v2\/2CWGK4SGRBFANKP2MQSFYPI4SY.JPG?auth=3bf0e11dd3bc75f737637056b4fcccea56d1a6ce3b706a9584488563c2fa68e9&amp;smart=true&amp;width=350&amp;height=244&amp;quality=85\" media=\"(min-width: 80px)\"\/><img alt=\"Rescatistas trabajan en el lugar\" class=\"global-image\" decoding=\"async\" fetchpriority=\"low\" height=\"557\" loading=\"lazy\" src=\"https:\/\/www.infobae.com\/resizer\/v2\/2CWGK4SGRBFANKP2MQSFYPI4SY.JPG?auth=3bf0e11dd3bc75f737637056b4fcccea56d1a6ce3b706a9584488563c2fa68e9&amp;smart=true&amp;width=350&amp;height=244&amp;quality=85\" width=\"800\"\/><\/picture><figcaption class=\"article-figcaption-img\">Rescatistas trabajan en el lugar donde un hospital fue da\u00f1ado durante un ataque a\u00e9reo ruso en Kharkiv, Ucrania, el 25 de julio de 2025 (REUTERS\/Sofiia Gatilova)<\/figcaption><\/div>\n<p class=\"paragraph\">El secretario general de la ONU, <b>Ant\u00f3nio Guterres<\/b>, manifest\u00f3 el martes, por medio de su portavoz St\u00e9phane Dujarric, <b>que ser\u00eda \u201c\u00fatil\u201d que Ucrania fuese invitada a la cumbre entre los presidentes de Estados Unidos y Rusia, Donald Trump y Vladimir Putin, prevista para el viernes en Alaska, <\/b>cuyo objetivo es discutir la conclusi\u00f3n de la guerra en Ucrania. <\/p>\n<p class=\"paragraph\">\u201cEsta no es nuestra cumbre, ni son nuestras conversaciones\u201d, se\u00f1al\u00f3 Dujarric, y expres\u00f3 que, por principios, <b>\u201cUcrania deber\u00eda estar invitada a la misma mesa donde se desarrollar\u00e1n las negociaciones para lograr una paz justa y sostenible entre las dos partes (Rusia y Ucrania)\u201d.<\/b><\/p>\n<p class=\"paragraph\">La celebraci\u00f3n de una cumbre sobre el conflicto ucraniano sin la participaci\u00f3n de Kiev ha generado cr\u00edticas en Europa. <b>El presidente de Ucrania, Volodimir Zelensky, advirti\u00f3 que su pa\u00eds no aceptar\u00e1 ning\u00fan acuerdo de terceros que implique una merma en su integridad.<\/b> Sobre la ausencia de la ONU en la reuni\u00f3n de Alaska, Dujarric afirm\u00f3 que los organismos de Naciones Unidas siguen muy activos en el campo humanitario en Ucrania y reiter\u00f3 que est\u00e1n preparados para apoyar cualquier esfuerzo hacia la paz, siempre basado en la soberan\u00eda e integridad territorial de Ucrania.<\/p>\n<p class=\"paragraph\">La tendencia a marginar a la ONU de ciertas negociaciones internacionales ha aumentado desde que Trump asumi\u00f3 la presidencia de Estados Unidos, y la relaci\u00f3n entre Washington y la organizaci\u00f3n se encuentra en uno de sus puntos m\u00e1s bajos. <b>Trump no ha tenido encuentros ni conversaciones con Guterres, se\u00f1alando su desconfianza hacia organizaciones multilaterales.<\/b><\/p>\n<div class=\"visual__image\"><picture><source srcset=\"https:\/\/www.infobae.com\/resizer\/v2\/MPHOP32V4RCCFLCQ3GZVGDQ4UI.JPG?auth=0170fd34e596ff85bead65d9733dffca95016c65a712e64b20f4f6c09326fd01&amp;smart=true&amp;width=992&amp;height=702&amp;quality=85\" media=\"(min-width: 1000px)\"\/><source srcset=\"https:\/\/www.infobae.com\/resizer\/v2\/MPHOP32V4RCCFLCQ3GZVGDQ4UI.JPG?auth=0170fd34e596ff85bead65d9733dffca95016c65a712e64b20f4f6c09326fd01&amp;smart=true&amp;width=768&amp;height=543&amp;quality=85\" media=\"(min-width: 768px)\"\/><source srcset=\"https:\/\/www.infobae.com\/resizer\/v2\/MPHOP32V4RCCFLCQ3GZVGDQ4UI.JPG?auth=0170fd34e596ff85bead65d9733dffca95016c65a712e64b20f4f6c09326fd01&amp;smart=true&amp;width=577&amp;height=408&amp;quality=85\" media=\"(min-width: 580px)\"\/><source srcset=\"https:\/\/www.infobae.com\/resizer\/v2\/MPHOP32V4RCCFLCQ3GZVGDQ4UI.JPG?auth=0170fd34e596ff85bead65d9733dffca95016c65a712e64b20f4f6c09326fd01&amp;smart=true&amp;width=420&amp;height=297&amp;quality=85\" media=\"(min-width: 350px)\"\/><source srcset=\"https:\/\/www.infobae.com\/resizer\/v2\/MPHOP32V4RCCFLCQ3GZVGDQ4UI.JPG?auth=0170fd34e596ff85bead65d9733dffca95016c65a712e64b20f4f6c09326fd01&amp;smart=true&amp;width=350&amp;height=248&amp;quality=85\" media=\"(min-width: 80px)\"\/><img alt=\"Fiscales trabajan en el lugar\" class=\"global-image\" decoding=\"async\" fetchpriority=\"low\" height=\"2854\" loading=\"lazy\" src=\"https:\/\/www.infobae.com\/resizer\/v2\/MPHOP32V4RCCFLCQ3GZVGDQ4UI.JPG?auth=0170fd34e596ff85bead65d9733dffca95016c65a712e64b20f4f6c09326fd01&amp;smart=true&amp;width=350&amp;height=248&amp;quality=85\" width=\"4034\"\/><\/picture><figcaption class=\"article-figcaption-img\">Fiscales trabajan en el lugar de un ataque militar ruso en la regi\u00f3n de Zaporizhzhia, Ucrania, el 6 de agosto de 2025 (REUTERS\/Stringer\/Foto de archivo)<\/figcaption><\/div>\n<p class=\"paragraph\">Por otra parte, el presidente Trump advirti\u00f3 este mi\u00e9rcoles con <b>imponer \u201cseveras consecuencias\u201d si Putin se niega a facilitar la paz,<\/b> aunque no especific\u00f3 la naturaleza de dichas medidas, se\u00f1alando solo que podr\u00edan incluir sanciones econ\u00f3micas. Tras una teleconferencia con l\u00edderes europeos y Zelensky, Trump manifest\u00f3 que<b> una posible segunda reuni\u00f3n, esta vez con la participaci\u00f3n de Ucrania, podr\u00eda organizarse r\u00e1pidamente si la cita en Alaska ofrece avances.<\/b><\/p>\n<p class=\"paragraph\">Los l\u00edderes europeos y Zelensky participaron en una conferencia convocada por Alemania para establecer l\u00edneas rojas antes de la reuni\u00f3n de Alaska. Trump calific\u00f3 la conversaci\u00f3n como \u201cmuy amistosa\u201d, y el presidente franc\u00e9s <b>Emmanuel Macron<\/b> asegur\u00f3 que el mandatario estadounidense coincidi\u00f3 en que Ucrania debe estar incluida en cualquier debate sobre la cesi\u00f3n de territorio. Macron agreg\u00f3: <b>\u201cTrump fue muy claro en que Estados Unidos quer\u00eda lograr un alto el fuego en esta reuni\u00f3n en Alaska. Los territorios que pertenecen a Ucrania solo ser\u00e1n negociados por el presidente ucraniano\u201d.<\/b><\/p>\n<p class=\"paragraph\">El canciller alem\u00e1n <b>Friedrich Merz<\/b>, quien organiz\u00f3 la reuni\u00f3n virtual, insisti\u00f3 en que debe prevalecer el principio de que <b>las fronteras no pueden modificarse por la fuerza<\/b>, y exhort\u00f3 a aumentar la presi\u00f3n sobre Rusia en caso de que no haya avances tras la cumbre en Alaska.<\/p>\n<p class=\"paragraph\">La reuni\u00f3n entre Trump y Putin est\u00e1 centrada en poner fin al <b>conflicto de tres a\u00f1os y medio<\/b> en Ucrania, el mayor en Europa desde la Segunda Guerra Mundial. Trump ha propuesto previamente que ambas partes negocien intercambios territoriales para lograr el cese de hostilidades, en un contexto en que la guerra ha causado decenas de miles de muertes y desplazado a millones de personas.<\/p>\n<p class=\"paragraph\"><i>(Con informaci\u00f3n de EFE, EP y Reuters)<\/i><\/p>\n<\/div>\n<p><script type=\"didomi\/javascript\" data-vendor=\"facebook\" defer=\"\">try{!function(f,b,e,v,n,t,s) {if(f.fbq)return;n=f.fbq=function(){n.callMethod? n.callMethod.apply(n,arguments):n.queue.push(arguments)}; if(!f._fbq)f._fbq=n;n.push=n;n.loaded=!0;n.version='2.0'; n.queue=[];t=b.createElement(e);t.async=!0; t.src=v;s=b.getElementsByTagName(e)[0]; s.parentNode.insertBefore(t,s)}(window, document,'script', ' fbq('init', '336383993555320'); fbq('track', 'PageView'); fbq('track', 'ViewContent');}catch(error){console.log(\"Error al inicializar facebookPixelRawCodeScript:\",error);}<\/script><\/p>\n","protected":false},"excerpt":{"rendered":"<p>Miembros de los servicios de emergencia trabajan en el lugar de un ataque con misiles rusos en Sumy, Ucrania, el 13 de abril de 2025 (REUTERS\/Sofiia Gatilova) La Organizaci\u00f3n de Naciones Unidas (ONU) advirti\u00f3 este mi\u00e9rcoles que el mes de julio de 2025 registr\u00f3 el mayor n\u00famero de v\u00edctimas civiles mensuales desde el comienzo de [&hellip;]<\/p>\n","protected":false},"author":2,"featured_media":47641,"comment_status":"","ping_status":"","sticky":false,"template":"","format":"standard","meta":{"footnotes":""},"categories":[3],"tags":[],"_links":{"self":[{"href":"https:\/\/maxradio923.com.ar\/index.php\/wp-json\/wp\/v2\/posts\/47640"}],"collection":[{"href":"https:\/\/maxradio923.com.ar\/index.php\/wp-json\/wp\/v2\/posts"}],"about":[{"href":"https:\/\/maxradio923.com.ar\/index.php\/wp-json\/wp\/v2\/types\/post"}],"author":[{"embeddable":true,"href":"https:\/\/maxradio923.com.ar\/index.php\/wp-json\/wp\/v2\/users\/2"}],"replies":[{"embeddable":true,"href":"https:\/\/maxradio923.com.ar\/index.php\/wp-json\/wp\/v2\/comments?post=47640"}],"version-history":[{"count":0,"href":"https:\/\/maxradio923.com.ar\/index.php\/wp-json\/wp\/v2\/posts\/47640\/revisions"}],"wp:featuredmedia":[{"embeddable":true,"href":"https:\/\/maxradio923.com.ar\/index.php\/wp-json\/wp\/v2\/media\/47641"}],"wp:attachment":[{"href":"https:\/\/maxradio923.com.ar\/index.php\/wp-json\/wp\/v2\/media?parent=47640"}],"wp:term":[{"taxonomy":"category","embeddable":true,"href":"https:\/\/maxradio923.com.ar\/index.php\/wp-json\/wp\/v2\/categories?post=47640"},{"taxonomy":"post_tag","embeddable":true,"href":"https:\/\/maxradio923.com.ar\/index.php\/wp-json\/wp\/v2\/tags?post=47640"}],"curies":[{"name":"wp","href":"https:\/\/api.w.org\/{rel}","templated":true}]}}