{"id":47632,"date":"2025-08-13T21:30:12","date_gmt":"2025-08-14T00:30:12","guid":{"rendered":"https:\/\/maxradio923.com.ar\/index.php\/2025\/08\/13\/donald-trump-garantizo-a-los-lideres-europeos-que-solo-zelensky-negociara-posibles-cesiones-territoriales\/"},"modified":"2025-08-13T21:30:12","modified_gmt":"2025-08-14T00:30:12","slug":"donald-trump-garantizo-a-los-lideres-europeos-que-solo-zelensky-negociara-posibles-cesiones-territoriales","status":"publish","type":"post","link":"https:\/\/maxradio923.com.ar\/index.php\/2025\/08\/13\/donald-trump-garantizo-a-los-lideres-europeos-que-solo-zelensky-negociara-posibles-cesiones-territoriales\/","title":{"rendered":"Donald Trump garantiz\u00f3 a los l\u00edderes europeos que solo Zelensky negociar\u00e1 posibles cesiones territoriales"},"content":{"rendered":"<p><\/p>\n<div>\n<div class=\"visual__image image-initial-width\"><picture><source srcset=\"https:\/\/www.infobae.com\/resizer\/v2\/LZQCNDET2RADHOQCUHA6VP5ERQ.JPG?auth=ceb18b98d115b8c997cf952ce45f5bcd06be5caf08cc120cc6e3c5163a49396c&amp;smart=true&amp;width=992&amp;height=661&amp;quality=85\" media=\"(min-width: 1000px)\"\/><source srcset=\"https:\/\/www.infobae.com\/resizer\/v2\/LZQCNDET2RADHOQCUHA6VP5ERQ.JPG?auth=ceb18b98d115b8c997cf952ce45f5bcd06be5caf08cc120cc6e3c5163a49396c&amp;smart=true&amp;width=768&amp;height=512&amp;quality=85\" media=\"(min-width: 768px)\"\/><source srcset=\"https:\/\/www.infobae.com\/resizer\/v2\/LZQCNDET2RADHOQCUHA6VP5ERQ.JPG?auth=ceb18b98d115b8c997cf952ce45f5bcd06be5caf08cc120cc6e3c5163a49396c&amp;smart=true&amp;width=577&amp;height=385&amp;quality=85\" media=\"(min-width: 580px)\"\/><source srcset=\"https:\/\/www.infobae.com\/resizer\/v2\/LZQCNDET2RADHOQCUHA6VP5ERQ.JPG?auth=ceb18b98d115b8c997cf952ce45f5bcd06be5caf08cc120cc6e3c5163a49396c&amp;smart=true&amp;width=420&amp;height=280&amp;quality=85\" media=\"(min-width: 350px)\"\/><source srcset=\"https:\/\/www.infobae.com\/resizer\/v2\/LZQCNDET2RADHOQCUHA6VP5ERQ.JPG?auth=ceb18b98d115b8c997cf952ce45f5bcd06be5caf08cc120cc6e3c5163a49396c&amp;smart=true&amp;width=350&amp;height=233&amp;quality=85\" media=\"(min-width: 80px)\"\/><img alt=\"Donald Trump, presidente de Estados\" class=\"global-image\" decoding=\"async\" fetchpriority=\"high\" height=\"2047\" loading=\"eager\" src=\"https:\/\/www.infobae.com\/resizer\/v2\/LZQCNDET2RADHOQCUHA6VP5ERQ.JPG?auth=ceb18b98d115b8c997cf952ce45f5bcd06be5caf08cc120cc6e3c5163a49396c&amp;smart=true&amp;width=350&amp;height=233&amp;quality=85\" width=\"3071\"\/><\/picture><figcaption class=\"article-figcaption-img\">Donald Trump, presidente de Estados Unidos (REUTERS\/Jonathan Ernst\/Archivo)<\/figcaption><\/div>\n<p class=\"paragraph\">El presidente franc\u00e9s, <b>Emmanuel Macron<\/b>, explic\u00f3 este mi\u00e9rcoles, despu\u00e9s de una videoconferencia entre l\u00edderes europeos y <b>Donald Trump<\/b>, que el presidente estadounidense les ha garantizado que <b>solo el mandatario ucraniano, Volodimir Zelensky, negociar\u00e1 eventuales cesiones territoriales de su pa\u00eds<\/b> a Rusia.<\/p>\n<p class=\"paragraph\">\u201c<b>Las cuestiones territoriales que conciernen a Ucrania solo ser\u00e1n negociadas por el presidente ucraniano<\/b>\u201d, dijo Macron, reiterando que esa es la posici\u00f3n de los aliados de Kiev, en la que ha coincidido tambi\u00e9n claramente con el presidente estadounidense, que el pr\u00f3ximo viernes recibe en Alaska al presidente ruso, <b>Vladimir Putin<\/b>. <\/p>\n<p class=\"paragraph\">En tanto, el canciller alem\u00e1n, <b>Friedrich Merz<\/b>, dijo que <b>esperaba una paz que tenga en cuenta los intereses de Kiev y de Europa<\/b>. \u201cEl presidente Trump sabe que puede contar con nosotros para una paz que tenga en cuenta los intereses europeos y ucranianos\u201d, dijo en una comparecencia conjunta con Zelensky.<\/p>\n<p class=\"paragraph\"><b>Merz manifest\u00f3 tambi\u00e9n que de Alaska puede salir algo positivo<\/b>, pero advirti\u00f3 que si no hay un movimiento de la parte rusa se debe aumentar la presi\u00f3n sobre Mosc\u00fa. <\/p>\n<div class=\"visual__image\"><picture><source srcset=\"https:\/\/www.infobae.com\/resizer\/v2\/74COT2YFSBDMZF6COINUFO2CSM.JPG?auth=aae740ec0c4b8d1e98276e3e894b21261944a3d84adc72a499ad9465f70dcbe6&amp;smart=true&amp;width=992&amp;height=662&amp;quality=85\" media=\"(min-width: 1000px)\"\/><source srcset=\"https:\/\/www.infobae.com\/resizer\/v2\/74COT2YFSBDMZF6COINUFO2CSM.JPG?auth=aae740ec0c4b8d1e98276e3e894b21261944a3d84adc72a499ad9465f70dcbe6&amp;smart=true&amp;width=768&amp;height=512&amp;quality=85\" media=\"(min-width: 768px)\"\/><source srcset=\"https:\/\/www.infobae.com\/resizer\/v2\/74COT2YFSBDMZF6COINUFO2CSM.JPG?auth=aae740ec0c4b8d1e98276e3e894b21261944a3d84adc72a499ad9465f70dcbe6&amp;smart=true&amp;width=577&amp;height=385&amp;quality=85\" media=\"(min-width: 580px)\"\/><source srcset=\"https:\/\/www.infobae.com\/resizer\/v2\/74COT2YFSBDMZF6COINUFO2CSM.JPG?auth=aae740ec0c4b8d1e98276e3e894b21261944a3d84adc72a499ad9465f70dcbe6&amp;smart=true&amp;width=420&amp;height=280&amp;quality=85\" media=\"(min-width: 350px)\"\/><source srcset=\"https:\/\/www.infobae.com\/resizer\/v2\/74COT2YFSBDMZF6COINUFO2CSM.JPG?auth=aae740ec0c4b8d1e98276e3e894b21261944a3d84adc72a499ad9465f70dcbe6&amp;smart=true&amp;width=350&amp;height=233&amp;quality=85\" media=\"(min-width: 80px)\"\/><img alt=\"El presidente de Ucrania, Volodimir\" class=\"global-image\" decoding=\"async\" fetchpriority=\"low\" height=\"5464\" loading=\"lazy\" src=\"https:\/\/www.infobae.com\/resizer\/v2\/74COT2YFSBDMZF6COINUFO2CSM.JPG?auth=aae740ec0c4b8d1e98276e3e894b21261944a3d84adc72a499ad9465f70dcbe6&amp;smart=true&amp;width=350&amp;height=233&amp;quality=85\" width=\"8192\"\/><\/picture><figcaption class=\"article-figcaption-img\">El presidente de Ucrania, Volodimir Zelensky; junto al canciller alem\u00e1n, Friedrich Merz (REUTERS\/Liesa Johannssen)<\/figcaption><\/div>\n<p class=\"paragraph\">Por su parte, el presidente de Ucrania, <b>Volodimir Zelensky<\/b>, sostuvo que espera que la reuni\u00f3n del viernes en Alaska entre Trump y Putin traiga consigo un <b>alto el fuego<\/b> en la guerra ruso-ucraniana.<\/p>\n<p class=\"paragraph\">\u201c<b>Hemos hablado de la reuni\u00f3n de Alaska y esperamos que all\u00ed haya un alto al fuego<\/b>\u201d, dijo Zelensky tras la reuni\u00f3n virtual que mantuvo junto al canciller alem\u00e1n, <b>Friedrich Merz<\/b>, y <b>Trump<\/b>, di\u00e1logo que se produjo despu\u00e9s de que los l\u00edderes europeos tambi\u00e9n se citaran de forma virtual. <\/p>\n<p class=\"paragraph\">Y sigui\u00f3: \u201cMe parece que el \u00e9xito de cualquier negociaci\u00f3n depende en primer lugar de los resultados. <b>Nuestro estado de \u00e1nimo ahora es que estamos unidos<\/b>, y <b>fue muy positivo<\/b> porque todos los socios hablaron con una sola voz, un solo deseo, los mismos principios y la misma visi\u00f3n y este es un importante paso adelante\u201d. <\/p>\n<p class=\"paragraph\"><b>Trump abordar\u00e1 su encuentro con Putin como un \u201cejercicio de escucha\u201d<\/b>, seg\u00fan inform\u00f3 la <b>Casa Blanca<\/b>, moderando las expectativas de que la cumbre de esta semana en Alaska pueda dar lugar a un acuerdo para poner fin a la invasi\u00f3n rusa de Ucrania, sin Zelensky presente.<\/p>\n<p class=\"paragraph\"><b>\u201cEsto es un ejercicio de escucha para el presidente. Mire, solo una de las partes involucradas en esta guerra estar\u00e1 presente<\/b>\u201d, dijo la portavoz de la Casa Blanca, <b>Karoline Leavitt<\/b> este martes. \u201cY por eso, esto es para que el presidente vaya y, nuevamente, obtenga una comprensi\u00f3n m\u00e1s firme y mejor de c\u00f3mo podemos, con suerte, poner fin a esta guerra\u201d.<\/p>\n<div class=\"visual__image\"><picture><source srcset=\"https:\/\/www.infobae.com\/resizer\/v2\/7VS7N273JNDWRL57PBQO4476NE.JPG?auth=561c8466827a9d4f925e45a3a72b82f24b8c3ca0cf1bc6dcc54148efd2467f3f&amp;smart=true&amp;width=992&amp;height=660&amp;quality=85\" media=\"(min-width: 1000px)\"\/><source srcset=\"https:\/\/www.infobae.com\/resizer\/v2\/7VS7N273JNDWRL57PBQO4476NE.JPG?auth=561c8466827a9d4f925e45a3a72b82f24b8c3ca0cf1bc6dcc54148efd2467f3f&amp;smart=true&amp;width=768&amp;height=511&amp;quality=85\" media=\"(min-width: 768px)\"\/><source srcset=\"https:\/\/www.infobae.com\/resizer\/v2\/7VS7N273JNDWRL57PBQO4476NE.JPG?auth=561c8466827a9d4f925e45a3a72b82f24b8c3ca0cf1bc6dcc54148efd2467f3f&amp;smart=true&amp;width=577&amp;height=384&amp;quality=85\" media=\"(min-width: 580px)\"\/><source srcset=\"https:\/\/www.infobae.com\/resizer\/v2\/7VS7N273JNDWRL57PBQO4476NE.JPG?auth=561c8466827a9d4f925e45a3a72b82f24b8c3ca0cf1bc6dcc54148efd2467f3f&amp;smart=true&amp;width=420&amp;height=279&amp;quality=85\" media=\"(min-width: 350px)\"\/><source srcset=\"https:\/\/www.infobae.com\/resizer\/v2\/7VS7N273JNDWRL57PBQO4476NE.JPG?auth=561c8466827a9d4f925e45a3a72b82f24b8c3ca0cf1bc6dcc54148efd2467f3f&amp;smart=true&amp;width=350&amp;height=233&amp;quality=85\" media=\"(min-width: 80px)\"\/><img alt=\"El secretario general de la\" class=\"global-image\" decoding=\"async\" fetchpriority=\"low\" height=\"532\" loading=\"lazy\" src=\"https:\/\/www.infobae.com\/resizer\/v2\/7VS7N273JNDWRL57PBQO4476NE.JPG?auth=561c8466827a9d4f925e45a3a72b82f24b8c3ca0cf1bc6dcc54148efd2467f3f&amp;smart=true&amp;width=350&amp;height=233&amp;quality=85\" width=\"800\"\/><\/picture><figcaption class=\"article-figcaption-img\">El secretario general de la OTAN, Mark Rutte (REUTERS\/Yves Herman)<\/figcaption><\/div>\n<p class=\"paragraph\">El jefe de la OTAN, <b>Mark Rutte<\/b>, afirm\u00f3 que Europa y Estados Unidos est\u00e1n \u201c<b>unidos para impulsar el fin de esta terrible guerra<\/b>\u201d en Ucrania, tras la \u201c<b>magn\u00edfica<\/b>\u201d llamada de este mi\u00e9rcoles con el presidente Trump y l\u00edderes europeos.<\/p>\n<p class=\"paragraph\">\u201c<b>Agradecemos el liderazgo de Trump y la estrecha coordinaci\u00f3n con los aliados. La pelota est\u00e1 ahora en la cancha de Putin<\/b>\u201d, declar\u00f3 Rutte en X, antes de la reuni\u00f3n de Trump en Alaska el viernes con el presidente ruso Vladimir Putin.<\/p>\n<p class=\"paragraph\">En la misma sinton\u00eda, la jefa de la Uni\u00f3n Europea, <b>Ursula von der Leyen<\/b>, elogi\u00f3 una \u201c<b>muy buena llamada<\/b>\u201d con Donald Trump y los m\u00e1ximos dirigentes de Ucrania y pa\u00edses europeos, dos d\u00edas antes de la reuni\u00f3n del presidente de Estados Unidos con el ruso Vladimir Putin.<\/p>\n<p class=\"paragraph\">\u201c<b>Hoy Europa, Estados Unidos y la OTAN han fortalecido la base com\u00fan para Ucrania<\/b>. Permaneceremos en estrecha coordinaci\u00f3n. Nadie quiere la paz m\u00e1s que nosotros, una paz justa y duradera\u201d, dijo von der Leyen.<\/p>\n<\/div>\n<p><script type=\"didomi\/javascript\" data-vendor=\"facebook\" defer=\"\">try{!function(f,b,e,v,n,t,s) {if(f.fbq)return;n=f.fbq=function(){n.callMethod? n.callMethod.apply(n,arguments):n.queue.push(arguments)}; if(!f._fbq)f._fbq=n;n.push=n;n.loaded=!0;n.version='2.0'; n.queue=[];t=b.createElement(e);t.async=!0; t.src=v;s=b.getElementsByTagName(e)[0]; s.parentNode.insertBefore(t,s)}(window, document,'script', ' fbq('init', '336383993555320'); fbq('track', 'PageView'); fbq('track', 'ViewContent');}catch(error){console.log(\"Error al inicializar facebookPixelRawCodeScript:\",error);}<\/script><\/p>\n","protected":false},"excerpt":{"rendered":"<p>Donald Trump, presidente de Estados Unidos (REUTERS\/Jonathan Ernst\/Archivo) El presidente franc\u00e9s, Emmanuel Macron, explic\u00f3 este mi\u00e9rcoles, despu\u00e9s de una videoconferencia entre l\u00edderes europeos y Donald Trump, que el presidente estadounidense les ha garantizado que solo el mandatario ucraniano, Volodimir Zelensky, negociar\u00e1 eventuales cesiones territoriales de su pa\u00eds a Rusia. \u201cLas cuestiones territoriales que conciernen a [&hellip;]<\/p>\n","protected":false},"author":2,"featured_media":47633,"comment_status":"","ping_status":"","sticky":false,"template":"","format":"standard","meta":{"footnotes":""},"categories":[3],"tags":[],"_links":{"self":[{"href":"https:\/\/maxradio923.com.ar\/index.php\/wp-json\/wp\/v2\/posts\/47632"}],"collection":[{"href":"https:\/\/maxradio923.com.ar\/index.php\/wp-json\/wp\/v2\/posts"}],"about":[{"href":"https:\/\/maxradio923.com.ar\/index.php\/wp-json\/wp\/v2\/types\/post"}],"author":[{"embeddable":true,"href":"https:\/\/maxradio923.com.ar\/index.php\/wp-json\/wp\/v2\/users\/2"}],"replies":[{"embeddable":true,"href":"https:\/\/maxradio923.com.ar\/index.php\/wp-json\/wp\/v2\/comments?post=47632"}],"version-history":[{"count":0,"href":"https:\/\/maxradio923.com.ar\/index.php\/wp-json\/wp\/v2\/posts\/47632\/revisions"}],"wp:featuredmedia":[{"embeddable":true,"href":"https:\/\/maxradio923.com.ar\/index.php\/wp-json\/wp\/v2\/media\/47633"}],"wp:attachment":[{"href":"https:\/\/maxradio923.com.ar\/index.php\/wp-json\/wp\/v2\/media?parent=47632"}],"wp:term":[{"taxonomy":"category","embeddable":true,"href":"https:\/\/maxradio923.com.ar\/index.php\/wp-json\/wp\/v2\/categories?post=47632"},{"taxonomy":"post_tag","embeddable":true,"href":"https:\/\/maxradio923.com.ar\/index.php\/wp-json\/wp\/v2\/tags?post=47632"}],"curies":[{"name":"wp","href":"https:\/\/api.w.org\/{rel}","templated":true}]}}