{"id":47624,"date":"2025-08-13T19:53:05","date_gmt":"2025-08-13T22:53:05","guid":{"rendered":"https:\/\/maxradio923.com.ar\/index.php\/2025\/08\/13\/todo-lo-que-hay-que-saber-del-festival-de-tango-que-comienza-la-proxima-semana-en-buenos-aires\/"},"modified":"2025-08-13T19:53:05","modified_gmt":"2025-08-13T22:53:05","slug":"todo-lo-que-hay-que-saber-del-festival-de-tango-que-comienza-la-proxima-semana-en-buenos-aires","status":"publish","type":"post","link":"https:\/\/maxradio923.com.ar\/index.php\/2025\/08\/13\/todo-lo-que-hay-que-saber-del-festival-de-tango-que-comienza-la-proxima-semana-en-buenos-aires\/","title":{"rendered":"Todo lo que hay que saber del Festival de Tango que comienza la pr\u00f3xima semana en Buenos Aires"},"content":{"rendered":"<p><\/p>\n<div>\n<p class=\"com-paragraph  --capital --s\">Con un concierto realizado en el <strong>Teatro Col\u00f3n<\/strong>,<strong> <\/strong>se present\u00f3 anoche una nueva edici\u00f3n de <strong>Tango BA Festival y Mundial<\/strong>, que se realizar\u00e1 <mark class=\"hl_underline\">del mi\u00e9rcoles 20 de agosto al martes 2 de septiembre, en 50 sedes de la ciudad de Buenos Aires, <\/mark>con cerca de 500 actividades que incluir\u00e1n conciertos, talleres, exhibiciones de tango danza y el tradicional certamen que coronar\u00e1 a los nuevos bailarines campeones en las categor\u00edas de Escenario y Pista. <\/p>\n<div class=\"content-media\">\n<section role=\"button\" class=\"mod-media   \">\n<figure role=\"button\" class=\"mod-figure \"><figcaption class=\"mod-figcaption\"><span class=\"com-text --caption --twoxs\">El Sexteto Mayor, con Ra\u00fal Lavi\u00e9<\/span><span class=\"com-text --credit --twoxs\">GCBA<\/span><\/figcaption><\/figure>\n<\/section>\n<\/div>\n<p class=\"com-paragraph   --s\">La programaci\u00f3n reunir\u00e1 a figuras como el<strong> Sexteto Mayor, Sandra Mihanovich, N\u00e9stor Marconi, Jos\u00e9 Col\u00e1ngelo, Lito Vitale<\/strong> y<strong> Juan Carlos Baglietto, Franco Luciani, Noelia Sinkunas, V\u00edctor Lavall\u00e9n, Melingo, Renato Venturini, Jairo, Miguel \u00c1ngel Zotto, Lidia Borda, Rodolfo Mederos, Pira\u00f1a, Ra\u00fal Lavi\u00e9, Milena Plebs, Adriana Varela, la Orquesta del Tango de la Ciudad, Tata Cedr\u00f3n, El Arranque, Guillermo Fern\u00e1ndez, Leo Masl\u00edah, Eduardo Arquimbau, Hugo Rivas, Minino Garay, Natalia Hills, Ariel Ardit<\/strong> y <strong>Vanina Bilous<\/strong>, entre otros.<\/p>\n<p class=\"com-paragraph   --s\">Adem\u00e1s del lanzamiento, con un gran homenaje a <strong>An\u00edbal Troilo<\/strong>, en el Teatro Col\u00f3n, la noche de apertura, el 20 de este mes, a las 20, en la Usina del Arte, habr\u00e1 una producci\u00f3n especial que reunir\u00e1 al Sexteto Mayor con Ra\u00fal Lavi\u00e9, Miguel \u00c1ngel Zotto y Jos\u00e9 Col\u00e1ngelo. <strong>El cierre ser\u00e1 el lunes 1 y martes 2 de septiembre en el Teatro Gran Rex,<\/strong> con las grandes finales del Mundial de Baile en las categor\u00edas Tango Pista y Tango Escenario.<\/p>\n<div class=\"content-media\">\n<section role=\"button\" class=\"mod-media   \">\n<figure role=\"button\" class=\"mod-figure \"><figcaption class=\"mod-figcaption\"><span class=\"com-text --caption --twoxs\">Orquesta T\u00edpica Pichuco<\/span><span class=\"com-text --credit --twoxs\">Tango BA Festival y Mundial<\/span><\/figcaption><\/figure>\n<\/section>\n<\/div>\n<p class=\"com-paragraph   --s\">\u201cLa programaci\u00f3n invitar\u00e1 a disfrutar de la diversidad de lenguajes y talentos que define la escena actual del tango, desde la cumbre de orquestas t\u00edpicas y de tradici\u00f3n bailable hasta los formatos de c\u00e1mara, como por ejemplo el ciclo ac\u00fastico del Sal\u00f3n Dorado del Col\u00f3n; de la recreaci\u00f3n del cancionero cl\u00e1sico del g\u00e9nero en voces que lo iluminan a los nuevos repertorios \u2015contando con una secci\u00f3n especial de los Premios Tango Siglo XXI\u2015, pasando tanto por la estil\u00edstica del baile de sal\u00f3n \u2015con grandes maestros milongueros\u2015 como por los lenguajes de la danza esc\u00e9nica, con proyectos comunitarios e invitados internacionales\u201c, informaron desde el Gobierno de la Ciudad de Buenos Aires.<\/p>\n<p class=\"com-paragraph   --s\"><strong>Toda la programaci\u00f3n estar\u00e1 disponible desde hoy en <\/strong><strong>tangoba.org<\/strong><strong>.<\/strong><\/p>\n<p class=\"com-paragraph   --s\"><strong>Teatro Presidente Alvear y Hall del San Mart\u00edn: \u201cTango en la calle Corrientes\u201d. <\/strong>En el Alvear, estar\u00e1n Sandra Mihanovich celebrando a Eladia Bl\u00e1zquez, la T\u00edpica Melingo, N\u00e9stor Marconi con un recorrido por todas sus formaciones, Jairo junto a la Camerata Argentina de Cuerdas y la gran orquesta de Pepe Col\u00e1ngelo. En el Hall del Teatro San Mart\u00edn, se presentar\u00e1n el D\u00fao Asato-Pais, el Cuarteto De Cot\u00e9 y Gabriel Merlino, entre otros.<\/p>\n<p class=\"com-paragraph   --s\"><strong>Usina del Arte: \u201cPunto de encuentro y polo milonguero\u201d. <\/strong>En los auditorios de la Usina del Arte se desplegar\u00e1 una gran panor\u00e1mica con Amores Tangos, Andr\u00e9s Linetzky Cuarteto, Hugo Rivas y Orquesta de Cuerdas, En Des\u00f3rbita y Federico Pereiro Quinteto. Habr\u00e1 un encuentro especial de Guillermo Fern\u00e1ndez con la Orquesta del Tango de Buenos Aires y un concierto solista de Leo Masl\u00edah. En el Sal\u00f3n Mayor funcionar\u00e1 un polo milonguero con orquestas en vivo, clases y exhibiciones de baile. En el auditorio principal de esta sede se desarrollar\u00e1n tambi\u00e9n las rondas clasificatorias, cuartos de final y semifinales del Mundial de Baile.<\/p>\n<p class=\"com-paragraph   --s\"><strong>Teatro Col\u00f3n: \u201cCiclo ac\u00fastico\u201d. <\/strong>En el Sal\u00f3n Dorado actuar\u00e1n Lavall\u00e9n-Cabarcos con cuerdas, Quinteto Lumi\u00e8re, Juan Pablo Navarro Septeto, Renato Venturini Cuarteto, Quinteto Revolucionario, Angeleri-Z\u00e1rate y cuarteto, Quinteto del \u00c1ngel, Agri-Pirotti-Sava, Bayres Horns y Tango Argentum.<\/p>\n<p class=\"com-paragraph   --s\"><strong>Centro Cultural San Mart\u00edn: \u201cProyectos y proyecciones\u201d. <\/strong>En la sala de espect\u00e1culos del Cultural San Mart\u00edn se dar\u00e1 una selecci\u00f3n de proyectos conceptuales de tango alrededor de figuras, geograf\u00edas o tratamientos sonoros de fuerte impronta: Tablado de Tango, Speaking Tango, Dock Sud, Tango Furioso, Ju\u00e1rez compositor. En las salas de cine se ver\u00e1n los documentales <em>Todo el mundo al Marab\u00fa, Corsini interpreta a Blomberg y Maciel <\/em>(Llin\u00e1s),<em> Susana Rinaldi, libre<\/em>, <em>Nito y Elba: nobleza de arrabal<\/em>.<\/p>\n<p><iframe loading=\"lazy\" title=\"SUSANA RINALDI, LIBRE. dirigido por Isabel Marcenaro | Trailer Oficial (Sub Eng) - BAFICI26\" width=\"1170\" height=\"658\" src=\"https:\/\/www.youtube.com\/embed\/bzLwzjT3LM0?wmode=transparent&amp;rel=0&amp;feature=oembed\" frameborder=\"0\" allow=\"accelerometer; autoplay; clipboard-write; encrypted-media; gyroscope; picture-in-picture; web-share\" referrerpolicy=\"strict-origin-when-cross-origin\" allowfullscreen><\/iframe><\/p>\n<p class=\"com-paragraph   --s\"><strong>Centro Cultural 25 de Mayo, Cine Teatro El Plata, Anfiteatro del Parque Centenario, Cine Teatro Gran Rivadavia, Auditorio Belgrano, Cine Teatro Devoto: \u201cCl\u00e1sicos y populares en los barrios\u201d. <\/strong>Ic\u00f3nicos espacios barriales, en Villa Urquiza, Mataderos, Caballito, Belgrano, Devoto y Floresta ofrecer\u00e1n una nutrida agenda de conciertos con algunos de los nombres m\u00e1s notables de la escena: Vitale-Baglietto, Julia Zenko, Adriana Varela, Ariel Ardit, Tanghetto, Rodolfo Mederos con el cuarteto italiano 4 Bellows 4 Tales, Amelita Baltar, Esteban Morgado, V\u00edctor Lavall\u00e9n, Lidia Borda, El Arranque, la Orquesta del Tango de Buenos Aires, Negro Fal\u00f3tico y la Orquesta Escuela de Tango. Adem\u00e1s, en el Centro Cultural 25 de Mayo habr\u00e1 tambi\u00e9n milongas con la Orquesta del Plata y funciones del entra\u00f1able espect\u00e1culo As\u00ed se baila el tango.<\/p>\n<p class=\"com-paragraph   --s\"><strong>Casa de la Cultura: \u201cCumbre de Orquestas T\u00edpicas\u201d<\/strong>. Las orquestas t\u00edpicas brillar\u00e1n en el Sal\u00f3n Dorado de la Casa de la Cultura: O. T. Sans Souci, O. T. Victoria, O. T. Misteriosa Buenos Aires, Ramiro Boero Orquesta, O. T. Tango 64, San Osvaldo Orquesta, La Juan D\u2019Arienzo, Color Tango, O. T. Piazzolla por Daniel Ruggiero.<\/p>\n<p class=\"com-paragraph   --s\"><strong>Centro Cultural Recoleta: \u201cTinta fresca, los nuevos repertorios\u201d<\/strong>. En el marco \u00edntimo y privilegiado de la capilla del Recoleta, sonar\u00e1n los nuevos cl\u00e1sicos: Quinteto Criollo Gonz\u00e1lez Calo y Juan Seren, Sexteto Fantasma, Tangology, Sonia Possetti, Adam Tully. <\/p>\n<p class=\"com-paragraph   --s\"><strong>Bares notables y Museo Casa de Carlos Gardel: \u201cEspacios patrimoniales\u201d<\/strong>. Mirta \u00c1lvarez, Mar\u00eda Jos\u00e9 Mentana, Villarreal-Crom y Paula Castignola son algunos de los artistas que se presentar\u00e1n en el circuito de bares tradicionales como el Claridge, la confiter\u00eda Saint Moritz, El Gato Negro, New Brighton y La Puerto Rico. Adem\u00e1s, en el Abasto, el Museo Casa de Carlos Gardel albergar\u00e1 un recital del cantor Alfredo Saez y el espect\u00e1culo <em>Gardel: historias de un artista eterno<\/em>, con Eduardo Parise y Lucrecia Merico.<\/p>\n<p class=\"com-paragraph   --s\"><strong>Academia Nacional del Tango.<\/strong> En la sala principal del Palacio Carlos Gardel de la Academia, los periodistas y gestores culturales Andr\u00e9s Valenzuela, Ximena Pascutti e Ignacio Villabona, creadores de los Premios Tango Siglo XXI, analizar\u00e1n la escena actual en una charla p\u00fablica. Adem\u00e1s, Tango Siglo XXI dise\u00f1\u00f3 una secci\u00f3n especial del Festival, en distintos espacios (Noelia Sinkunas y Tangorra, en el Centro Cultural San Mart\u00edn, Pira\u00f1a y Florencia Cozzani Quarteto en el Centro Cultural Recoleta, Gisela Magri y Cinzarazi en la Academia Nacional del Tango).<\/p>\n<p class=\"com-paragraph   --s\"><strong>Teatro Gran Rex: \u201cGrandes Finales del Campeonato Mundial de Baile\u201d. <\/strong>El Campeonato Mundial de Baile llegar\u00e1 a la calle Corrientes para definir las rondas finales de Tango Sal\u00f3n y Tango Escenario, en dos noches de emoci\u00f3n y adrenalina, con invitados especiales y la conducci\u00f3n de Fernando Bravo.<\/p>\n<p class=\"com-paragraph   --s\"><strong>El Bondi Tanguero de la Academia Tango Club<\/strong> recorrer\u00e1 los barrios acompa\u00f1ando el despliegue territorial con propuestas de m\u00fasica y danza al aire libre. <\/p>\n<section class=\"container-center-100 mb-40 border border-bottom border-thin border-neutral-light-700\">\n<hr\/>\n<\/section>\n<\/div>\n","protected":false},"excerpt":{"rendered":"<p>Con un concierto realizado en el Teatro Col\u00f3n, se present\u00f3 anoche una nueva edici\u00f3n de Tango BA Festival y Mundial, que se realizar\u00e1 del mi\u00e9rcoles 20 de agosto al martes 2 de septiembre, en 50 sedes de la ciudad de Buenos Aires, con cerca de 500 actividades que incluir\u00e1n conciertos, talleres, exhibiciones de tango danza [&hellip;]<\/p>\n","protected":false},"author":2,"featured_media":47625,"comment_status":"","ping_status":"","sticky":false,"template":"","format":"standard","meta":{"footnotes":""},"categories":[14],"tags":[],"_links":{"self":[{"href":"https:\/\/maxradio923.com.ar\/index.php\/wp-json\/wp\/v2\/posts\/47624"}],"collection":[{"href":"https:\/\/maxradio923.com.ar\/index.php\/wp-json\/wp\/v2\/posts"}],"about":[{"href":"https:\/\/maxradio923.com.ar\/index.php\/wp-json\/wp\/v2\/types\/post"}],"author":[{"embeddable":true,"href":"https:\/\/maxradio923.com.ar\/index.php\/wp-json\/wp\/v2\/users\/2"}],"replies":[{"embeddable":true,"href":"https:\/\/maxradio923.com.ar\/index.php\/wp-json\/wp\/v2\/comments?post=47624"}],"version-history":[{"count":0,"href":"https:\/\/maxradio923.com.ar\/index.php\/wp-json\/wp\/v2\/posts\/47624\/revisions"}],"wp:featuredmedia":[{"embeddable":true,"href":"https:\/\/maxradio923.com.ar\/index.php\/wp-json\/wp\/v2\/media\/47625"}],"wp:attachment":[{"href":"https:\/\/maxradio923.com.ar\/index.php\/wp-json\/wp\/v2\/media?parent=47624"}],"wp:term":[{"taxonomy":"category","embeddable":true,"href":"https:\/\/maxradio923.com.ar\/index.php\/wp-json\/wp\/v2\/categories?post=47624"},{"taxonomy":"post_tag","embeddable":true,"href":"https:\/\/maxradio923.com.ar\/index.php\/wp-json\/wp\/v2\/tags?post=47624"}],"curies":[{"name":"wp","href":"https:\/\/api.w.org\/{rel}","templated":true}]}}