{"id":47618,"date":"2025-08-13T18:18:03","date_gmt":"2025-08-13T21:18:03","guid":{"rendered":"https:\/\/maxradio923.com.ar\/index.php\/2025\/08\/13\/el-jefe-de-la-otan-hablo-a-48-horas-de-la-cumbre-entre-trump-y-putin-la-pelota-esta-en-el-tejado-del-presidente-ruso\/"},"modified":"2025-08-13T18:18:03","modified_gmt":"2025-08-13T21:18:03","slug":"el-jefe-de-la-otan-hablo-a-48-horas-de-la-cumbre-entre-trump-y-putin-la-pelota-esta-en-el-tejado-del-presidente-ruso","status":"publish","type":"post","link":"https:\/\/maxradio923.com.ar\/index.php\/2025\/08\/13\/el-jefe-de-la-otan-hablo-a-48-horas-de-la-cumbre-entre-trump-y-putin-la-pelota-esta-en-el-tejado-del-presidente-ruso\/","title":{"rendered":"El jefe de la OTAN habl\u00f3 a 48 horas de la cumbre entre Trump y Putin: \u201cLa pelota est\u00e1 en el tejado del presidente ruso\u201d"},"content":{"rendered":"<p><\/p>\n<div>\n<div class=\"visual__image image-initial-width\"><picture><source srcset=\"https:\/\/www.infobae.com\/resizer\/v2\/7VS7N273JNDWRL57PBQO4476NE.JPG?auth=561c8466827a9d4f925e45a3a72b82f24b8c3ca0cf1bc6dcc54148efd2467f3f&amp;smart=true&amp;width=992&amp;height=660&amp;quality=85\" media=\"(min-width: 1000px)\"\/><source srcset=\"https:\/\/www.infobae.com\/resizer\/v2\/7VS7N273JNDWRL57PBQO4476NE.JPG?auth=561c8466827a9d4f925e45a3a72b82f24b8c3ca0cf1bc6dcc54148efd2467f3f&amp;smart=true&amp;width=768&amp;height=511&amp;quality=85\" media=\"(min-width: 768px)\"\/><source srcset=\"https:\/\/www.infobae.com\/resizer\/v2\/7VS7N273JNDWRL57PBQO4476NE.JPG?auth=561c8466827a9d4f925e45a3a72b82f24b8c3ca0cf1bc6dcc54148efd2467f3f&amp;smart=true&amp;width=577&amp;height=384&amp;quality=85\" media=\"(min-width: 580px)\"\/><source srcset=\"https:\/\/www.infobae.com\/resizer\/v2\/7VS7N273JNDWRL57PBQO4476NE.JPG?auth=561c8466827a9d4f925e45a3a72b82f24b8c3ca0cf1bc6dcc54148efd2467f3f&amp;smart=true&amp;width=420&amp;height=279&amp;quality=85\" media=\"(min-width: 350px)\"\/><source srcset=\"https:\/\/www.infobae.com\/resizer\/v2\/7VS7N273JNDWRL57PBQO4476NE.JPG?auth=561c8466827a9d4f925e45a3a72b82f24b8c3ca0cf1bc6dcc54148efd2467f3f&amp;smart=true&amp;width=350&amp;height=233&amp;quality=85\" media=\"(min-width: 80px)\"\/><img alt=\" El secretario general de\" class=\"global-image\" decoding=\"async\" fetchpriority=\"high\" height=\"532\" loading=\"eager\" src=\"https:\/\/www.infobae.com\/resizer\/v2\/7VS7N273JNDWRL57PBQO4476NE.JPG?auth=561c8466827a9d4f925e45a3a72b82f24b8c3ca0cf1bc6dcc54148efd2467f3f&amp;smart=true&amp;width=350&amp;height=233&amp;quality=85\" width=\"800\"\/><\/picture><figcaption class=\"article-figcaption-img\"> El secretario general de la OTAN, Mark Rutte. REUTERS\/Yves Herman<\/figcaption><\/div>\n<p class=\"paragraph\">El secretario general de la OTAN, <b>Mark Rutte<\/b>, dijo este mi\u00e9rcoles que \u201c<b>la pelota est\u00e1 en el tejado<\/b>\u201d <b>del presidente ruso, Vladimir Putin<\/b>, de cara a la reuni\u00f3n que este mantendr\u00e1 el viernes con el mandatario estadounidense, <b>Donald Trump<\/b>, en Alaska (EEUU) para buscar un final a la agresi\u00f3n rusa en Ucrania.<\/p>\n<p class=\"paragraph\">Rutte se expres\u00f3 as\u00ed en sus redes sociales tras participar en una llamada telef\u00f3nica con varios l\u00edderes europeos, el propio Trump y el presidente ucraniano, <b>Volodimir Zelensky<\/b>, para coordinar posturas y exponer al mandatario estadounidense el punto de vista de Kiev y sus aliados europeos de cara a la reuni\u00f3n de Alaska.<\/p>\n<p class=\"paragraph\">\u201c<b>Gran llamada con @POTUS, @ZelenskyyUA y l\u00edderes europeos de cara a la reuni\u00f3n del presidente Trump con Putin en Alaska<\/b>. Estamos unidos en presionar para acabar esta terrible guerra contra Ucrania y lograr una paz justa y duradera. Apreciamos el liderazgo de Trump y la coordinaci\u00f3n estrecha con aliados. <b>La pelota est\u00e1 ahora en el tejado de Putin<\/b>\u201d, se\u00f1al\u00f3 Rutte.<\/p>\n<p class=\"paragraph\">Los presidentes de la Comisi\u00f3n Europea, <b>Ursula von der Leyen<\/b>, y del Consejo Europeo, <b>Ant\u00f3nio Costa<\/b>, participaron en esta llamada junto al propio<b> Rutte<\/b> y los jefes de Estado y Gobierno de <b>Alemania, Francia, Reino Unido, Italia, Finlandia y Polonia<\/b>. <\/p>\n<p class=\"paragraph\">El presidente franc\u00e9s, <b>Emmanuel Macron<\/b>, ha subrayado, al t\u00e9rmino de la videoconferencia de los l\u00edderes europeos con <b>Donald Trump<\/b>, que el presidente estadounidense les ha confirmado que la OTAN no estar\u00e1 implicada en las garant\u00edas de seguridad a Ucrania si hay acuerdo con Rusia, pero s\u00ed lo estar\u00e1 Estados Unidos.<\/p>\n<p class=\"paragraph\">Macron, que ha hecho unas breves declaraciones a la prensa en la residencia oficial de vacaciones del fuerte de Br\u00e9gan\u00e7on al final de esa videoconferencia, acompa\u00f1ado del presidente del Consejo Europeo, <b>Ant\u00f3nio Costa<\/b>, ha insistido en que si Kiev hace cesiones territoriales a Rusia, tiene que recibir garant\u00edas de seguridad por parte de sus aliados.<\/p>\n<p class=\"paragraph\">\u201cLa OTAN no debe formar parte de esas garant\u00edas de seguridad\u201d, ha matizado, porque es algo a lo que se opone frontalmente Rusia, pero s\u00ed lo har\u00e1n \u201cEstados Unidos y todos los aliados (de Ucrania)\u201d.<\/p>\n<div class=\"visual__image\"><picture><source srcset=\"https:\/\/www.infobae.com\/resizer\/v2\/UDSX2LMJ2ZGFZMKOK7EWKYT77E.JPG?auth=4c7c85b02fded57f4c4278bc75ab877c8fd16349398d6607a9026da886feca0b&amp;smart=true&amp;width=992&amp;height=661&amp;quality=85\" media=\"(min-width: 1000px)\"\/><source srcset=\"https:\/\/www.infobae.com\/resizer\/v2\/UDSX2LMJ2ZGFZMKOK7EWKYT77E.JPG?auth=4c7c85b02fded57f4c4278bc75ab877c8fd16349398d6607a9026da886feca0b&amp;smart=true&amp;width=768&amp;height=512&amp;quality=85\" media=\"(min-width: 768px)\"\/><source srcset=\"https:\/\/www.infobae.com\/resizer\/v2\/UDSX2LMJ2ZGFZMKOK7EWKYT77E.JPG?auth=4c7c85b02fded57f4c4278bc75ab877c8fd16349398d6607a9026da886feca0b&amp;smart=true&amp;width=577&amp;height=385&amp;quality=85\" media=\"(min-width: 580px)\"\/><source srcset=\"https:\/\/www.infobae.com\/resizer\/v2\/UDSX2LMJ2ZGFZMKOK7EWKYT77E.JPG?auth=4c7c85b02fded57f4c4278bc75ab877c8fd16349398d6607a9026da886feca0b&amp;smart=true&amp;width=420&amp;height=280&amp;quality=85\" media=\"(min-width: 350px)\"\/><source srcset=\"https:\/\/www.infobae.com\/resizer\/v2\/UDSX2LMJ2ZGFZMKOK7EWKYT77E.JPG?auth=4c7c85b02fded57f4c4278bc75ab877c8fd16349398d6607a9026da886feca0b&amp;smart=true&amp;width=350&amp;height=233&amp;quality=85\" media=\"(min-width: 80px)\"\/><img alt=\"El presidente franc\u00e9s, Emmanuel Macron;\" class=\"global-image\" decoding=\"async\" fetchpriority=\"low\" height=\"2835\" loading=\"lazy\" src=\"https:\/\/www.infobae.com\/resizer\/v2\/UDSX2LMJ2ZGFZMKOK7EWKYT77E.JPG?auth=4c7c85b02fded57f4c4278bc75ab877c8fd16349398d6607a9026da886feca0b&amp;smart=true&amp;width=350&amp;height=233&amp;quality=85\" width=\"4252\"\/><\/picture><figcaption class=\"article-figcaption-img\">El presidente franc\u00e9s, Emmanuel Macron; Antonio Costa; el presidente del Consejo Europeo; el ministro franc\u00e9s para Europa y Asuntos Exteriores, Jean-No\u00ebl Barrot; y el ministro de las Fuerzas Armadas de Francia, S\u00e9bastien Lecornu, asisten a una videoconferencia con el presidente ucraniano, Volodymyr Zelensky, y el canciller alem\u00e1n, Friedrich Merz, para hablar sobre la guerra en curso en Ucrania, en Fort de Bregancon en Bormes-les-Mimosas, Francia, el 13 de agosto de 2025. PHILIPPE MAGONI\/Pool v\u00eda Reuters<\/figcaption><\/div>\n<p class=\"paragraph\">Zelensky, dijo este mi\u00e9rcoles en Berl\u00edn que espera que la reuni\u00f3n del viernes en Alaska (EE.UU.) del jefe de Estado estadounidense, Donald Trump, y su hom\u00f3logo ruso, Vlad\u00edmir Putin, traiga consigo un alto el fuego en la guerra ruso-ucraniana.<\/p>\n<p class=\"paragraph\"><b>\u201cHemos hablado de la reuni\u00f3n de Alaska y esperamos que all\u00ed haya un alto al fuego\u201d<\/b>, dijo Zelensky tras la reuni\u00f3n virtual que mantuvo junto al canciller alem\u00e1n, Friedrich Merz, y Trump, di\u00e1logo que se produjo despu\u00e9s de que los l\u00edderes europeos tambi\u00e9n se citaran de forma virtual.<\/p>\n<p class=\"paragraph\">En una declaraci\u00f3n conjunta ante los medios de comunicaci\u00f3n, Zelensky se mostr\u00f3 junto a Merz en la Canciller\u00eda Federal agradecido por los esfuerzos europeos a la hora de coordinar posiciones y record\u00f3 la importancia de las sanciones contra Rusia y de la Constituci\u00f3n de su pa\u00eds para entender por qu\u00e9 Kiev no acepta cesiones de territorio.<\/p>\n<p class=\"paragraph\"><b>\u201cLas sanciones ayudan mucho y afectan a la industria de Rusia\u201d<\/b>, dijo Zelensky, que record\u00f3 las diferencias de capacidades militares entre los bandos que luchan en el frente, pero tambi\u00e9n subray\u00f3 la eficacia de las Fuerzas Armadas de Ucrania en sus labores de defensa.<\/p>\n<p class=\"paragraph\"><b>\u201cEllos tienen tres veces m\u00e1s artiller\u00eda que nosotros, pero ellos tienen m\u00e1s bajas que nosotros, tienen tres veces m\u00e1s bajas que nosotros\u201d<\/b>, se\u00f1al\u00f3 el jefe de Estado ucraniano, que apunt\u00f3 que Putin quiere \u201cocupar toda Ucrania\u201d y \u201cno quiere la paz\u201d.<\/p>\n<p class=\"paragraph\"><b>\u201cPutin no va a poder enga\u00f1ar a nadie, necesitamos presi\u00f3n para alcanzar la paz\u201d<\/b>, asegur\u00f3 Zelensky antes de referirse a la constituci\u00f3n de su pa\u00eds como documento esencial para entender la posici\u00f3n ucraniana frente a la agresi\u00f3n rusa.<\/p>\n<div class=\"visual__image\"><picture><source srcset=\"https:\/\/www.infobae.com\/resizer\/v2\/YWA6KFKL5ZBDNG6SHDNHNULLIY.JPG?auth=659cebe05e5edd11b405bedebe910468e9d08892832b85579e41d150d6237845&amp;smart=true&amp;width=992&amp;height=643&amp;quality=85\" media=\"(min-width: 1000px)\"\/><source srcset=\"https:\/\/www.infobae.com\/resizer\/v2\/YWA6KFKL5ZBDNG6SHDNHNULLIY.JPG?auth=659cebe05e5edd11b405bedebe910468e9d08892832b85579e41d150d6237845&amp;smart=true&amp;width=768&amp;height=498&amp;quality=85\" media=\"(min-width: 768px)\"\/><source srcset=\"https:\/\/www.infobae.com\/resizer\/v2\/YWA6KFKL5ZBDNG6SHDNHNULLIY.JPG?auth=659cebe05e5edd11b405bedebe910468e9d08892832b85579e41d150d6237845&amp;smart=true&amp;width=577&amp;height=374&amp;quality=85\" media=\"(min-width: 580px)\"\/><source srcset=\"https:\/\/www.infobae.com\/resizer\/v2\/YWA6KFKL5ZBDNG6SHDNHNULLIY.JPG?auth=659cebe05e5edd11b405bedebe910468e9d08892832b85579e41d150d6237845&amp;smart=true&amp;width=420&amp;height=272&amp;quality=85\" media=\"(min-width: 350px)\"\/><source srcset=\"https:\/\/www.infobae.com\/resizer\/v2\/YWA6KFKL5ZBDNG6SHDNHNULLIY.JPG?auth=659cebe05e5edd11b405bedebe910468e9d08892832b85579e41d150d6237845&amp;smart=true&amp;width=350&amp;height=227&amp;quality=85\" media=\"(min-width: 80px)\"\/><img alt=\"Un asistente conversa con el\" class=\"global-image\" decoding=\"async\" fetchpriority=\"low\" height=\"3674\" loading=\"lazy\" src=\"https:\/\/www.infobae.com\/resizer\/v2\/YWA6KFKL5ZBDNG6SHDNHNULLIY.JPG?auth=659cebe05e5edd11b405bedebe910468e9d08892832b85579e41d150d6237845&amp;smart=true&amp;width=350&amp;height=227&amp;quality=85\" width=\"5668\"\/><\/picture><figcaption class=\"article-figcaption-img\">Un asistente conversa con el presidente ucraniano, Volod\u00edmir Zelensky (2i), mientras el canciller alem\u00e1n, Friedrich Merz, observa una conversaci\u00f3n virtual entre l\u00edderes europeos y el presidente estadounidense sobre la guerra en Ucrania, antes de la cumbre entre los l\u00edderes estadounidenses y rusos en Berl\u00edn, Alemania, el 13 de agosto de 2025. JOHN MACDOUGALL\/Pool v\u00eda REUTERS<\/figcaption><\/div>\n<p class=\"paragraph\"><b>\u201cMi posici\u00f3n no ha cambiado\u201d<\/b>, apunt\u00f3 el presidente de Ucrania al responder a una pregunta sobre eventuales concesiones territoriales ucranianas a cambio de un alto el fuego.<\/p>\n<p class=\"paragraph\">\u201cTenemos una Constituci\u00f3n. Es nuestro fundamento. Y la Constituci\u00f3n no ha cambiado y yo no puedo cambiar la Constituci\u00f3n. Yo soy el garante de la Constituci\u00f3n\u201d, abund\u00f3 Zelensky.<\/p>\n<p class=\"paragraph\"><i>(Con informaci\u00f3n de EFE)<\/i><\/p>\n<\/div>\n<p><script type=\"didomi\/javascript\" data-vendor=\"facebook\" defer=\"\">try{!function(f,b,e,v,n,t,s) {if(f.fbq)return;n=f.fbq=function(){n.callMethod? n.callMethod.apply(n,arguments):n.queue.push(arguments)}; if(!f._fbq)f._fbq=n;n.push=n;n.loaded=!0;n.version='2.0'; n.queue=[];t=b.createElement(e);t.async=!0; t.src=v;s=b.getElementsByTagName(e)[0]; s.parentNode.insertBefore(t,s)}(window, document,'script', ' fbq('init', '336383993555320'); fbq('track', 'PageView'); fbq('track', 'ViewContent');}catch(error){console.log(\"Error al inicializar facebookPixelRawCodeScript:\",error);}<\/script><\/p>\n","protected":false},"excerpt":{"rendered":"<p>El secretario general de la OTAN, Mark Rutte. REUTERS\/Yves Herman El secretario general de la OTAN, Mark Rutte, dijo este mi\u00e9rcoles que \u201cla pelota est\u00e1 en el tejado\u201d del presidente ruso, Vladimir Putin, de cara a la reuni\u00f3n que este mantendr\u00e1 el viernes con el mandatario estadounidense, Donald Trump, en Alaska (EEUU) para buscar un [&hellip;]<\/p>\n","protected":false},"author":2,"featured_media":47619,"comment_status":"","ping_status":"","sticky":false,"template":"","format":"standard","meta":{"footnotes":""},"categories":[3],"tags":[],"_links":{"self":[{"href":"https:\/\/maxradio923.com.ar\/index.php\/wp-json\/wp\/v2\/posts\/47618"}],"collection":[{"href":"https:\/\/maxradio923.com.ar\/index.php\/wp-json\/wp\/v2\/posts"}],"about":[{"href":"https:\/\/maxradio923.com.ar\/index.php\/wp-json\/wp\/v2\/types\/post"}],"author":[{"embeddable":true,"href":"https:\/\/maxradio923.com.ar\/index.php\/wp-json\/wp\/v2\/users\/2"}],"replies":[{"embeddable":true,"href":"https:\/\/maxradio923.com.ar\/index.php\/wp-json\/wp\/v2\/comments?post=47618"}],"version-history":[{"count":0,"href":"https:\/\/maxradio923.com.ar\/index.php\/wp-json\/wp\/v2\/posts\/47618\/revisions"}],"wp:featuredmedia":[{"embeddable":true,"href":"https:\/\/maxradio923.com.ar\/index.php\/wp-json\/wp\/v2\/media\/47619"}],"wp:attachment":[{"href":"https:\/\/maxradio923.com.ar\/index.php\/wp-json\/wp\/v2\/media?parent=47618"}],"wp:term":[{"taxonomy":"category","embeddable":true,"href":"https:\/\/maxradio923.com.ar\/index.php\/wp-json\/wp\/v2\/categories?post=47618"},{"taxonomy":"post_tag","embeddable":true,"href":"https:\/\/maxradio923.com.ar\/index.php\/wp-json\/wp\/v2\/tags?post=47618"}],"curies":[{"name":"wp","href":"https:\/\/api.w.org\/{rel}","templated":true}]}}