{"id":47616,"date":"2025-08-13T17:46:25","date_gmt":"2025-08-13T20:46:25","guid":{"rendered":"https:\/\/maxradio923.com.ar\/index.php\/2025\/08\/13\/que-son-las-tormentas-secas-y-que-papel-tienen-en-los-incendios-que-golpean-parte-de-espana\/"},"modified":"2025-08-13T17:46:25","modified_gmt":"2025-08-13T20:46:25","slug":"que-son-las-tormentas-secas-y-que-papel-tienen-en-los-incendios-que-golpean-parte-de-espana","status":"publish","type":"post","link":"https:\/\/maxradio923.com.ar\/index.php\/2025\/08\/13\/que-son-las-tormentas-secas-y-que-papel-tienen-en-los-incendios-que-golpean-parte-de-espana\/","title":{"rendered":"Qu\u00e9 son las tormentas secas y qu\u00e9 papel tienen en los incendios que golpean parte de Espa\u00f1a"},"content":{"rendered":"<p><\/p>\n<div>\n<div class=\"visual__image image-initial-width\"><picture><source srcset=\"https:\/\/www.infobae.com\/resizer\/v2\/WTUKY2BTNNFGLM5WPGUTI7G5Y4.jpeg?auth=e7d799f86f0bf226808d0adcd9719895de2274335fbcd4c64ec101deddceba18&amp;smart=true&amp;width=992&amp;height=659&amp;quality=85\" media=\"(min-width: 1000px)\"\/><source srcset=\"https:\/\/www.infobae.com\/resizer\/v2\/WTUKY2BTNNFGLM5WPGUTI7G5Y4.jpeg?auth=e7d799f86f0bf226808d0adcd9719895de2274335fbcd4c64ec101deddceba18&amp;smart=true&amp;width=768&amp;height=510&amp;quality=85\" media=\"(min-width: 768px)\"\/><source srcset=\"https:\/\/www.infobae.com\/resizer\/v2\/WTUKY2BTNNFGLM5WPGUTI7G5Y4.jpeg?auth=e7d799f86f0bf226808d0adcd9719895de2274335fbcd4c64ec101deddceba18&amp;smart=true&amp;width=577&amp;height=383&amp;quality=85\" media=\"(min-width: 580px)\"\/><source srcset=\"https:\/\/www.infobae.com\/resizer\/v2\/WTUKY2BTNNFGLM5WPGUTI7G5Y4.jpeg?auth=e7d799f86f0bf226808d0adcd9719895de2274335fbcd4c64ec101deddceba18&amp;smart=true&amp;width=420&amp;height=279&amp;quality=85\" media=\"(min-width: 350px)\"\/><source srcset=\"https:\/\/www.infobae.com\/resizer\/v2\/WTUKY2BTNNFGLM5WPGUTI7G5Y4.jpeg?auth=e7d799f86f0bf226808d0adcd9719895de2274335fbcd4c64ec101deddceba18&amp;smart=true&amp;width=350&amp;height=232&amp;quality=85\" media=\"(min-width: 80px)\"\/><img alt=\"Las tormentas secas, caracterizadas por\" class=\"global-image\" decoding=\"async\" fetchpriority=\"high\" height=\"2848\" loading=\"eager\" src=\"https:\/\/www.infobae.com\/resizer\/v2\/WTUKY2BTNNFGLM5WPGUTI7G5Y4.jpeg?auth=e7d799f86f0bf226808d0adcd9719895de2274335fbcd4c64ec101deddceba18&amp;smart=true&amp;width=350&amp;height=232&amp;quality=85\" width=\"4288\"\/><\/picture><figcaption class=\"article-figcaption-img\">Las tormentas secas, caracterizadas por rayos sin lluvia, aumentan el riesgo de incendios forestales en Espa\u00f1a<\/figcaption><\/div>\n<p class=\"paragraph\">Una parte importante de los incendios que en la actualidad asolan distintas regiones de Espa\u00f1a guarda relaci\u00f3n con un fen\u00f3meno atmosf\u00e9rico poco conocido por la mayor\u00eda pero de enorme trascendencia: las tormentas secas. Con temperaturas extremas y una ola de calor extendi\u00e9ndose por el pa\u00eds, comprender c\u00f3mo estas tormentas inciden en la generaci\u00f3n y propagaci\u00f3n del fuego resulta clave para entender la magnitud alcanzada por los incendios de este verano.<\/p>\n<p class=\"paragraph\">Seg\u00fan inform\u00f3 la <i>BBC<\/i>,<b> las <\/b><b>tormentas secas<\/b><b> se definen por una singularidad atmosf\u00e9rica: la presencia de actividad el\u00e9ctrica, es decir, la ca\u00edda de rayos, sin que precipite suficiente lluvia que alcance el suelo<\/b>. En este tipo de tormentas, la atm\u00f3sfera genera condiciones propicias para la formaci\u00f3n de una tormenta el\u00e9ctrica com\u00fan, pero el aire bajo las nubes permanece tan caliente y seco que las gotas de lluvia se evaporan antes de tocar tierra. De esta forma, mientras los rel\u00e1mpagos s\u00ed impactan la superficie, la ausencia de agua impide que la vegetaci\u00f3n reciba humedad. As\u00ed, la posibilidad de que un rayo encienda la maleza seca aumenta considerablemente.<\/p>\n<p class=\"paragraph\">Seg\u00fan expertos de la <b>Agencia Estatal de Meteorolog\u00eda de Espa\u00f1a (<\/b><b>Aemet<\/b><b>)<\/b>, y como subraya <b>Jos\u00e9 Luis Camacho<\/b>, portavoz de la instituci\u00f3n, las tormentas secas destacan por su capacidad para originar fuegos en muy poco tiempo. Al no haber lluvias significativas que limiten el avance de las llamas, y con la vegetaci\u00f3n convertida en \u201clecho combustible\u201d extremadamente seco, cualquier descarga el\u00e9ctrica puede iniciar un incendio. Adem\u00e1s, los vientos asociados a estas tormentas contribuyen a que las llamas se propaguen con rapidez, incluso en \u00e1reas alejadas o de dif\u00edcil acceso para los servicios de emergencia, lo que dificulta a\u00fan m\u00e1s las labores de extinci\u00f3n.<\/p>\n<p class=\"paragraph\">Tales fen\u00f3menos \u201chacen que el fuego se origine en poco tiempo, se propague r\u00e1pido por el viento y, si el lugar es inaccesible, que los medios de extinci\u00f3n tarden en llegar\u201d, dijo Camacho el martes 12 agosto a la agencia <i>Europa Press<\/i>.<\/p>\n<div class=\"visual__image\"><picture><source srcset=\"https:\/\/www.infobae.com\/resizer\/v2\/QN7SJRPV65BW5JN7LN4NRDCR2M.jpg?auth=ce36ca9b27d5e8f87d83c7d6c63af2f948272592bd8cdec362e497cf9c8b1d7c&amp;smart=true&amp;width=992&amp;height=558&amp;quality=85\" media=\"(min-width: 1000px)\"\/><source srcset=\"https:\/\/www.infobae.com\/resizer\/v2\/QN7SJRPV65BW5JN7LN4NRDCR2M.jpg?auth=ce36ca9b27d5e8f87d83c7d6c63af2f948272592bd8cdec362e497cf9c8b1d7c&amp;smart=true&amp;width=768&amp;height=432&amp;quality=85\" media=\"(min-width: 768px)\"\/><source srcset=\"https:\/\/www.infobae.com\/resizer\/v2\/QN7SJRPV65BW5JN7LN4NRDCR2M.jpg?auth=ce36ca9b27d5e8f87d83c7d6c63af2f948272592bd8cdec362e497cf9c8b1d7c&amp;smart=true&amp;width=577&amp;height=325&amp;quality=85\" media=\"(min-width: 580px)\"\/><source srcset=\"https:\/\/www.infobae.com\/resizer\/v2\/QN7SJRPV65BW5JN7LN4NRDCR2M.jpg?auth=ce36ca9b27d5e8f87d83c7d6c63af2f948272592bd8cdec362e497cf9c8b1d7c&amp;smart=true&amp;width=420&amp;height=236&amp;quality=85\" media=\"(min-width: 350px)\"\/><source srcset=\"https:\/\/www.infobae.com\/resizer\/v2\/QN7SJRPV65BW5JN7LN4NRDCR2M.jpg?auth=ce36ca9b27d5e8f87d83c7d6c63af2f948272592bd8cdec362e497cf9c8b1d7c&amp;smart=true&amp;width=350&amp;height=197&amp;quality=85\" media=\"(min-width: 80px)\"\/><img alt=\"Expertos de la Aemet advierten\" class=\"global-image\" decoding=\"async\" fetchpriority=\"low\" height=\"1080\" loading=\"lazy\" src=\"https:\/\/www.infobae.com\/resizer\/v2\/QN7SJRPV65BW5JN7LN4NRDCR2M.jpg?auth=ce36ca9b27d5e8f87d83c7d6c63af2f948272592bd8cdec362e497cf9c8b1d7c&amp;smart=true&amp;width=350&amp;height=197&amp;quality=85\" width=\"1920\"\/><\/picture><figcaption class=\"article-figcaption-img\">Expertos de la Aemet advierten que los vientos de las tormentas secas dificultan el control del fuego en zonas inaccesibles (Photo by CESAR MANSO \/ AFP)<\/figcaption><\/div>\n<p class=\"paragraph\">La temporada estival actual en Espa\u00f1a se ha caracterizado por una persistente ola de calor. Seg\u00fan la Aemet, <b>se han emitido alertas rojas por peligro extremo en provincias como Sevilla y C\u00f3rdoba, donde se han registrado temperaturas cercanas a los 44 grados cent\u00edgrados<\/b>. Este clima extremo se prev\u00e9 que contin\u00fae, con valores entre 40 y 42 grados en amplias zonas del pa\u00eds. Al impacto de las altas temperaturas se suma el hecho de que los incendios forestales han sido numerosos y dif\u00edciles de controlar, con ejemplos recientes en localidades como Tres Cantos, a las afueras de Madrid, donde el calor, el viento y la sequedad han complicado la labor de los bomberos.<\/p>\n<p class=\"paragraph\">Las tormentas secas desempe\u00f1an, en este contexto, un papel desencadenante. Cada vez que se producen descargas el\u00e9ctricas sin lluvia efectiva, el riesgo de ignici\u00f3n se multiplica. La meteor\u00f3loga <b>Helen Willetts<\/b> de la <i>BBC<\/i> explica que en un verano tan seco, incluso una precipitaci\u00f3n ligera resulta insuficiente para frenar el fuego. La Oficina Nacional de Administraci\u00f3n Oce\u00e1nica y Atmosf\u00e9rica de Estados Unidos corrobora que, luego de periodos c\u00e1lidos y secos, solo una cantidad significativa de lluvia puede humidificar suficientemente el suelo y la vegetaci\u00f3n para reducir la probabilidad de incendios provocados por rel\u00e1mpagos. T\u00e9cnicamente, se considera \u201cseco\u201d a cualquier rel\u00e1mpago acompa\u00f1ado de menos de 2,5 mil\u00edmetros de lluvia.<\/p>\n<p class=\"paragraph\">Un estudio reciente identific\u00f3 las condiciones meteorol\u00f3gicas que favorecen estos rayos secos: temperaturas elevadas en la superficie del terreno, sequedad en la parte baja de la troposfera y humedad e inestabilidad en capas medias. <b>Dmitri Kalashnikov<\/b>, investigador de la Universidad Estatal de Washington, destaca que la simultaneidad de igniciones generadas por rayos complica el control de los incendios, en contraste con los fuegos originados por actividad humana, que suelen limitarse a zonas m\u00e1s accesibles.<\/p>\n<p class=\"paragraph\">\u201cContrasta eso con un incendio causado por humanos\u201d, afirm\u00f3 Kalashnikov. Y agreg\u00f3: \u201cEse tipo de incendio, sea provocado o accidental, se limita a una localidad y por lo general ocurre en sitios cercanos a los que es m\u00e1s f\u00e1cil acceder\u201d.<\/p>\n<div class=\"visual__image\"><picture><source srcset=\"https:\/\/www.infobae.com\/resizer\/v2\/NFHBAUBJMVF7TBOX2GK4RJRSYY.jpg?auth=b194e0c0a3966dbbb2e1d18a4559f3d233f706599fe65f1a72b9d4eb07f12b94&amp;smart=true&amp;width=992&amp;height=558&amp;quality=85\" media=\"(min-width: 1000px)\"\/><source srcset=\"https:\/\/www.infobae.com\/resizer\/v2\/NFHBAUBJMVF7TBOX2GK4RJRSYY.jpg?auth=b194e0c0a3966dbbb2e1d18a4559f3d233f706599fe65f1a72b9d4eb07f12b94&amp;smart=true&amp;width=768&amp;height=432&amp;quality=85\" media=\"(min-width: 768px)\"\/><source srcset=\"https:\/\/www.infobae.com\/resizer\/v2\/NFHBAUBJMVF7TBOX2GK4RJRSYY.jpg?auth=b194e0c0a3966dbbb2e1d18a4559f3d233f706599fe65f1a72b9d4eb07f12b94&amp;smart=true&amp;width=577&amp;height=325&amp;quality=85\" media=\"(min-width: 580px)\"\/><source srcset=\"https:\/\/www.infobae.com\/resizer\/v2\/NFHBAUBJMVF7TBOX2GK4RJRSYY.jpg?auth=b194e0c0a3966dbbb2e1d18a4559f3d233f706599fe65f1a72b9d4eb07f12b94&amp;smart=true&amp;width=420&amp;height=236&amp;quality=85\" media=\"(min-width: 350px)\"\/><source srcset=\"https:\/\/www.infobae.com\/resizer\/v2\/NFHBAUBJMVF7TBOX2GK4RJRSYY.jpg?auth=b194e0c0a3966dbbb2e1d18a4559f3d233f706599fe65f1a72b9d4eb07f12b94&amp;smart=true&amp;width=350&amp;height=197&amp;quality=85\" media=\"(min-width: 80px)\"\/><img alt=\"Los rayos de tormentas secas\" class=\"global-image\" decoding=\"async\" fetchpriority=\"low\" height=\"1080\" loading=\"lazy\" src=\"https:\/\/www.infobae.com\/resizer\/v2\/NFHBAUBJMVF7TBOX2GK4RJRSYY.jpg?auth=b194e0c0a3966dbbb2e1d18a4559f3d233f706599fe65f1a72b9d4eb07f12b94&amp;smart=true&amp;width=350&amp;height=197&amp;quality=85\" width=\"1920\"\/><\/picture><figcaption class=\"article-figcaption-img\">Los rayos de tormentas secas pueden iniciar m\u00faltiples focos de incendio simult\u00e1neamente, complicando la labor de los bomberos (Photo by Cesar Manso \/ AFP)<\/figcaption><\/div>\n<p class=\"paragraph\">No obstante, comprender el mecanismo f\u00edsico de las tormentas el\u00e9ctricas ayuda a desentra\u00f1ar por qu\u00e9 los rayos resultan tan peligrosos en estos escenarios. Las tormentas el\u00e9ctricas se forman cuando el aire es especialmente inestable. El calor hace que el aire ascienda velozmente, similar al vapor elev\u00e1ndose de una bebida caliente. Este aire, al enfriarse, condensa su humedad en nubes densas denominadas cumulonimbus. Las corrientes ascendentes logran elevar el aire por encima de los niveles de congelaci\u00f3n, donde el agua se transforma en hielo o granizo. Esta mezcla de part\u00edculas de hielo y agua, al interactuar, produce fricci\u00f3n y acumulaci\u00f3n de cargas el\u00e9ctricas. Una vez que la diferencia de potencial es lo suficientemente alta, se libera la electricidad en forma de rel\u00e1mpago.<\/p>\n<p class=\"paragraph\"><b>El rayo tiene una capacidad t\u00e9rmica formidable, llegando a calentar el aire alrededor de 30.000 grados cent\u00edgrados<\/b>. El brusco aumento de la temperatura genera una r\u00e1pida expansi\u00f3n del aire y origina una onda de choque, percibida como el caracter\u00edstico trueno. Sin embargo, en condiciones de tormenta seca, lo determinante no es el estr\u00e9pito sino el potencial del rayo para iniciar incendios, especialmente cuando el suelo y la vegetaci\u00f3n no han recibido agua suficiente para amortiguar el impacto.<\/p>\n<p class=\"paragraph\">El alza de incendios forestales experimentada en el verano espa\u00f1ol se explica, en buena medida, por la confluencia de una ola de calor prolongada, un d\u00e9ficit h\u00eddrico en la vegetaci\u00f3n y la aparici\u00f3n de tormentas secas, cuyo mayor peligro reside en la posibilidad de que los rayos promuevan fuegos all\u00ed donde los recursos para combatirlos se ven severamente limitados por las condiciones del entorno.<\/p>\n<\/div>\n<p><script type=\"didomi\/javascript\" data-vendor=\"facebook\" defer=\"\">try{!function(f,b,e,v,n,t,s) {if(f.fbq)return;n=f.fbq=function(){n.callMethod? n.callMethod.apply(n,arguments):n.queue.push(arguments)}; if(!f._fbq)f._fbq=n;n.push=n;n.loaded=!0;n.version='2.0'; n.queue=[];t=b.createElement(e);t.async=!0; t.src=v;s=b.getElementsByTagName(e)[0]; s.parentNode.insertBefore(t,s)}(window, document,'script', ' fbq('init', '336383993555320'); fbq('track', 'PageView'); fbq('track', 'ViewContent');}catch(error){console.log(\"Error al inicializar facebookPixelRawCodeScript:\",error);}<\/script><\/p>\n","protected":false},"excerpt":{"rendered":"<p>Las tormentas secas, caracterizadas por rayos sin lluvia, aumentan el riesgo de incendios forestales en Espa\u00f1a Una parte importante de los incendios que en la actualidad asolan distintas regiones de Espa\u00f1a guarda relaci\u00f3n con un fen\u00f3meno atmosf\u00e9rico poco conocido por la mayor\u00eda pero de enorme trascendencia: las tormentas secas. Con temperaturas extremas y una ola [&hellip;]<\/p>\n","protected":false},"author":2,"featured_media":47617,"comment_status":"","ping_status":"","sticky":false,"template":"","format":"standard","meta":{"footnotes":""},"categories":[3],"tags":[],"_links":{"self":[{"href":"https:\/\/maxradio923.com.ar\/index.php\/wp-json\/wp\/v2\/posts\/47616"}],"collection":[{"href":"https:\/\/maxradio923.com.ar\/index.php\/wp-json\/wp\/v2\/posts"}],"about":[{"href":"https:\/\/maxradio923.com.ar\/index.php\/wp-json\/wp\/v2\/types\/post"}],"author":[{"embeddable":true,"href":"https:\/\/maxradio923.com.ar\/index.php\/wp-json\/wp\/v2\/users\/2"}],"replies":[{"embeddable":true,"href":"https:\/\/maxradio923.com.ar\/index.php\/wp-json\/wp\/v2\/comments?post=47616"}],"version-history":[{"count":0,"href":"https:\/\/maxradio923.com.ar\/index.php\/wp-json\/wp\/v2\/posts\/47616\/revisions"}],"wp:featuredmedia":[{"embeddable":true,"href":"https:\/\/maxradio923.com.ar\/index.php\/wp-json\/wp\/v2\/media\/47617"}],"wp:attachment":[{"href":"https:\/\/maxradio923.com.ar\/index.php\/wp-json\/wp\/v2\/media?parent=47616"}],"wp:term":[{"taxonomy":"category","embeddable":true,"href":"https:\/\/maxradio923.com.ar\/index.php\/wp-json\/wp\/v2\/categories?post=47616"},{"taxonomy":"post_tag","embeddable":true,"href":"https:\/\/maxradio923.com.ar\/index.php\/wp-json\/wp\/v2\/tags?post=47616"}],"curies":[{"name":"wp","href":"https:\/\/api.w.org\/{rel}","templated":true}]}}