{"id":47610,"date":"2025-08-13T16:10:17","date_gmt":"2025-08-13T19:10:17","guid":{"rendered":"https:\/\/maxradio923.com.ar\/index.php\/2025\/08\/13\/keir-starmer-afirmo-que-ahora-ve-viable-un-alto-el-fuego-en-ucrania-gracias-a-la-mediacion-de-trump\/"},"modified":"2025-08-13T16:10:17","modified_gmt":"2025-08-13T19:10:17","slug":"keir-starmer-afirmo-que-ahora-ve-viable-un-alto-el-fuego-en-ucrania-gracias-a-la-mediacion-de-trump","status":"publish","type":"post","link":"https:\/\/maxradio923.com.ar\/index.php\/2025\/08\/13\/keir-starmer-afirmo-que-ahora-ve-viable-un-alto-el-fuego-en-ucrania-gracias-a-la-mediacion-de-trump\/","title":{"rendered":"Keir Starmer afirm\u00f3 que ahora ve \u201cviable\u201d un alto el fuego en Ucrania gracias a la mediaci\u00f3n de Trump"},"content":{"rendered":"<p><\/p>\n<div>\n<div class=\"visual__image image-initial-width\"><picture><source srcset=\"https:\/\/www.infobae.com\/resizer\/v2\/LCZMPTSCGFCN3AEIZDAB6A2V7U.JPG?auth=1ebfcb424871d04d0116333aad7c6757834b9b505d33867c8ea71586918b32f3&amp;smart=true&amp;width=992&amp;height=662&amp;quality=85\" media=\"(min-width: 1000px)\"\/><source srcset=\"https:\/\/www.infobae.com\/resizer\/v2\/LCZMPTSCGFCN3AEIZDAB6A2V7U.JPG?auth=1ebfcb424871d04d0116333aad7c6757834b9b505d33867c8ea71586918b32f3&amp;smart=true&amp;width=768&amp;height=512&amp;quality=85\" media=\"(min-width: 768px)\"\/><source srcset=\"https:\/\/www.infobae.com\/resizer\/v2\/LCZMPTSCGFCN3AEIZDAB6A2V7U.JPG?auth=1ebfcb424871d04d0116333aad7c6757834b9b505d33867c8ea71586918b32f3&amp;smart=true&amp;width=577&amp;height=385&amp;quality=85\" media=\"(min-width: 580px)\"\/><source srcset=\"https:\/\/www.infobae.com\/resizer\/v2\/LCZMPTSCGFCN3AEIZDAB6A2V7U.JPG?auth=1ebfcb424871d04d0116333aad7c6757834b9b505d33867c8ea71586918b32f3&amp;smart=true&amp;width=420&amp;height=280&amp;quality=85\" media=\"(min-width: 350px)\"\/><source srcset=\"https:\/\/www.infobae.com\/resizer\/v2\/LCZMPTSCGFCN3AEIZDAB6A2V7U.JPG?auth=1ebfcb424871d04d0116333aad7c6757834b9b505d33867c8ea71586918b32f3&amp;smart=true&amp;width=350&amp;height=233&amp;quality=85\" media=\"(min-width: 80px)\"\/><img alt=\"El primer ministro brit\u00e1nico, Keir\" class=\"global-image\" decoding=\"async\" fetchpriority=\"high\" height=\"5464\" loading=\"eager\" src=\"https:\/\/www.infobae.com\/resizer\/v2\/LCZMPTSCGFCN3AEIZDAB6A2V7U.JPG?auth=1ebfcb424871d04d0116333aad7c6757834b9b505d33867c8ea71586918b32f3&amp;smart=true&amp;width=350&amp;height=233&amp;quality=85\" width=\"8192\"\/><\/picture><figcaption class=\"article-figcaption-img\">El primer ministro brit\u00e1nico, Keir Starmer, copreside la videoconferencia de la Coalici\u00f3n de los Dispuestos con l\u00edderes europeos sobre Ucrania, antes de la reuni\u00f3n prevista entre el presidente de Estados Unidos, Donald Trump, y el presidente de Rusia, Vlad\u00edmir Putin, en Alaska, en Londres, Reino Unido, el 13 de agosto de 2025. (REUTERS\/Jack Taylor\/Pool)<\/figcaption><\/div>\n<p class=\"paragraph\">El primer ministro brit\u00e1nico, <b>Keir Starmer<\/b>, afirm\u00f3 este mi\u00e9rcoles que ahora existe una <b>oportunidad \u201cviable\u201d de alcanzar un alto el fuego<\/b> entre <b>Ucrania<\/b> y <b>Rusia<\/b>, atribuida al trabajo del presidente estadounidense, <b>Donald Trump<\/b>, en v\u00edsperas de la reuni\u00f3n programada este viernes con el presidente ruso, <b>Vlad\u00edmir Putin<\/b>, en Alaska.<\/p>\n<p class=\"paragraph\"><b>\u201cLa reuni\u00f3n del viernes a la que asistir\u00e1 Trump es sumamente importante. Como le he dicho personalmente, este conflicto lleva m\u00e1s de tres a\u00f1os y no hemos tenido ni la m\u00e1s remota posibilidad de una soluci\u00f3n viable, una forma viable de alcanzar un alto el fuego\u201d,<\/b> se\u00f1al\u00f3 Starmer durante una videoconferencia con una treintena de l\u00edderes, seg\u00fan im\u00e1genes difundidas por la cadena <i>BBC<\/i>. <b>\u201cAhora tenemos esta oportunidad, gracias al trabajo que el presidente (Trump) ha hecho\u201d<\/b>, a\u00f1adi\u00f3.<\/p>\n<p class=\"paragraph\">En la reuni\u00f3n virtual participaron, adem\u00e1s del mandatario estadounidense, l\u00edderes de <b>Ucrania<\/b>, <b>Francia<\/b>, <b>Alemania<\/b>, <b>Italia<\/b>, <b>Polonia<\/b>, <b>Finlandia<\/b>, as\u00ed como representantes de la <b>OTAN<\/b> y de la <b>Uni\u00f3n Europea<\/b>.<\/p>\n<div class=\"visual__image\"><picture><source srcset=\"https:\/\/www.infobae.com\/resizer\/v2\/P2OMNEJSBREDLIUBKGJLJYEO4Q.JPG?auth=0007254416860fec52d6724aa723f406453196a708ab8ce2a8166cd3190a3d14&amp;smart=true&amp;width=992&amp;height=662&amp;quality=85\" media=\"(min-width: 1000px)\"\/><source srcset=\"https:\/\/www.infobae.com\/resizer\/v2\/P2OMNEJSBREDLIUBKGJLJYEO4Q.JPG?auth=0007254416860fec52d6724aa723f406453196a708ab8ce2a8166cd3190a3d14&amp;smart=true&amp;width=768&amp;height=512&amp;quality=85\" media=\"(min-width: 768px)\"\/><source srcset=\"https:\/\/www.infobae.com\/resizer\/v2\/P2OMNEJSBREDLIUBKGJLJYEO4Q.JPG?auth=0007254416860fec52d6724aa723f406453196a708ab8ce2a8166cd3190a3d14&amp;smart=true&amp;width=577&amp;height=385&amp;quality=85\" media=\"(min-width: 580px)\"\/><source srcset=\"https:\/\/www.infobae.com\/resizer\/v2\/P2OMNEJSBREDLIUBKGJLJYEO4Q.JPG?auth=0007254416860fec52d6724aa723f406453196a708ab8ce2a8166cd3190a3d14&amp;smart=true&amp;width=420&amp;height=280&amp;quality=85\" media=\"(min-width: 350px)\"\/><source srcset=\"https:\/\/www.infobae.com\/resizer\/v2\/P2OMNEJSBREDLIUBKGJLJYEO4Q.JPG?auth=0007254416860fec52d6724aa723f406453196a708ab8ce2a8166cd3190a3d14&amp;smart=true&amp;width=350&amp;height=233&amp;quality=85\" media=\"(min-width: 80px)\"\/><img alt=\"FOTO DE ARCHIVO: El presidente\" class=\"global-image\" decoding=\"async\" fetchpriority=\"low\" height=\"1890\" loading=\"lazy\" src=\"https:\/\/www.infobae.com\/resizer\/v2\/P2OMNEJSBREDLIUBKGJLJYEO4Q.JPG?auth=0007254416860fec52d6724aa723f406453196a708ab8ce2a8166cd3190a3d14&amp;smart=true&amp;width=350&amp;height=233&amp;quality=85\" width=\"2834\"\/><\/picture><figcaption class=\"article-figcaption-img\">FOTO DE ARCHIVO: El presidente de Estados Unidos, Donald Trump, se re\u00fane con el primer ministro brit\u00e1nico, Keir Starmer, en el campo de golf Trump Turnberry, en Turnberry, Escocia, Reino Unido, el 28 de julio de 2025. (REUTERS\/Evelyn Hockstein\/Foto de archivo)<\/figcaption><\/div>\n<p class=\"paragraph\"><b>\u201cTodos los l\u00edderes han coincidido en que esta semana marca un momento importante para el futuro de Ucrania. Han agradecido a Trump sus esfuerzos para convencer a Putin de sentarse a la mesa de negociaciones en busca de un alto el fuego que ponga fin al derramamiento de sangre\u201d<\/b>, rez\u00f3 un comunicado en el que remarc\u00f3 que \u201cEuropa est\u00e1 dispuesta a apoyar esto y seguir\u00e1 trabajando por una paz justa y duradera\u201d.<\/p>\n<p class=\"paragraph\">Starmer destac\u00f3 el papel de la denominada <i>Coalici\u00f3n de los Voluntarios<\/i> en los \u00faltimos meses, responsable de elaborar planes militares que, seg\u00fan dijo, est\u00e1n \u201clistos\u201d para implementarse si se logra el alto el fuego. <b>\u201cEste es un momento cr\u00edtico. Debemos combinar la diplomacia activa con el apoyo militar a Ucrania y la presi\u00f3n sobre Rusia. Y todo esto debe estar mucho m\u00e1s coordinado que nunca\u201d<\/b>, sostuvo.<\/p>\n<p class=\"paragraph\">El primer ministro brit\u00e1nico recalc\u00f3 que <b>no puede haber negociaciones sobre Ucrania sin la participaci\u00f3n de Kiev<\/b> y reiter\u00f3 que<b> las fronteras internacionales \u201cno pueden modificarse por la fuerza\u201d. <\/b><\/p>\n<div class=\"visual__image\"><picture><source srcset=\"https:\/\/www.infobae.com\/resizer\/v2\/ZLIN4CCBSFAZ3O2DZAPM43YVW4.JPG?auth=123b5e4b1ee716cb18b7a046e7df377e00b91e515837dbe0e41ed714d1234ffc&amp;smart=true&amp;width=992&amp;height=662&amp;quality=85\" media=\"(min-width: 1000px)\"\/><source srcset=\"https:\/\/www.infobae.com\/resizer\/v2\/ZLIN4CCBSFAZ3O2DZAPM43YVW4.JPG?auth=123b5e4b1ee716cb18b7a046e7df377e00b91e515837dbe0e41ed714d1234ffc&amp;smart=true&amp;width=768&amp;height=512&amp;quality=85\" media=\"(min-width: 768px)\"\/><source srcset=\"https:\/\/www.infobae.com\/resizer\/v2\/ZLIN4CCBSFAZ3O2DZAPM43YVW4.JPG?auth=123b5e4b1ee716cb18b7a046e7df377e00b91e515837dbe0e41ed714d1234ffc&amp;smart=true&amp;width=577&amp;height=385&amp;quality=85\" media=\"(min-width: 580px)\"\/><source srcset=\"https:\/\/www.infobae.com\/resizer\/v2\/ZLIN4CCBSFAZ3O2DZAPM43YVW4.JPG?auth=123b5e4b1ee716cb18b7a046e7df377e00b91e515837dbe0e41ed714d1234ffc&amp;smart=true&amp;width=420&amp;height=280&amp;quality=85\" media=\"(min-width: 350px)\"\/><source srcset=\"https:\/\/www.infobae.com\/resizer\/v2\/ZLIN4CCBSFAZ3O2DZAPM43YVW4.JPG?auth=123b5e4b1ee716cb18b7a046e7df377e00b91e515837dbe0e41ed714d1234ffc&amp;smart=true&amp;width=350&amp;height=233&amp;quality=85\" media=\"(min-width: 80px)\"\/><img alt=\"El primer ministro brit\u00e1nico recalc\u00f3\" class=\"global-image\" decoding=\"async\" fetchpriority=\"low\" height=\"4512\" loading=\"lazy\" src=\"https:\/\/www.infobae.com\/resizer\/v2\/ZLIN4CCBSFAZ3O2DZAPM43YVW4.JPG?auth=123b5e4b1ee716cb18b7a046e7df377e00b91e515837dbe0e41ed714d1234ffc&amp;smart=true&amp;width=350&amp;height=233&amp;quality=85\" width=\"6764\"\/><\/picture><figcaption class=\"article-figcaption-img\">El primer ministro brit\u00e1nico recalc\u00f3 que no puede haber negociaciones sobre Ucrania sin la participaci\u00f3n de Kiev . (REUTERS\/Jack Taylor\/Pool)<\/figcaption><\/div>\n<p class=\"paragraph\">En sus palabras, \u201ccualquier conversaci\u00f3n sobre fronteras, diplomacia y alto el fuego deben ir acompa\u00f1adas de una s\u00f3lida e innegable garant\u00eda de seguridad para asegurar que cualquier paz, si la hay, sea duradera y Ucrania pueda defender su integridad territorial como parte de cualquier acuerdo\u201d.<\/p>\n<p class=\"paragraph\">Respecto a la reuni\u00f3n entre Trump y Putin prevista para el 15 de agosto en Alaska, Starmer expres\u00f3 su esperanza de que sea \u201cun \u00e9xito\u201d, aunque advirti\u00f3 que \u201cnada est\u00e1 garantizado\u201d. Seg\u00fan el resultado del encuentro, manifest\u00f3 su disposici\u00f3n a desplegar una \u201cfuerza de reasentamiento\u201d cuando cesen las hostilidades, conforme a los planes de la Coalici\u00f3n, o a incrementar la presi\u00f3n sobre Mosc\u00fa mediante m\u00e1s sanciones y medidas econ\u00f3micas si fuese necesario.<\/p>\n<p class=\"paragraph\">Los l\u00edderes tambi\u00e9n instaron al presidente estadounidense a que las conversaciones previstas para este viernes comiencen con la propuesta de un alto el fuego en la guerra en Ucrania, y a que no se excluya al mandatario ucraniano, <b>Volodimir Zelenski<\/b>, de futuras rondas de negociaci\u00f3n para poner fin al conflicto. Zelenski, por su parte, ha afirmado que el <b>dirigente ruso \u201cest\u00e1 yendo de farol\u201d<\/b> y <b>\u201cno quiere la paz\u201d.<\/b><\/p>\n<p class=\"paragraph\"><i>(Con informaci\u00f3n de EFE\/Europa Press)<\/i><\/p>\n<\/div>\n<p><script type=\"didomi\/javascript\" data-vendor=\"facebook\" defer=\"\">try{!function(f,b,e,v,n,t,s) {if(f.fbq)return;n=f.fbq=function(){n.callMethod? n.callMethod.apply(n,arguments):n.queue.push(arguments)}; if(!f._fbq)f._fbq=n;n.push=n;n.loaded=!0;n.version='2.0'; n.queue=[];t=b.createElement(e);t.async=!0; t.src=v;s=b.getElementsByTagName(e)[0]; s.parentNode.insertBefore(t,s)}(window, document,'script', ' fbq('init', '336383993555320'); fbq('track', 'PageView'); fbq('track', 'ViewContent');}catch(error){console.log(\"Error al inicializar facebookPixelRawCodeScript:\",error);}<\/script><\/p>\n","protected":false},"excerpt":{"rendered":"<p>El primer ministro brit\u00e1nico, Keir Starmer, copreside la videoconferencia de la Coalici\u00f3n de los Dispuestos con l\u00edderes europeos sobre Ucrania, antes de la reuni\u00f3n prevista entre el presidente de Estados Unidos, Donald Trump, y el presidente de Rusia, Vlad\u00edmir Putin, en Alaska, en Londres, Reino Unido, el 13 de agosto de 2025. (REUTERS\/Jack Taylor\/Pool) El [&hellip;]<\/p>\n","protected":false},"author":2,"featured_media":47611,"comment_status":"","ping_status":"","sticky":false,"template":"","format":"standard","meta":{"footnotes":""},"categories":[3],"tags":[],"_links":{"self":[{"href":"https:\/\/maxradio923.com.ar\/index.php\/wp-json\/wp\/v2\/posts\/47610"}],"collection":[{"href":"https:\/\/maxradio923.com.ar\/index.php\/wp-json\/wp\/v2\/posts"}],"about":[{"href":"https:\/\/maxradio923.com.ar\/index.php\/wp-json\/wp\/v2\/types\/post"}],"author":[{"embeddable":true,"href":"https:\/\/maxradio923.com.ar\/index.php\/wp-json\/wp\/v2\/users\/2"}],"replies":[{"embeddable":true,"href":"https:\/\/maxradio923.com.ar\/index.php\/wp-json\/wp\/v2\/comments?post=47610"}],"version-history":[{"count":0,"href":"https:\/\/maxradio923.com.ar\/index.php\/wp-json\/wp\/v2\/posts\/47610\/revisions"}],"wp:featuredmedia":[{"embeddable":true,"href":"https:\/\/maxradio923.com.ar\/index.php\/wp-json\/wp\/v2\/media\/47611"}],"wp:attachment":[{"href":"https:\/\/maxradio923.com.ar\/index.php\/wp-json\/wp\/v2\/media?parent=47610"}],"wp:term":[{"taxonomy":"category","embeddable":true,"href":"https:\/\/maxradio923.com.ar\/index.php\/wp-json\/wp\/v2\/categories?post=47610"},{"taxonomy":"post_tag","embeddable":true,"href":"https:\/\/maxradio923.com.ar\/index.php\/wp-json\/wp\/v2\/tags?post=47610"}],"curies":[{"name":"wp","href":"https:\/\/api.w.org\/{rel}","templated":true}]}}