{"id":47608,"date":"2025-08-13T15:49:18","date_gmt":"2025-08-13T18:49:18","guid":{"rendered":"https:\/\/maxradio923.com.ar\/index.php\/2025\/08\/13\/residentes-del-equipo-de-salud-presentaron-76-trabajos-cientificos\/"},"modified":"2025-08-13T15:49:18","modified_gmt":"2025-08-13T18:49:18","slug":"residentes-del-equipo-de-salud-presentaron-76-trabajos-cientificos","status":"publish","type":"post","link":"https:\/\/maxradio923.com.ar\/index.php\/2025\/08\/13\/residentes-del-equipo-de-salud-presentaron-76-trabajos-cientificos\/","title":{"rendered":"Residentes del equipo de Salud presentaron 76 trabajos cient\u00edficos"},"content":{"rendered":"<p><\/p>\n<div>\n<p>Este mi\u00e9rcoles 13 de agosto, en el Hall del Centro de Convenciones Guillermo Barrena Guzm\u00e1n, las autoridades sanitarias acompa\u00f1aron y presenciaron los trabajos cient\u00edficos de las 6\u00b0 Jornadas de Investigaci\u00f3n para Residentes del Equipo de Salud.<\/p>\n<p>Estuvieron presentes el ministro de Salud, Am\u00edlcar Dobladez; el secretario T\u00e9cnico, Alejandro Navarta; el secretario de Planeamiento y Control de Gesti\u00f3n, Gast\u00f3n Jofr\u00e9; la directora de Recursos Tecnol\u00f3gicos e Innovaci\u00f3n en Salud, Natalia L\u00f3pez y la coordinadora de Residentes del Equipo de Salud, Valentina Baistrocchi.<\/p>\n<p>En la jornada, el ministro de Salud felicit\u00f3 a los expositores y resalt\u00f3 la importancia de la capacitaci\u00f3n continua y la formaci\u00f3n acad\u00e9mica para brindar una atenci\u00f3n de calidad a los pacientes y dijo que \u201cen esta nueva etapa que comienzan tengan como objetivo humanizar la profesi\u00f3n, con empat\u00eda y vocaci\u00f3n de servicio\u201d.<\/p>\n<p>Durante la exposici\u00f3n, organizada por la Divisi\u00f3n de Residencias, dependiente de la Secretar\u00eda de Planeamiento y Control de Gesti\u00f3n, se presentaron 76 trabajos de investigaci\u00f3n de distintas especialidades.<\/p>\n<p>Cada uno de los trabajos abord\u00f3 una tem\u00e1tica diferente, tratando problem\u00e1ticas desde diversas perspectivas y comunicando modalidades de trabajo.<\/p>\n<p>Cada uno de los trabajos, realizados durante un a\u00f1o, estuvo acompa\u00f1ado por los tutores de los distintos servicios y aprobado por el Comit\u00e9 de Docencia.<\/p>\n<p>Los trabajos de investigaci\u00f3n pertenecen a los residentes que cursan el \u00faltimo a\u00f1o de la especialidad con el objetivo de hacer un aporte a la salud de la provincia y mejorar la calidad de atenci\u00f3n.<\/p>\n<p>La exposici\u00f3n de posters sobre los trabajos cient\u00edficos se realiza durante tres d\u00edas en el Hall del Centro de Convenciones Guillermo Barrena Guzm\u00e1n.<\/p>\n<\/p><\/div>\n<p><script async defer crossorigin=\"anonymous\" src=\"https:\/\/connect.facebook.net\/es_ES\/sdk.js#xfbml=1&#038;version=v3.3\"><\/script><\/p>\n","protected":false},"excerpt":{"rendered":"<p>Este mi\u00e9rcoles 13 de agosto, en el Hall del Centro de Convenciones Guillermo Barrena Guzm\u00e1n, las autoridades sanitarias acompa\u00f1aron y presenciaron los trabajos cient\u00edficos de las 6\u00b0 Jornadas de Investigaci\u00f3n para Residentes del Equipo de Salud. Estuvieron presentes el ministro de Salud, Am\u00edlcar Dobladez; el secretario T\u00e9cnico, Alejandro Navarta; el secretario de Planeamiento y Control [&hellip;]<\/p>\n","protected":false},"author":2,"featured_media":47609,"comment_status":"","ping_status":"","sticky":false,"template":"","format":"standard","meta":{"footnotes":""},"categories":[8],"tags":[],"_links":{"self":[{"href":"https:\/\/maxradio923.com.ar\/index.php\/wp-json\/wp\/v2\/posts\/47608"}],"collection":[{"href":"https:\/\/maxradio923.com.ar\/index.php\/wp-json\/wp\/v2\/posts"}],"about":[{"href":"https:\/\/maxradio923.com.ar\/index.php\/wp-json\/wp\/v2\/types\/post"}],"author":[{"embeddable":true,"href":"https:\/\/maxradio923.com.ar\/index.php\/wp-json\/wp\/v2\/users\/2"}],"replies":[{"embeddable":true,"href":"https:\/\/maxradio923.com.ar\/index.php\/wp-json\/wp\/v2\/comments?post=47608"}],"version-history":[{"count":0,"href":"https:\/\/maxradio923.com.ar\/index.php\/wp-json\/wp\/v2\/posts\/47608\/revisions"}],"wp:featuredmedia":[{"embeddable":true,"href":"https:\/\/maxradio923.com.ar\/index.php\/wp-json\/wp\/v2\/media\/47609"}],"wp:attachment":[{"href":"https:\/\/maxradio923.com.ar\/index.php\/wp-json\/wp\/v2\/media?parent=47608"}],"wp:term":[{"taxonomy":"category","embeddable":true,"href":"https:\/\/maxradio923.com.ar\/index.php\/wp-json\/wp\/v2\/categories?post=47608"},{"taxonomy":"post_tag","embeddable":true,"href":"https:\/\/maxradio923.com.ar\/index.php\/wp-json\/wp\/v2\/tags?post=47608"}],"curies":[{"name":"wp","href":"https:\/\/api.w.org\/{rel}","templated":true}]}}