{"id":47602,"date":"2025-08-13T14:34:06","date_gmt":"2025-08-13T17:34:06","guid":{"rendered":"https:\/\/maxradio923.com.ar\/index.php\/2025\/08\/13\/zelensky-insto-a-estados-unidos-y-europa-a-no-dejarse-enganar-por-rusia-antes-de-la-cumbre-trump-putin\/"},"modified":"2025-08-13T14:34:06","modified_gmt":"2025-08-13T17:34:06","slug":"zelensky-insto-a-estados-unidos-y-europa-a-no-dejarse-enganar-por-rusia-antes-de-la-cumbre-trump-putin","status":"publish","type":"post","link":"https:\/\/maxradio923.com.ar\/index.php\/2025\/08\/13\/zelensky-insto-a-estados-unidos-y-europa-a-no-dejarse-enganar-por-rusia-antes-de-la-cumbre-trump-putin\/","title":{"rendered":"Zelensky inst\u00f3 a Estados Unidos y Europa a no dejarse enga\u00f1ar por Rusia antes de la cumbre Trump-Putin"},"content":{"rendered":"<p><\/p>\n<div>\n<div class=\"jwplayer-ctn\" itemscope=\"\" itemtype=\"https:\/\/schema.org\/VideoObject\"><meta itemprop=\"contentUrl\" content=\"https:\/\/cdn.jwplayer.com\/videos\/TLj34izC-vM6j8t5y.mp4\"\/><meta itemprop=\"description\" content=\"Zelensky lleg\u00f3 a Berl\u00edn para reunirse con sus aliados europeos y participar de una cumbre virtual con Donald Trump\"\/><meta itemprop=\"duration\" content=\"P0Y0M0DT0H0M67S\"\/><meta itemprop=\"name\" content=\"Zelensky lleg\u00f3 a Berl\u00edn para reunirse con sus aliados europeos y participar de una cumbre virtual con Donald Trump\"\/><meta itemprop=\"thumbnailUrl\" content=\"https:\/\/cdn.jwplayer.com\/v2\/media\/TLj34izC\/poster.jpg?width=720\"\/><meta itemprop=\"uploadDate\" content=\"2025-08-13T12:02:15.000Z\"\/><figcaption class=\"jwplayer-figcaption\">Zelensky lleg\u00f3 a Berl\u00edn para reunirse con sus aliados europeos y participar de una cumbre virtual con Donald Trump<\/figcaption><\/div>\n<p class=\"paragraph\">El presidente de <b>Ucrania<\/b>, <b>Volodimir Zelensky<\/b>, dirigi\u00f3 este mi\u00e9rcoles un mensaje a <b>Estados Unidos<\/b> previo a la cumbre entre el presidente <b>Donald Trump<\/b> y el l\u00edder ruso <b>Vladimir Putin<\/b>. <\/p>\n<p class=\"paragraph\">En un texto publicado en la red social X, Zelensky inst\u00f3 a que la experiencia de <b>Kiev<\/b> y sus socios europeos se utilice \u201c<b>para impedir el enga\u00f1o por parte de Rusia<\/b>\u201d. Subray\u00f3 que <b>\u201cno hay ninguna se\u00f1al de que los rusos se est\u00e9n preparando para poner fin a la guerra\u201d<\/b>, y afirm\u00f3 que \u201clas hostilidades contin\u00faan\u201d y que las fuerzas rusas preparan \u201coperaciones ofensivas\u201d.<\/p>\n<div class=\"visual__image\"><picture><source srcset=\"https:\/\/www.infobae.com\/resizer\/v2\/YCKFRECPW5ETXGMP7ODOGDDHGU.jpg?auth=badd222b1cf664c38bb3b4a2ccfeaddb0b7fff5f501de572c9bf35b5fff9ac9c&amp;smart=true&amp;width=992&amp;height=661&amp;quality=85\" media=\"(min-width: 1000px)\"\/><source srcset=\"https:\/\/www.infobae.com\/resizer\/v2\/YCKFRECPW5ETXGMP7ODOGDDHGU.jpg?auth=badd222b1cf664c38bb3b4a2ccfeaddb0b7fff5f501de572c9bf35b5fff9ac9c&amp;smart=true&amp;width=768&amp;height=512&amp;quality=85\" media=\"(min-width: 768px)\"\/><source srcset=\"https:\/\/www.infobae.com\/resizer\/v2\/YCKFRECPW5ETXGMP7ODOGDDHGU.jpg?auth=badd222b1cf664c38bb3b4a2ccfeaddb0b7fff5f501de572c9bf35b5fff9ac9c&amp;smart=true&amp;width=577&amp;height=385&amp;quality=85\" media=\"(min-width: 580px)\"\/><source srcset=\"https:\/\/www.infobae.com\/resizer\/v2\/YCKFRECPW5ETXGMP7ODOGDDHGU.jpg?auth=badd222b1cf664c38bb3b4a2ccfeaddb0b7fff5f501de572c9bf35b5fff9ac9c&amp;smart=true&amp;width=420&amp;height=280&amp;quality=85\" media=\"(min-width: 350px)\"\/><source srcset=\"https:\/\/www.infobae.com\/resizer\/v2\/YCKFRECPW5ETXGMP7ODOGDDHGU.jpg?auth=badd222b1cf664c38bb3b4a2ccfeaddb0b7fff5f501de572c9bf35b5fff9ac9c&amp;smart=true&amp;width=350&amp;height=233&amp;quality=85\" media=\"(min-width: 80px)\"\/><img alt=\"Zelensky inst\u00f3 a Estados Unidos\" class=\"global-image\" decoding=\"async\" fetchpriority=\"low\" height=\"1280\" loading=\"lazy\" src=\"https:\/\/www.infobae.com\/resizer\/v2\/YCKFRECPW5ETXGMP7ODOGDDHGU.jpg?auth=badd222b1cf664c38bb3b4a2ccfeaddb0b7fff5f501de572c9bf35b5fff9ac9c&amp;smart=true&amp;width=350&amp;height=233&amp;quality=85\" width=\"1920\"\/><\/picture><figcaption class=\"article-figcaption-img\">Zelensky inst\u00f3 a Estados Unidos y Europa a no dejarse enga\u00f1ar por Rusia antes de la cumbre Trump-Putin<\/figcaption><\/div>\n<p class=\"paragraph\">El mensaje de Zelensky se dio poco antes de su llegada programada a <b>Berl\u00edn<\/b> para reunirse con el canciller alem\u00e1n <b>Friedrich Merz<\/b> y participar en contactos virtuales con l\u00edderes europeos y de la <b>OTAN<\/b>. Est\u00e1 previsto que asista a una reuni\u00f3n por videoconferencia con <b>Trump<\/b> y otros mandatarios, organizada por el jefe de Gobierno alem\u00e1n, en la que tambi\u00e9n participar\u00e1n el presidente franc\u00e9s <b>Emmanuel Macron<\/b>, los primeros ministros de <b>Reino Unido<\/b>, <b>Italia<\/b>, <b>Polonia<\/b> y <b>Finlandia<\/b>, as\u00ed como el presidente del Consejo Europeo <b>Ant\u00f3nio Costa<\/b>, la presidenta de la Comisi\u00f3n Europea <b>Ursula von der Leyen<\/b> y el secretario general de la OTAN <b>Mark Rutte<\/b>.<\/p>\n<div class=\"visual__image\"><picture><source srcset=\"https:\/\/www.infobae.com\/resizer\/v2\/6LVB4R6W3BBF5ENXSALUM6AWME.JPG?auth=4a5948385c244710b3c8450eb66a57df9bbc1bf1edc3cb5da5a9ba53678175de&amp;smart=true&amp;width=992&amp;height=715&amp;quality=85\" media=\"(min-width: 1000px)\"\/><source srcset=\"https:\/\/www.infobae.com\/resizer\/v2\/6LVB4R6W3BBF5ENXSALUM6AWME.JPG?auth=4a5948385c244710b3c8450eb66a57df9bbc1bf1edc3cb5da5a9ba53678175de&amp;smart=true&amp;width=768&amp;height=554&amp;quality=85\" media=\"(min-width: 768px)\"\/><source srcset=\"https:\/\/www.infobae.com\/resizer\/v2\/6LVB4R6W3BBF5ENXSALUM6AWME.JPG?auth=4a5948385c244710b3c8450eb66a57df9bbc1bf1edc3cb5da5a9ba53678175de&amp;smart=true&amp;width=577&amp;height=416&amp;quality=85\" media=\"(min-width: 580px)\"\/><source srcset=\"https:\/\/www.infobae.com\/resizer\/v2\/6LVB4R6W3BBF5ENXSALUM6AWME.JPG?auth=4a5948385c244710b3c8450eb66a57df9bbc1bf1edc3cb5da5a9ba53678175de&amp;smart=true&amp;width=420&amp;height=303&amp;quality=85\" media=\"(min-width: 350px)\"\/><source srcset=\"https:\/\/www.infobae.com\/resizer\/v2\/6LVB4R6W3BBF5ENXSALUM6AWME.JPG?auth=4a5948385c244710b3c8450eb66a57df9bbc1bf1edc3cb5da5a9ba53678175de&amp;smart=true&amp;width=350&amp;height=252&amp;quality=85\" media=\"(min-width: 80px)\"\/><img alt=\" Zelensky fue recibido en\" class=\"global-image\" decoding=\"async\" fetchpriority=\"low\" height=\"3288\" loading=\"lazy\" src=\"https:\/\/www.infobae.com\/resizer\/v2\/6LVB4R6W3BBF5ENXSALUM6AWME.JPG?auth=4a5948385c244710b3c8450eb66a57df9bbc1bf1edc3cb5da5a9ba53678175de&amp;smart=true&amp;width=350&amp;height=252&amp;quality=85\" width=\"4560\"\/><\/picture><figcaption class=\"article-figcaption-img\"> Zelensky fue recibido en Alemania por el canciller, Friedrich Merz, previo a la cumbre con los l\u00edderes de la UE y Trump (JOHN MACDOUGALL\/ REUTERS)<\/figcaption><\/div>\n<p class=\"paragraph\">El propio <b>Trump<\/b> utiliz\u00f3 su cuenta en la red social Truth para expresar este mi\u00e9rcoles: \u201c<b>Hablar\u00e9 con los l\u00edderes europeos pr\u00f3ximamente. Son personas excepcionales que desean cerrar un acuerdo<\/b>\u201c, manifest\u00f3.<\/p>\n<p class=\"paragraph\">La cumbre telem\u00e1tica se celebra como antesala de la reuni\u00f3n in\u00e9dita entre Trump y Putin que tendr\u00e1 lugar el viernes en <b>Alaska<\/b> para abordar el conflicto en <b>Ucrania<\/b>. Seg\u00fan la agenda del El\u00edseo, la primera reuni\u00f3n de los socios europeos est\u00e1 programada para las 14:00 con Zelensky; una hora despu\u00e9s se celebrar\u00e1 la videoconferencia con Trump.<\/p>\n<div class=\"visual__image\"><picture><source srcset=\"https:\/\/www.infobae.com\/resizer\/v2\/FDMU4PG6GJAT7E66RSDSIZRKME.jpg?auth=5af84ae42b1c5704daa16885c9762aac1c4dd4e20b0451f6cdad29766bcea821&amp;smart=true&amp;width=992&amp;height=662&amp;quality=85\" media=\"(min-width: 1000px)\"\/><source srcset=\"https:\/\/www.infobae.com\/resizer\/v2\/FDMU4PG6GJAT7E66RSDSIZRKME.jpg?auth=5af84ae42b1c5704daa16885c9762aac1c4dd4e20b0451f6cdad29766bcea821&amp;smart=true&amp;width=768&amp;height=512&amp;quality=85\" media=\"(min-width: 768px)\"\/><source srcset=\"https:\/\/www.infobae.com\/resizer\/v2\/FDMU4PG6GJAT7E66RSDSIZRKME.jpg?auth=5af84ae42b1c5704daa16885c9762aac1c4dd4e20b0451f6cdad29766bcea821&amp;smart=true&amp;width=577&amp;height=385&amp;quality=85\" media=\"(min-width: 580px)\"\/><source srcset=\"https:\/\/www.infobae.com\/resizer\/v2\/FDMU4PG6GJAT7E66RSDSIZRKME.jpg?auth=5af84ae42b1c5704daa16885c9762aac1c4dd4e20b0451f6cdad29766bcea821&amp;smart=true&amp;width=420&amp;height=280&amp;quality=85\" media=\"(min-width: 350px)\"\/><source srcset=\"https:\/\/www.infobae.com\/resizer\/v2\/FDMU4PG6GJAT7E66RSDSIZRKME.jpg?auth=5af84ae42b1c5704daa16885c9762aac1c4dd4e20b0451f6cdad29766bcea821&amp;smart=true&amp;width=350&amp;height=233&amp;quality=85\" media=\"(min-width: 80px)\"\/><img alt=\"La cumbre entre Trump y\" class=\"global-image\" decoding=\"async\" fetchpriority=\"low\" height=\"2484\" loading=\"lazy\" src=\"https:\/\/www.infobae.com\/resizer\/v2\/FDMU4PG6GJAT7E66RSDSIZRKME.jpg?auth=5af84ae42b1c5704daa16885c9762aac1c4dd4e20b0451f6cdad29766bcea821&amp;smart=true&amp;width=350&amp;height=233&amp;quality=85\" width=\"3725\"\/><\/picture><figcaption class=\"article-figcaption-img\">La cumbre entre Trump y Putin en Alaska genera inquietud en Kiev por la exclusi\u00f3n de Ucrania (AP\/ARCHIVO)<\/figcaption><\/div>\n<p class=\"paragraph\">Zelensky record\u00f3 haber mantenido contactos y consultas con m\u00e1s de una treintena de gobiernos en los d\u00edas anteriores, para coordinar posiciones tras el anuncio de la cumbre. Insisti\u00f3 en la necesidad de <b>\u201cejercer presi\u00f3n sobre Rusia para lograr una paz justa\u201d <\/b>y pidi\u00f3 no tomar decisiones sobre la guerra sin incluir a Ucrania y la <b>Uni\u00f3n Europea<\/b>. \u201cUn resultado genuino, real y justo solo se puede obtener con la participaci\u00f3n de Ucrania y de Europa\u201d, escribi\u00f3 tras una conversaci\u00f3n telef\u00f3nica con el primer ministro neerland\u00e9s <b>Dick Schoof<\/b>. Tambi\u00e9n agradeci\u00f3 el respaldo de 26 pa\u00edses de la UE que, en una declaraci\u00f3n conjunta, reclamaron un alto el fuego como prerrequisito para un proceso de paz.<\/p>\n<p class=\"paragraph\">La reuni\u00f3n prevista entre Trump y Putin ha generado inquietud en Ucrania, que no ha sido incluida directamente en ese formato, a pesar de las demandas de la UE para que <b>Washington<\/b> tenga en cuenta a Kiev. Desde la <b>Casa Blanca<\/b> se indic\u00f3 el martes que la cumbre del viernes tendr\u00e1 car\u00e1cter de \u201cejercicio de escucha\u201d para Trump, sin expectativas inmediatas de un acuerdo de paz.<\/p>\n<div class=\"visual__image\"><picture><source srcset=\"https:\/\/www.infobae.com\/resizer\/v2\/TKUYXA7BHZBTZMCP4PFDQKXPG4.jpg?auth=8c7b50f1205f90ef0d15cbbdb94ac1d3e2fce5061cb70a3f540ce1ae6d73ecae&amp;smart=true&amp;width=992&amp;height=558&amp;quality=85\" media=\"(min-width: 1000px)\"\/><source srcset=\"https:\/\/www.infobae.com\/resizer\/v2\/TKUYXA7BHZBTZMCP4PFDQKXPG4.jpg?auth=8c7b50f1205f90ef0d15cbbdb94ac1d3e2fce5061cb70a3f540ce1ae6d73ecae&amp;smart=true&amp;width=768&amp;height=432&amp;quality=85\" media=\"(min-width: 768px)\"\/><source srcset=\"https:\/\/www.infobae.com\/resizer\/v2\/TKUYXA7BHZBTZMCP4PFDQKXPG4.jpg?auth=8c7b50f1205f90ef0d15cbbdb94ac1d3e2fce5061cb70a3f540ce1ae6d73ecae&amp;smart=true&amp;width=577&amp;height=325&amp;quality=85\" media=\"(min-width: 580px)\"\/><source srcset=\"https:\/\/www.infobae.com\/resizer\/v2\/TKUYXA7BHZBTZMCP4PFDQKXPG4.jpg?auth=8c7b50f1205f90ef0d15cbbdb94ac1d3e2fce5061cb70a3f540ce1ae6d73ecae&amp;smart=true&amp;width=420&amp;height=236&amp;quality=85\" media=\"(min-width: 350px)\"\/><source srcset=\"https:\/\/www.infobae.com\/resizer\/v2\/TKUYXA7BHZBTZMCP4PFDQKXPG4.jpg?auth=8c7b50f1205f90ef0d15cbbdb94ac1d3e2fce5061cb70a3f540ce1ae6d73ecae&amp;smart=true&amp;width=350&amp;height=197&amp;quality=85\" media=\"(min-width: 80px)\"\/><img alt=\"La Uni\u00f3n Europea exige un\" class=\"global-image\" decoding=\"async\" fetchpriority=\"low\" height=\"1080\" loading=\"lazy\" src=\"https:\/\/www.infobae.com\/resizer\/v2\/TKUYXA7BHZBTZMCP4PFDQKXPG4.jpg?auth=8c7b50f1205f90ef0d15cbbdb94ac1d3e2fce5061cb70a3f540ce1ae6d73ecae&amp;smart=true&amp;width=350&amp;height=197&amp;quality=85\" width=\"1920\"\/><\/picture><figcaption class=\"article-figcaption-img\">La Uni\u00f3n Europea exige un alto el fuego como condici\u00f3n para iniciar un proceso de paz en Ucrania (EUROPA PRESS\/ARCHIVO)<\/figcaption><\/div>\n<p class=\"paragraph\">Europa ha reiterado su intenci\u00f3n de no quedar al margen de un eventual acuerdo y de priorizar los intereses de Ucrania, ante la posibilidad de un canje de territorios con Rusia, idea sugerida p\u00fablicamente por Trump y rechazada de plano por Zelensky.<\/p>\n<p class=\"paragraph\">Las gestiones diplom\u00e1ticas de Kiev han incluido conversaciones con el presidente turco <b>Recep Tayyip Erdogan<\/b> y el presidente rumano <b>Nicusor Dan<\/b>, con el objetivo de aunar apoyos internacionales frente a la inminente cita entre Estados Unidos y Rusia. Zelensky expres\u00f3 su disposici\u00f3n a participar en cualquier formato de encuentro que persiga una soluci\u00f3n de paz, y advirti\u00f3 que una \u201cimitaci\u00f3n de la paz\u201d alentar\u00eda a Rusia a expandir su control territorial.<\/p>\n<\/div>\n<p><script type=\"didomi\/javascript\" data-vendor=\"facebook\" defer=\"\">try{!function(f,b,e,v,n,t,s) {if(f.fbq)return;n=f.fbq=function(){n.callMethod? n.callMethod.apply(n,arguments):n.queue.push(arguments)}; if(!f._fbq)f._fbq=n;n.push=n;n.loaded=!0;n.version='2.0'; n.queue=[];t=b.createElement(e);t.async=!0; t.src=v;s=b.getElementsByTagName(e)[0]; s.parentNode.insertBefore(t,s)}(window, document,'script', ' fbq('init', '336383993555320'); fbq('track', 'PageView'); fbq('track', 'ViewContent');}catch(error){console.log(\"Error al inicializar facebookPixelRawCodeScript:\",error);}<\/script><\/p>\n","protected":false},"excerpt":{"rendered":"<p>Zelensky lleg\u00f3 a Berl\u00edn para reunirse con sus aliados europeos y participar de una cumbre virtual con Donald Trump El presidente de Ucrania, Volodimir Zelensky, dirigi\u00f3 este mi\u00e9rcoles un mensaje a Estados Unidos previo a la cumbre entre el presidente Donald Trump y el l\u00edder ruso Vladimir Putin. En un texto publicado en la red [&hellip;]<\/p>\n","protected":false},"author":2,"featured_media":47603,"comment_status":"","ping_status":"","sticky":false,"template":"","format":"standard","meta":{"footnotes":""},"categories":[3],"tags":[],"_links":{"self":[{"href":"https:\/\/maxradio923.com.ar\/index.php\/wp-json\/wp\/v2\/posts\/47602"}],"collection":[{"href":"https:\/\/maxradio923.com.ar\/index.php\/wp-json\/wp\/v2\/posts"}],"about":[{"href":"https:\/\/maxradio923.com.ar\/index.php\/wp-json\/wp\/v2\/types\/post"}],"author":[{"embeddable":true,"href":"https:\/\/maxradio923.com.ar\/index.php\/wp-json\/wp\/v2\/users\/2"}],"replies":[{"embeddable":true,"href":"https:\/\/maxradio923.com.ar\/index.php\/wp-json\/wp\/v2\/comments?post=47602"}],"version-history":[{"count":0,"href":"https:\/\/maxradio923.com.ar\/index.php\/wp-json\/wp\/v2\/posts\/47602\/revisions"}],"wp:featuredmedia":[{"embeddable":true,"href":"https:\/\/maxradio923.com.ar\/index.php\/wp-json\/wp\/v2\/media\/47603"}],"wp:attachment":[{"href":"https:\/\/maxradio923.com.ar\/index.php\/wp-json\/wp\/v2\/media?parent=47602"}],"wp:term":[{"taxonomy":"category","embeddable":true,"href":"https:\/\/maxradio923.com.ar\/index.php\/wp-json\/wp\/v2\/categories?post=47602"},{"taxonomy":"post_tag","embeddable":true,"href":"https:\/\/maxradio923.com.ar\/index.php\/wp-json\/wp\/v2\/tags?post=47602"}],"curies":[{"name":"wp","href":"https:\/\/api.w.org\/{rel}","templated":true}]}}