{"id":47590,"date":"2025-08-13T12:58:04","date_gmt":"2025-08-13T15:58:04","guid":{"rendered":"https:\/\/maxradio923.com.ar\/index.php\/2025\/08\/13\/el-papa-leon-xiv-volvio-a-pedir-oraciones-por-la-paz-en-medio-de-los-conflictos-belicos\/"},"modified":"2025-08-13T12:58:04","modified_gmt":"2025-08-13T15:58:04","slug":"el-papa-leon-xiv-volvio-a-pedir-oraciones-por-la-paz-en-medio-de-los-conflictos-belicos","status":"publish","type":"post","link":"https:\/\/maxradio923.com.ar\/index.php\/2025\/08\/13\/el-papa-leon-xiv-volvio-a-pedir-oraciones-por-la-paz-en-medio-de-los-conflictos-belicos\/","title":{"rendered":"El papa Le\u00f3n XIV volvi\u00f3 a pedir oraciones por la paz en medio de los conflictos b\u00e9licos"},"content":{"rendered":"<p><\/p>\n<div>\n<div class=\"visual__image image-initial-width\"><picture><source srcset=\"https:\/\/www.infobae.com\/resizer\/v2\/ABUZBZCDCFGKBPFQSCNYUG3U4I.JPG?auth=f315ebe8a1cd102fc3b0c32324e895439b1759d17b48d3b2030562447a315343&amp;smart=true&amp;width=992&amp;height=661&amp;quality=85\" media=\"(min-width: 1000px)\"\/><source srcset=\"https:\/\/www.infobae.com\/resizer\/v2\/ABUZBZCDCFGKBPFQSCNYUG3U4I.JPG?auth=f315ebe8a1cd102fc3b0c32324e895439b1759d17b48d3b2030562447a315343&amp;smart=true&amp;width=768&amp;height=512&amp;quality=85\" media=\"(min-width: 768px)\"\/><source srcset=\"https:\/\/www.infobae.com\/resizer\/v2\/ABUZBZCDCFGKBPFQSCNYUG3U4I.JPG?auth=f315ebe8a1cd102fc3b0c32324e895439b1759d17b48d3b2030562447a315343&amp;smart=true&amp;width=577&amp;height=384&amp;quality=85\" media=\"(min-width: 580px)\"\/><source srcset=\"https:\/\/www.infobae.com\/resizer\/v2\/ABUZBZCDCFGKBPFQSCNYUG3U4I.JPG?auth=f315ebe8a1cd102fc3b0c32324e895439b1759d17b48d3b2030562447a315343&amp;smart=true&amp;width=420&amp;height=280&amp;quality=85\" media=\"(min-width: 350px)\"\/><source srcset=\"https:\/\/www.infobae.com\/resizer\/v2\/ABUZBZCDCFGKBPFQSCNYUG3U4I.JPG?auth=f315ebe8a1cd102fc3b0c32324e895439b1759d17b48d3b2030562447a315343&amp;smart=true&amp;width=350&amp;height=233&amp;quality=85\" media=\"(min-width: 80px)\"\/><img alt=\"El papa Le\u00f3n XIV bendice\" class=\"global-image\" decoding=\"async\" fetchpriority=\"high\" height=\"533\" loading=\"eager\" src=\"https:\/\/www.infobae.com\/resizer\/v2\/ABUZBZCDCFGKBPFQSCNYUG3U4I.JPG?auth=f315ebe8a1cd102fc3b0c32324e895439b1759d17b48d3b2030562447a315343&amp;smart=true&amp;width=350&amp;height=233&amp;quality=85\" width=\"800\"\/><\/picture><figcaption class=\"article-figcaption-img\">El papa Le\u00f3n XIV bendice al p\u00fablico al final de una audiencia general en la plaza de San Pedro, en Ciudad del Vaticano. 6 de agosto de 2025. REUTERS\/Remo Casilli<\/figcaption><\/div>\n<p class=\"paragraph\">El <b>papa Le\u00f3n XIV<\/b> pidi\u00f3 que <b>los fieles supliquen a Dios que conceda la paz a todos los pueblos<\/b> que viven la tragedia de la guerra durante la audiencia general de los mi\u00e9rcoles que se celebr\u00f3 en el aula Pablo VI y no en la plaza de San Pedro ante el intenso calor.<\/p>\n<p class=\"paragraph\">En su saludo a los peregrinos polacos, <b>record\u00f3 a San Maximiliano Mar\u00eda Kolbe, quien ofreci\u00f3 su vida en el campo de concentraci\u00f3n de Auschwitz en lugar de la de un padre de familia<\/b> y agreg\u00f3: \u201cOs animo a <b>seguir el ejemplo<\/b> de su heroica actitud de sacrificio por los dem\u00e1s. Por su intercesi\u00f3n, suplicad a Dios que conceda la paz a todos los pueblos que viven la tragedia de la guerra\u201d.<\/p>\n<p class=\"paragraph\">Tambi\u00e9n al saludar a los fieles de lengua \u00e1rabe, dirigi\u00f3 unas palabras en particular a los procedentes de Irak y Tierra Santa y pidi\u00f3:<b> \u201cQue el Se\u00f1or os bendiga a todos y os proteja siempre de todo mal\u201d<\/b>.<\/p>\n<p class=\"paragraph\">En su catequesis, el papa asegur\u00f3 que \u201cJes\u00fas no se escandaliza frente a nuestra fragilidad. Sabe bien que ninguna amistad es inmune al riesgo de traici\u00f3n. Pero sigue fi\u00e1ndose. Sigue sent\u00e1ndose a la mesa con los suyos\u201d.<\/p>\n<div class=\"visual__image\"><picture><source srcset=\"https:\/\/www.infobae.com\/resizer\/v2\/YPJY5K3VZFBCBJ4B2L7MCK6FCI.JPG?auth=55458ec66891d75cbc8659ca00007e47a95c0d1f4d06e111f250a5c55734b35a&amp;smart=true&amp;width=992&amp;height=661&amp;quality=85\" media=\"(min-width: 1000px)\"\/><source srcset=\"https:\/\/www.infobae.com\/resizer\/v2\/YPJY5K3VZFBCBJ4B2L7MCK6FCI.JPG?auth=55458ec66891d75cbc8659ca00007e47a95c0d1f4d06e111f250a5c55734b35a&amp;smart=true&amp;width=768&amp;height=512&amp;quality=85\" media=\"(min-width: 768px)\"\/><source srcset=\"https:\/\/www.infobae.com\/resizer\/v2\/YPJY5K3VZFBCBJ4B2L7MCK6FCI.JPG?auth=55458ec66891d75cbc8659ca00007e47a95c0d1f4d06e111f250a5c55734b35a&amp;smart=true&amp;width=577&amp;height=385&amp;quality=85\" media=\"(min-width: 580px)\"\/><source srcset=\"https:\/\/www.infobae.com\/resizer\/v2\/YPJY5K3VZFBCBJ4B2L7MCK6FCI.JPG?auth=55458ec66891d75cbc8659ca00007e47a95c0d1f4d06e111f250a5c55734b35a&amp;smart=true&amp;width=420&amp;height=280&amp;quality=85\" media=\"(min-width: 350px)\"\/><source srcset=\"https:\/\/www.infobae.com\/resizer\/v2\/YPJY5K3VZFBCBJ4B2L7MCK6FCI.JPG?auth=55458ec66891d75cbc8659ca00007e47a95c0d1f4d06e111f250a5c55734b35a&amp;smart=true&amp;width=350&amp;height=233&amp;quality=85\" media=\"(min-width: 80px)\"\/><img alt=\"El Papa Le\u00f3n XIV sostiene\" class=\"global-image\" decoding=\"async\" fetchpriority=\"low\" height=\"3328\" loading=\"lazy\" src=\"https:\/\/www.infobae.com\/resizer\/v2\/YPJY5K3VZFBCBJ4B2L7MCK6FCI.JPG?auth=55458ec66891d75cbc8659ca00007e47a95c0d1f4d06e111f250a5c55734b35a&amp;smart=true&amp;width=350&amp;height=233&amp;quality=85\" width=\"4992\"\/><\/picture><figcaption class=\"article-figcaption-img\">El Papa Le\u00f3n XIV sostiene su cruz colgante mientras saluda a los fieles al final de una audiencia general en el Aula Pablo VI del Vaticano, el 13 de agosto de 2025. REUTERS\/Yara Nardi<\/figcaption><\/div>\n<p class=\"paragraph\">El papa partir\u00e1 esta tarde a Castel Gandolfo, a las afueras de Roma, para unos d\u00edas de<b> vacaciones hasta el 19 de agosto<\/b> y refugiarse en la localidad donde ya estuvo en julio del calor extremo de la capital y celebrar algunos actos por la zona como un almuerzo con un centenar de personas desfavorecidas.<\/p>\n<p class=\"paragraph\">Tras haber pasado 16 d\u00edas en julio en Villa Barberini, en la localidad que fue residencia veraniega de los papas pero a la que Francisco nunca acudi\u00f3, Le\u00f3n XVI tras haber celebrado la audiencia general esta ma\u00f1ana se trasladar\u00e1 all\u00ed nuevamente para descansar, confirm\u00f3 el Vaticano.<\/p>\n<p class=\"paragraph\">En este periodo, tiene<b> prevista la celebraci\u00f3n de la misa con motivo de la Virgen de la Asunci\u00f3n el 15 de agosto<\/b> en la parroquia pontificia del palacio pontificio, seguido del rezo del \u00e1ngelus a las 12:00 en la Plaza de la Libertad ante los fieles.<\/p>\n<p class=\"paragraph\">El domingo 17 de agosto, tras la misa en el Santuario de Santa Maria della Rotonda, regresar\u00e1 para el rezo del \u00e1ngelus en Castel Gandolfo y despu\u00e9s en el borgo Laudato Si\u2019, situado en los jardines del palacio pontificio de Castel Gandolfo, almorzar\u00e1 con un centenar de personas necesitadas de la di\u00f3cesis de Albano.<\/p>\n<div class=\"visual__image\"><picture><source srcset=\"https:\/\/www.infobae.com\/resizer\/v2\/QZ77JQA6DRHBDFDP3QOD7Q2FAM.JPG?auth=5613a3b76d81e1eabd2d0ae448ac90a8a4324c12b3c6804fd3e9c30c293fecd6&amp;smart=true&amp;width=992&amp;height=661&amp;quality=85\" media=\"(min-width: 1000px)\"\/><source srcset=\"https:\/\/www.infobae.com\/resizer\/v2\/QZ77JQA6DRHBDFDP3QOD7Q2FAM.JPG?auth=5613a3b76d81e1eabd2d0ae448ac90a8a4324c12b3c6804fd3e9c30c293fecd6&amp;smart=true&amp;width=768&amp;height=512&amp;quality=85\" media=\"(min-width: 768px)\"\/><source srcset=\"https:\/\/www.infobae.com\/resizer\/v2\/QZ77JQA6DRHBDFDP3QOD7Q2FAM.JPG?auth=5613a3b76d81e1eabd2d0ae448ac90a8a4324c12b3c6804fd3e9c30c293fecd6&amp;smart=true&amp;width=577&amp;height=385&amp;quality=85\" media=\"(min-width: 580px)\"\/><source srcset=\"https:\/\/www.infobae.com\/resizer\/v2\/QZ77JQA6DRHBDFDP3QOD7Q2FAM.JPG?auth=5613a3b76d81e1eabd2d0ae448ac90a8a4324c12b3c6804fd3e9c30c293fecd6&amp;smart=true&amp;width=420&amp;height=280&amp;quality=85\" media=\"(min-width: 350px)\"\/><source srcset=\"https:\/\/www.infobae.com\/resizer\/v2\/QZ77JQA6DRHBDFDP3QOD7Q2FAM.JPG?auth=5613a3b76d81e1eabd2d0ae448ac90a8a4324c12b3c6804fd3e9c30c293fecd6&amp;smart=true&amp;width=350&amp;height=233&amp;quality=85\" media=\"(min-width: 80px)\"\/><img alt=\"Pope Leo XIV addresses the\" class=\"global-image\" decoding=\"async\" fetchpriority=\"low\" height=\"5231\" loading=\"lazy\" src=\"https:\/\/www.infobae.com\/resizer\/v2\/QZ77JQA6DRHBDFDP3QOD7Q2FAM.JPG?auth=5613a3b76d81e1eabd2d0ae448ac90a8a4324c12b3c6804fd3e9c30c293fecd6&amp;smart=true&amp;width=350&amp;height=233&amp;quality=85\" width=\"7847\"\/><\/picture><figcaption class=\"article-figcaption-img\">Pope Leo XIV addresses the crowd for the Oraci\u00f3n del \u00c1ngelus en Piazza della Liberta (Plaza de la Libertad) frente al Palazzo Apostolico (Palacio Apost\u00f3lico) en la finca papal de verano en Castel Gandolfo, cerca de Roma, Italia, 13 de julio de 2025. Tiziana Fabi\/Pool v\u00eda REUTERS<\/figcaption><\/div>\n<p class=\"paragraph\">Se sentar\u00e1n todos juntos en una misma mesa bajo los cenadores y \u201ctodos est\u00e1n deseosos de hablar con \u00e9l, de compartir sus historias y dificultades\u201d, declar\u00f3 a los medios vaticanos Alessio Rossi, director de C\u00e1ritas de la localidad de Albano.<\/p>\n<p class=\"paragraph\"><b>Los invitados de Le\u00f3n XIV ser\u00e1n hu\u00e9spedes de los albergues, comedores sociales y centros de apoyo de C\u00e1ritas de Albano.<\/b><\/p>\n<p class=\"paragraph\">El pont\u00edfice estadounidense y peruano tiene previsto quedarse hasta el martes, 19 de agosto, para poder regresar a celebrar la audiencia general de los mi\u00e9rcoles en el Vaticano.<\/p>\n<p class=\"paragraph\"><i>(con informaci\u00f3n de EFE)<\/i><\/p>\n<\/div>\n<p><script type=\"didomi\/javascript\" data-vendor=\"facebook\" defer=\"\">try{!function(f,b,e,v,n,t,s) {if(f.fbq)return;n=f.fbq=function(){n.callMethod? n.callMethod.apply(n,arguments):n.queue.push(arguments)}; if(!f._fbq)f._fbq=n;n.push=n;n.loaded=!0;n.version='2.0'; n.queue=[];t=b.createElement(e);t.async=!0; t.src=v;s=b.getElementsByTagName(e)[0]; s.parentNode.insertBefore(t,s)}(window, document,'script', ' fbq('init', '336383993555320'); fbq('track', 'PageView'); fbq('track', 'ViewContent');}catch(error){console.log(\"Error al inicializar facebookPixelRawCodeScript:\",error);}<\/script><\/p>\n","protected":false},"excerpt":{"rendered":"<p>El papa Le\u00f3n XIV bendice al p\u00fablico al final de una audiencia general en la plaza de San Pedro, en Ciudad del Vaticano. 6 de agosto de 2025. REUTERS\/Remo Casilli El papa Le\u00f3n XIV pidi\u00f3 que los fieles supliquen a Dios que conceda la paz a todos los pueblos que viven la tragedia de la [&hellip;]<\/p>\n","protected":false},"author":2,"featured_media":47591,"comment_status":"","ping_status":"","sticky":false,"template":"","format":"standard","meta":{"footnotes":""},"categories":[3],"tags":[],"_links":{"self":[{"href":"https:\/\/maxradio923.com.ar\/index.php\/wp-json\/wp\/v2\/posts\/47590"}],"collection":[{"href":"https:\/\/maxradio923.com.ar\/index.php\/wp-json\/wp\/v2\/posts"}],"about":[{"href":"https:\/\/maxradio923.com.ar\/index.php\/wp-json\/wp\/v2\/types\/post"}],"author":[{"embeddable":true,"href":"https:\/\/maxradio923.com.ar\/index.php\/wp-json\/wp\/v2\/users\/2"}],"replies":[{"embeddable":true,"href":"https:\/\/maxradio923.com.ar\/index.php\/wp-json\/wp\/v2\/comments?post=47590"}],"version-history":[{"count":0,"href":"https:\/\/maxradio923.com.ar\/index.php\/wp-json\/wp\/v2\/posts\/47590\/revisions"}],"wp:featuredmedia":[{"embeddable":true,"href":"https:\/\/maxradio923.com.ar\/index.php\/wp-json\/wp\/v2\/media\/47591"}],"wp:attachment":[{"href":"https:\/\/maxradio923.com.ar\/index.php\/wp-json\/wp\/v2\/media?parent=47590"}],"wp:term":[{"taxonomy":"category","embeddable":true,"href":"https:\/\/maxradio923.com.ar\/index.php\/wp-json\/wp\/v2\/categories?post=47590"},{"taxonomy":"post_tag","embeddable":true,"href":"https:\/\/maxradio923.com.ar\/index.php\/wp-json\/wp\/v2\/tags?post=47590"}],"curies":[{"name":"wp","href":"https:\/\/api.w.org\/{rel}","templated":true}]}}