{"id":47584,"date":"2025-08-13T12:09:04","date_gmt":"2025-08-13T15:09:04","guid":{"rendered":"https:\/\/maxradio923.com.ar\/index.php\/2025\/08\/13\/la-konga-en-buenos-aires-cuando-y-donde-es-el-show-y-como-comprar-las-entradas\/"},"modified":"2025-08-13T12:09:04","modified_gmt":"2025-08-13T15:09:04","slug":"la-konga-en-buenos-aires-cuando-y-donde-es-el-show-y-como-comprar-las-entradas","status":"publish","type":"post","link":"https:\/\/maxradio923.com.ar\/index.php\/2025\/08\/13\/la-konga-en-buenos-aires-cuando-y-donde-es-el-show-y-como-comprar-las-entradas\/","title":{"rendered":"La Konga en Buenos Aires: cu\u00e1ndo y d\u00f3nde es el show y c\u00f3mo comprar las entradas"},"content":{"rendered":"<p><\/p>\n<div>\n<p class=\"com-paragraph   --s\"><strong>La Konga<\/strong> anunci\u00f3 un show \u00fanico para el <strong>jueves 13 de noviembre<\/strong> y el Estadio Jos\u00e9 Amalfitani volver\u00e1 a te\u00f1irse de cuarteto. La producci\u00f3n inform\u00f3 que se trata de una presentaci\u00f3n completa en la cancha de <strong>V\u00e9lez Sarsfield<\/strong>, con campo y tribunas habilitadas, y un repaso por m\u00e1s de dos d\u00e9cadas de trayectoria.<\/p>\n<p><iframe loading=\"lazy\" title=\"La K&#039;onga - Ni Un Minuto M\u00e1s (V\u00eddeo Oficial)\" width=\"1170\" height=\"658\" src=\"https:\/\/www.youtube.com\/embed\/gd8WDcs6YYM?wmode=transparent&amp;rel=0&amp;feature=oembed\" frameborder=\"0\" allow=\"accelerometer; autoplay; clipboard-write; encrypted-media; gyroscope; picture-in-picture; web-share\" referrerpolicy=\"strict-origin-when-cross-origin\" allowfullscreen><\/iframe><\/p>\n<p class=\"com-paragraph   --s\">El pr\u00f3ximo recital de La Konga apunta a un set bailable y popular, con una puesta renovada y un recorrido por los hits del grupo, incluidos infaltables como \u201cTe mentir\u00eda\u201d, \u201cOtra noche\u201d, \u201cAdicto\u201d, \u201cLatidos\u201d, \u201cEl mismo aire\u201d y \u201cCinco minutos\u201d. <\/p>\n<h2 class=\"com-title --font-primary --xl --font-extra\">C\u00f3mo y d\u00f3nde comprar las entradas<\/h2>\n<p class=\"com-paragraph   --s\">La venta se realizar\u00e1 a trav\u00e9s de la ticketera oficial informada por la organizaci\u00f3n, EnigmaTickets, con todos los medios de pago.<\/p>\n<ul class=\"com-unordered\">\n<li class=\"com-item\">La preventa comienza el mi\u00e9rcoles 13 de agosto a las 13.<\/li>\n<li class=\"com-item\">La venta general se habilitar\u00e1 el jueves 14 de agosto a las 13. <\/li>\n<\/ul>\n<div class=\"content-media\">\n<section role=\"button\" class=\"mod-media   \">\n<figure role=\"button\" class=\"mod-figure \">\n<div class=\"placeholder \">\n<div class=\"com-image\"><picture><source media=\"(min-width: 768px)\" srcset=\"https:\/\/resizer.glanacion.com\/resizer\/v2\/la-konga-en-74YWRX7YQFAE7KVRRLQ4YZVRNM.jpg?auth=99a60e1624ea205f72daaf719a6a46bd549ae637d440a47171ea5de53409ce7d&amp;width=780&amp;height=520&amp;quality=70&amp;smart=true\"\/><img class=\"image flex com-image --cover\" decoding=\"async\" fetchpriority=\"low\" loading=\"lazy\" src=\"https:\/\/resizer.glanacion.com\/resizer\/v2\/la-konga-en-74YWRX7YQFAE7KVRRLQ4YZVRNM.jpg?auth=99a60e1624ea205f72daaf719a6a46bd549ae637d440a47171ea5de53409ce7d&amp;width=420&amp;height=280&amp;quality=70&amp;smart=true\" width=\"2048\" alt=\"La Konga en V\u00e9lez\" height=\"1365\"\/><\/picture><\/div>\n<\/div><figcaption class=\"mod-figcaption\"><span class=\"com-text --caption --twoxs\">La Konga en V\u00e9lez<\/span><span class=\"com-text --credit --twoxs\">La Konga<\/span><\/figcaption><\/figure>\n<\/section>\n<\/div>\n<h2 class=\"com-title --font-primary --xl --font-extra\">El resto de la gira: fechas y ciudades del <i>El amor es ciego Tour<\/i><\/h2>\n<ul class=\"com-unordered\">\n<li class=\"com-item\">06.09: Costanera Opus, R\u00edo Cuarto, C\u00f3rdoba, Argentina.<\/li>\n<li class=\"com-item\">11.09: Antel Arena, Montevideo, Uruguay.<\/li>\n<li class=\"com-item\">01.10: Magazzini Generali, Milano, Italia.<\/li>\n<li class=\"com-item\">02.10: Largo Venue, Roma, Italia.<\/li>\n<li class=\"com-item\">04.10: Es Gremi, Palma de Mallorca, Espa\u00f1a.<\/li>\n<li class=\"com-item\">05.10: Edifici Sociocultural d\u2019Arinsal, Arinsal, Andorra.<\/li>\n<li class=\"com-item\">07.10: Razzmatazz, Barcelona, Espa\u00f1a.<\/li>\n<li class=\"com-item\">08.10: Moon, Valencia, Espa\u00f1a.<\/li>\n<li class=\"com-item\">10.10: Paris 15, M\u00e1laga, Espa\u00f1a.<\/li>\n<li class=\"com-item\">12.10: LAV, Lisboa, Portugal.<\/li>\n<li class=\"com-item\">14.10: La Riviera, Madrid, Espa\u00f1a.<\/li>\n<li class=\"com-item\">15.10: Alboroto, Gran Canaria, Espa\u00f1a.<\/li>\n<\/ul>\n<div class=\"content-media\">\n<section role=\"button\" class=\"mod-media   \">\n<figure role=\"button\" class=\"mod-figure \">\n<div class=\"placeholder \">\n<div class=\"com-image\"><picture><source media=\"(min-width: 768px)\" srcset=\"https:\/\/resizer.glanacion.com\/resizer\/v2\/la-konga-en-UMTEVVXNPVDMHIAVMKNOKTBY6U.jpg?auth=45a8bebbe1a3539b1307e5f9faf16e892f937787d0feef12082ada6cfd6773f0&amp;width=780&amp;height=521&amp;quality=70&amp;smart=true\"\/><img class=\"image flex com-image --cover\" decoding=\"async\" fetchpriority=\"low\" loading=\"lazy\" src=\"https:\/\/resizer.glanacion.com\/resizer\/v2\/la-konga-en-UMTEVVXNPVDMHIAVMKNOKTBY6U.jpg?auth=45a8bebbe1a3539b1307e5f9faf16e892f937787d0feef12082ada6cfd6773f0&amp;width=420&amp;height=280&amp;quality=70&amp;smart=true\" width=\"2048\" alt=\"La Konga en V\u00e9lez\" height=\"1367\"\/><\/picture><\/div>\n<\/div><figcaption class=\"mod-figcaption\"><span class=\"com-text --caption --twoxs\">La Konga en V\u00e9lez<\/span><span class=\"com-text --credit --twoxs\">La Konga<\/span><\/figcaption><\/figure>\n<\/section>\n<\/div>\n<h2 class=\"com-title --font-primary --xl --font-extra\">Datos clave de La Konga en V\u00e9lez<\/h2>\n<ul class=\"com-unordered\">\n<li class=\"com-item\">Fecha: jueves 13 de noviembre de 2025.<\/li>\n<li class=\"com-item\">Lugar: Estadio Jos\u00e9 Amalfitani (V\u00e9lez Sarsfield), Liniers, CABA.<\/li>\n<li class=\"com-item\">Horarios: a confirmar por la producci\u00f3n.<\/li>\n<li class=\"com-item\">D\u00f3nde comprar: EnigmaTickets (ticketera oficial).<\/li>\n<li class=\"com-item\">Precios: a confirmar por la ticketera\/producci\u00f3n.<\/li>\n<\/ul>\n<h3 class=\"com-title --font-primary --l --font-extra\"><\/h3>\n<section class=\"container-center-100 mb-40 border border-bottom border-thin border-neutral-light-700\">\n<hr\/>\n<\/section>\n<\/div>\n","protected":false},"excerpt":{"rendered":"<p>La Konga anunci\u00f3 un show \u00fanico para el jueves 13 de noviembre y el Estadio Jos\u00e9 Amalfitani volver\u00e1 a te\u00f1irse de cuarteto. La producci\u00f3n inform\u00f3 que se trata de una presentaci\u00f3n completa en la cancha de V\u00e9lez Sarsfield, con campo y tribunas habilitadas, y un repaso por m\u00e1s de dos d\u00e9cadas de trayectoria. El pr\u00f3ximo [&hellip;]<\/p>\n","protected":false},"author":2,"featured_media":47585,"comment_status":"","ping_status":"","sticky":false,"template":"","format":"standard","meta":{"footnotes":""},"categories":[14],"tags":[],"_links":{"self":[{"href":"https:\/\/maxradio923.com.ar\/index.php\/wp-json\/wp\/v2\/posts\/47584"}],"collection":[{"href":"https:\/\/maxradio923.com.ar\/index.php\/wp-json\/wp\/v2\/posts"}],"about":[{"href":"https:\/\/maxradio923.com.ar\/index.php\/wp-json\/wp\/v2\/types\/post"}],"author":[{"embeddable":true,"href":"https:\/\/maxradio923.com.ar\/index.php\/wp-json\/wp\/v2\/users\/2"}],"replies":[{"embeddable":true,"href":"https:\/\/maxradio923.com.ar\/index.php\/wp-json\/wp\/v2\/comments?post=47584"}],"version-history":[{"count":0,"href":"https:\/\/maxradio923.com.ar\/index.php\/wp-json\/wp\/v2\/posts\/47584\/revisions"}],"wp:featuredmedia":[{"embeddable":true,"href":"https:\/\/maxradio923.com.ar\/index.php\/wp-json\/wp\/v2\/media\/47585"}],"wp:attachment":[{"href":"https:\/\/maxradio923.com.ar\/index.php\/wp-json\/wp\/v2\/media?parent=47584"}],"wp:term":[{"taxonomy":"category","embeddable":true,"href":"https:\/\/maxradio923.com.ar\/index.php\/wp-json\/wp\/v2\/categories?post=47584"},{"taxonomy":"post_tag","embeddable":true,"href":"https:\/\/maxradio923.com.ar\/index.php\/wp-json\/wp\/v2\/tags?post=47584"}],"curies":[{"name":"wp","href":"https:\/\/api.w.org\/{rel}","templated":true}]}}