{"id":47582,"date":"2025-08-13T11:54:04","date_gmt":"2025-08-13T14:54:04","guid":{"rendered":"https:\/\/maxradio923.com.ar\/index.php\/2025\/08\/13\/los-lideres-europeos-se-reunen-con-volodimir-zelensky-antes-de-la-cumbre-con-donald-trump\/"},"modified":"2025-08-13T11:54:04","modified_gmt":"2025-08-13T14:54:04","slug":"los-lideres-europeos-se-reunen-con-volodimir-zelensky-antes-de-la-cumbre-con-donald-trump","status":"publish","type":"post","link":"https:\/\/maxradio923.com.ar\/index.php\/2025\/08\/13\/los-lideres-europeos-se-reunen-con-volodimir-zelensky-antes-de-la-cumbre-con-donald-trump\/","title":{"rendered":"Los l\u00edderes europeos se re\u00fanen con Volodimir Zelensky antes de la cumbre con Donald Trump"},"content":{"rendered":"<p><\/p>\n<div>\n<div class=\"visual__image image-initial-width\"><picture><source srcset=\"https:\/\/www.infobae.com\/resizer\/v2\/N3I7A7J2LJC4LOBYGOPDVX6NWQ.JPG?auth=4ad843b4d6857f0564921f23b9da553855e928bc9490dc23e9b72ca23d699f78&amp;smart=true&amp;width=992&amp;height=661&amp;quality=85\" media=\"(min-width: 1000px)\"\/><source srcset=\"https:\/\/www.infobae.com\/resizer\/v2\/N3I7A7J2LJC4LOBYGOPDVX6NWQ.JPG?auth=4ad843b4d6857f0564921f23b9da553855e928bc9490dc23e9b72ca23d699f78&amp;smart=true&amp;width=768&amp;height=512&amp;quality=85\" media=\"(min-width: 768px)\"\/><source srcset=\"https:\/\/www.infobae.com\/resizer\/v2\/N3I7A7J2LJC4LOBYGOPDVX6NWQ.JPG?auth=4ad843b4d6857f0564921f23b9da553855e928bc9490dc23e9b72ca23d699f78&amp;smart=true&amp;width=577&amp;height=385&amp;quality=85\" media=\"(min-width: 580px)\"\/><source srcset=\"https:\/\/www.infobae.com\/resizer\/v2\/N3I7A7J2LJC4LOBYGOPDVX6NWQ.JPG?auth=4ad843b4d6857f0564921f23b9da553855e928bc9490dc23e9b72ca23d699f78&amp;smart=true&amp;width=420&amp;height=280&amp;quality=85\" media=\"(min-width: 350px)\"\/><source srcset=\"https:\/\/www.infobae.com\/resizer\/v2\/N3I7A7J2LJC4LOBYGOPDVX6NWQ.JPG?auth=4ad843b4d6857f0564921f23b9da553855e928bc9490dc23e9b72ca23d699f78&amp;smart=true&amp;width=350&amp;height=233&amp;quality=85\" media=\"(min-width: 80px)\"\/><img alt=\"El presidente de Ucrania, Volodimir\" class=\"global-image\" decoding=\"async\" fetchpriority=\"high\" height=\"1920\" loading=\"eager\" src=\"https:\/\/www.infobae.com\/resizer\/v2\/N3I7A7J2LJC4LOBYGOPDVX6NWQ.JPG?auth=4ad843b4d6857f0564921f23b9da553855e928bc9490dc23e9b72ca23d699f78&amp;smart=true&amp;width=350&amp;height=233&amp;quality=85\" width=\"2880\"\/><\/picture><figcaption class=\"article-figcaption-img\">El presidente de Ucrania, Volodimir Zelensky; junto al canciller alem\u00e1n, Friedrich Merz (JOHN MACDOUGALL\/Pool via REUTERS)<\/figcaption><\/div>\n<p class=\"paragraph\">La primera de las reuniones virtuales entre l\u00edderes europeos con el presidente Ucrania, <b>Volodimir Zelensky<\/b>, comenz\u00f3 este mi\u00e9rcoles, convocada por el canciller alem\u00e1n, <b>Friedrich Merz<\/b>, y antes de que estos representantes se citen a distancia con el presidente estadounidense, <b>Donald Trump<\/b>.<\/p>\n<p class=\"paragraph\">En esta primera reuni\u00f3n virtual, adem\u00e1s de Merz y Zelensky, participan desde las 12:00 GMT los l\u00edderes de <b>Finlandia, Francia, Italia, Reino Unido y Polonia<\/b>, adem\u00e1s de presidenta de la Comisi\u00f3n Europea (CE), <b>Ursula von der Leyen<\/b>, el presidente del Consejo Europeo, <b>Ant\u00f3nio Costa<\/b>, y el secretario general de la OTAN, <b>Mark Rutte<\/b>.<\/p>\n<p class=\"paragraph\">Est\u00e1 previsto, tras este primer encuentro en que los europeos coordinar\u00e1n su posici\u00f3n sobre la guerra ruso-ucraniana, que <b>Merz y Zelensky tengan otra cita virtual con Trump<\/b>, antes de que el jefe del Gobierno germano y el l\u00edder del Ejecutivo ucraniano vuelvan a reunirse con los representantes europeos.<\/p>\n<div class=\"jwplayer-ctn\" itemscope=\"\" itemtype=\"https:\/\/schema.org\/VideoObject\"><meta itemprop=\"contentUrl\" content=\"https:\/\/cdn.jwplayer.com\/videos\/TLj34izC-vM6j8t5y.mp4\"\/><meta itemprop=\"description\" content=\"Zelensky lleg\u00f3 a Berl\u00edn para reunirse con sus aliados europeos y participar de una cumbre virtual con Donald Trump\"\/><meta itemprop=\"duration\" content=\"P0Y0M0DT0H0M67S\"\/><meta itemprop=\"name\" content=\"Zelensky lleg\u00f3 a Berl\u00edn para reunirse con sus aliados europeos y participar de una cumbre virtual con Donald Trump\"\/><meta itemprop=\"thumbnailUrl\" content=\"https:\/\/cdn.jwplayer.com\/v2\/media\/TLj34izC\/poster.jpg?width=720\"\/><meta itemprop=\"uploadDate\" content=\"2025-08-13T12:02:15.000Z\"\/><figcaption class=\"jwplayer-figcaption\">Zelensky lleg\u00f3 a Berl\u00edn para reunirse con sus aliados europeos y participar de una cumbre virtual con Donald Trump<\/figcaption><\/div>\n<p class=\"paragraph\">La Canciller\u00eda Federal ha anunciado que Merz y Zelensky ofrecer\u00e1n unas declaraciones a la prensa al t\u00e9rmino de las reuniones, en las que los europeos buscan hacer valer sus posiciones ante Trump, que el viernes se reunir\u00e1 en Alaska con el presidente ruso, <b>Vladimir Putin<\/b>.<\/p>\n<p class=\"paragraph\">Antes de las reuniones, Zelensky inst\u00f3 a que la experiencia de <b>Kiev <\/b>y sus socios europeos se utilice \u201c<b>para impedir el enga\u00f1o por parte de Rusia<\/b>\u201d. Subray\u00f3 que<b>\u201cno hay ninguna se\u00f1al de que los rusos se est\u00e9n preparando para poner fin a la guerra\u201d<\/b>, y afirm\u00f3 que \u201clas hostilidades contin\u00faan\u201d y que las fuerzas rusas preparan \u201coperaciones ofensivas\u201d.<\/p>\n<p class=\"paragraph\">El mensaje de Zelensky se dio poco antes de su llegada a Berl\u00edn para reunirse con el canciller alem\u00e1n Friedrich Merz y participar en contactos virtuales con l\u00edderes europeos y de la OTAN. <\/p>\n<p class=\"paragraph\">El propio <b>Trump<\/b> utiliz\u00f3 su cuenta en la red social Truth para expresar este mi\u00e9rcoles: \u201c<b>Hablar\u00e9 con los l\u00edderes europeos pr\u00f3ximamente. Son personas excepcionales que desean cerrar un acuerdo<\/b>\u201c, manifest\u00f3.<\/p>\n<div class=\"visual__image\"><picture><source srcset=\"https:\/\/www.infobae.com\/resizer\/v2\/LZQCNDET2RADHOQCUHA6VP5ERQ.JPG?auth=ceb18b98d115b8c997cf952ce45f5bcd06be5caf08cc120cc6e3c5163a49396c&amp;smart=true&amp;width=992&amp;height=661&amp;quality=85\" media=\"(min-width: 1000px)\"\/><source srcset=\"https:\/\/www.infobae.com\/resizer\/v2\/LZQCNDET2RADHOQCUHA6VP5ERQ.JPG?auth=ceb18b98d115b8c997cf952ce45f5bcd06be5caf08cc120cc6e3c5163a49396c&amp;smart=true&amp;width=768&amp;height=512&amp;quality=85\" media=\"(min-width: 768px)\"\/><source srcset=\"https:\/\/www.infobae.com\/resizer\/v2\/LZQCNDET2RADHOQCUHA6VP5ERQ.JPG?auth=ceb18b98d115b8c997cf952ce45f5bcd06be5caf08cc120cc6e3c5163a49396c&amp;smart=true&amp;width=577&amp;height=385&amp;quality=85\" media=\"(min-width: 580px)\"\/><source srcset=\"https:\/\/www.infobae.com\/resizer\/v2\/LZQCNDET2RADHOQCUHA6VP5ERQ.JPG?auth=ceb18b98d115b8c997cf952ce45f5bcd06be5caf08cc120cc6e3c5163a49396c&amp;smart=true&amp;width=420&amp;height=280&amp;quality=85\" media=\"(min-width: 350px)\"\/><source srcset=\"https:\/\/www.infobae.com\/resizer\/v2\/LZQCNDET2RADHOQCUHA6VP5ERQ.JPG?auth=ceb18b98d115b8c997cf952ce45f5bcd06be5caf08cc120cc6e3c5163a49396c&amp;smart=true&amp;width=350&amp;height=233&amp;quality=85\" media=\"(min-width: 80px)\"\/><img alt=\"El presidente de Estados Unidos,\" class=\"global-image\" decoding=\"async\" fetchpriority=\"low\" height=\"2047\" loading=\"lazy\" src=\"https:\/\/www.infobae.com\/resizer\/v2\/LZQCNDET2RADHOQCUHA6VP5ERQ.JPG?auth=ceb18b98d115b8c997cf952ce45f5bcd06be5caf08cc120cc6e3c5163a49396c&amp;smart=true&amp;width=350&amp;height=233&amp;quality=85\" width=\"3071\"\/><\/picture><figcaption class=\"article-figcaption-img\">El presidente de Estados Unidos, Donald Trump (REUTERS\/Jonathan Ernst)<\/figcaption><\/div>\n<p class=\"paragraph\">La cumbre telem\u00e1tica se celebra como <b>antesala de la reuni\u00f3n in\u00e9dita entre Trump y Putin que tendr\u00e1 lugar el viernes en Alaska<\/b> para abordar el conflicto en Ucrania. <\/p>\n<p class=\"paragraph\">Zelensky record\u00f3 haber mantenido contactos y consultas con <b>m\u00e1s de una treintena de gobiernos<\/b> en los d\u00edas anteriores, para <b>coordinar posiciones<\/b> tras el anuncio de la cumbre. Insisti\u00f3 en la necesidad de \u201c<b>ejercer presi\u00f3n sobre Rusia para lograr una paz justa<\/b>\u201d y <b>pidi\u00f3 no tomar decisiones sobre la guerra sin incluir a Ucrania y la Uni\u00f3n Europea<\/b>. <\/p>\n<p class=\"paragraph\">\u201c<b>Un resultado genuino, real y justo solo se puede obtener con la participaci\u00f3n de Ucrania y de Europa<\/b>\u201d, escribi\u00f3 tras una conversaci\u00f3n telef\u00f3nica con el primer ministro neerland\u00e9s <b>Dick Schoof<\/b>. Tambi\u00e9n agradeci\u00f3 el respaldo de 26 pa\u00edses de la UE que, en una declaraci\u00f3n conjunta, reclamaron un alto el fuego como prerrequisito para un proceso de paz.<\/p>\n<p class=\"paragraph\">La reuni\u00f3n prevista entre Trump y Putin ha generado inquietud en Ucrania, que no ha sido incluida directamente en ese formato, a pesar de las demandas de la UE para que Washington tenga en cuenta a Kiev. Desde la Casa Blanca se indic\u00f3 el martes que la cumbre del viernes tendr\u00e1 car\u00e1cter de \u201c<b>ejercicio de escucha<\/b>\u201d para Trump, sin expectativas inmediatas de un acuerdo de paz.<\/p>\n<\/div>\n<p><script type=\"didomi\/javascript\" data-vendor=\"facebook\" defer=\"\">try{!function(f,b,e,v,n,t,s) {if(f.fbq)return;n=f.fbq=function(){n.callMethod? n.callMethod.apply(n,arguments):n.queue.push(arguments)}; if(!f._fbq)f._fbq=n;n.push=n;n.loaded=!0;n.version='2.0'; n.queue=[];t=b.createElement(e);t.async=!0; t.src=v;s=b.getElementsByTagName(e)[0]; s.parentNode.insertBefore(t,s)}(window, document,'script', ' fbq('init', '336383993555320'); fbq('track', 'PageView'); fbq('track', 'ViewContent');}catch(error){console.log(\"Error al inicializar facebookPixelRawCodeScript:\",error);}<\/script><\/p>\n","protected":false},"excerpt":{"rendered":"<p>El presidente de Ucrania, Volodimir Zelensky; junto al canciller alem\u00e1n, Friedrich Merz (JOHN MACDOUGALL\/Pool via REUTERS) La primera de las reuniones virtuales entre l\u00edderes europeos con el presidente Ucrania, Volodimir Zelensky, comenz\u00f3 este mi\u00e9rcoles, convocada por el canciller alem\u00e1n, Friedrich Merz, y antes de que estos representantes se citen a distancia con el presidente estadounidense, [&hellip;]<\/p>\n","protected":false},"author":2,"featured_media":47583,"comment_status":"","ping_status":"","sticky":false,"template":"","format":"standard","meta":{"footnotes":""},"categories":[3],"tags":[],"_links":{"self":[{"href":"https:\/\/maxradio923.com.ar\/index.php\/wp-json\/wp\/v2\/posts\/47582"}],"collection":[{"href":"https:\/\/maxradio923.com.ar\/index.php\/wp-json\/wp\/v2\/posts"}],"about":[{"href":"https:\/\/maxradio923.com.ar\/index.php\/wp-json\/wp\/v2\/types\/post"}],"author":[{"embeddable":true,"href":"https:\/\/maxradio923.com.ar\/index.php\/wp-json\/wp\/v2\/users\/2"}],"replies":[{"embeddable":true,"href":"https:\/\/maxradio923.com.ar\/index.php\/wp-json\/wp\/v2\/comments?post=47582"}],"version-history":[{"count":0,"href":"https:\/\/maxradio923.com.ar\/index.php\/wp-json\/wp\/v2\/posts\/47582\/revisions"}],"wp:featuredmedia":[{"embeddable":true,"href":"https:\/\/maxradio923.com.ar\/index.php\/wp-json\/wp\/v2\/media\/47583"}],"wp:attachment":[{"href":"https:\/\/maxradio923.com.ar\/index.php\/wp-json\/wp\/v2\/media?parent=47582"}],"wp:term":[{"taxonomy":"category","embeddable":true,"href":"https:\/\/maxradio923.com.ar\/index.php\/wp-json\/wp\/v2\/categories?post=47582"},{"taxonomy":"post_tag","embeddable":true,"href":"https:\/\/maxradio923.com.ar\/index.php\/wp-json\/wp\/v2\/tags?post=47582"}],"curies":[{"name":"wp","href":"https:\/\/api.w.org\/{rel}","templated":true}]}}