{"id":47572,"date":"2025-08-13T10:50:09","date_gmt":"2025-08-13T13:50:09","guid":{"rendered":"https:\/\/maxradio923.com.ar\/index.php\/2025\/08\/13\/nuevo-naufragio-en-las-costas-de-lampedusa-al-menos-20-personas-murieron-y-mas-de-15-estan-desaparecidas\/"},"modified":"2025-08-13T10:50:09","modified_gmt":"2025-08-13T13:50:09","slug":"nuevo-naufragio-en-las-costas-de-lampedusa-al-menos-20-personas-murieron-y-mas-de-15-estan-desaparecidas","status":"publish","type":"post","link":"https:\/\/maxradio923.com.ar\/index.php\/2025\/08\/13\/nuevo-naufragio-en-las-costas-de-lampedusa-al-menos-20-personas-murieron-y-mas-de-15-estan-desaparecidas\/","title":{"rendered":"Nuevo naufragio en las costas de Lampedusa: al menos 20 personas murieron y m\u00e1s de 15 est\u00e1n desaparecidas"},"content":{"rendered":"<p><\/p>\n<div>\n<div class=\"visual__image image-initial-width\"><picture><source srcset=\"https:\/\/www.infobae.com\/resizer\/v2\/YQ5BEKOPOFHNPJDJGLZ6WRXNWM.JPG?auth=42182bf1a922d1e2c7b60aed4511f4e9413a67a5f4bf1a30165cfe0cd20ff1ae&amp;smart=true&amp;width=992&amp;height=661&amp;quality=85\" media=\"(min-width: 1000px)\"\/><source srcset=\"https:\/\/www.infobae.com\/resizer\/v2\/YQ5BEKOPOFHNPJDJGLZ6WRXNWM.JPG?auth=42182bf1a922d1e2c7b60aed4511f4e9413a67a5f4bf1a30165cfe0cd20ff1ae&amp;smart=true&amp;width=768&amp;height=512&amp;quality=85\" media=\"(min-width: 768px)\"\/><source srcset=\"https:\/\/www.infobae.com\/resizer\/v2\/YQ5BEKOPOFHNPJDJGLZ6WRXNWM.JPG?auth=42182bf1a922d1e2c7b60aed4511f4e9413a67a5f4bf1a30165cfe0cd20ff1ae&amp;smart=true&amp;width=577&amp;height=385&amp;quality=85\" media=\"(min-width: 580px)\"\/><source srcset=\"https:\/\/www.infobae.com\/resizer\/v2\/YQ5BEKOPOFHNPJDJGLZ6WRXNWM.JPG?auth=42182bf1a922d1e2c7b60aed4511f4e9413a67a5f4bf1a30165cfe0cd20ff1ae&amp;smart=true&amp;width=420&amp;height=280&amp;quality=85\" media=\"(min-width: 350px)\"\/><source srcset=\"https:\/\/www.infobae.com\/resizer\/v2\/YQ5BEKOPOFHNPJDJGLZ6WRXNWM.JPG?auth=42182bf1a922d1e2c7b60aed4511f4e9413a67a5f4bf1a30165cfe0cd20ff1ae&amp;smart=true&amp;width=350&amp;height=233&amp;quality=85\" media=\"(min-width: 80px)\"\/><img alt=\"Migrantes en un bote en\" class=\"global-image\" decoding=\"async\" fetchpriority=\"high\" height=\"3667\" loading=\"eager\" src=\"https:\/\/www.infobae.com\/resizer\/v2\/YQ5BEKOPOFHNPJDJGLZ6WRXNWM.JPG?auth=42182bf1a922d1e2c7b60aed4511f4e9413a67a5f4bf1a30165cfe0cd20ff1ae&amp;smart=true&amp;width=350&amp;height=233&amp;quality=85\" width=\"5500\"\/><\/picture><figcaption class=\"article-figcaption-img\">Migrantes en un bote en las costas de Lampedusa. REUTERS\/Ana Beltran<\/figcaption><\/div>\n<p class=\"paragraph\"><b>Al menos 20 migrantes han muerto por el naufragio de la embarcaci\u00f3n<\/b> en la que viajaban frente a las costas de la isla italiana de <b>Lampedusa<\/b>, seg\u00fan las primeras informaciones, que dan cuenta tambi\u00e9n de <b>entre 15 y 20 desaparecidos<\/b> como consecuencia de esta nueva tragedia migratoria.<\/p>\n<p class=\"paragraph\">El suceso ha tenido lugar unas 13 millas (22,5 kil\u00f3metros) al suroeste de Lampedusa. La<b> embarcaci\u00f3n volc\u00f3 antes de que pudiesen llegar los servicios de rescate<\/b>, que solo pudieron<b> rescatar a al menos 60<\/b> de las personas que viajaban a bordo, informa la agencia de noticias <i>AdnKronos<\/i>.<\/p>\n<p class=\"paragraph\">La Agencia de Naciones Unidas para los Refugiados (ACNUR) ha expresado por boca de un portavoz, Filippo Ungaro, su <b>\u201cprofunda angustia\u201d por este \u201cen\u00e9simo naufragio\u201d<\/b>. La organizaci\u00f3n, que ha comenzado a brindar ayuda a los supervivientes, ha llamado a los gobiernos a aumentar las v\u00edas legales para migrar.<\/p>\n<p class=\"paragraph\">\u201cProfunda angustia por el en\u00e9simo naufragio frente a las costas de Lampedusa, donde ahora ACNUR est\u00e1 prestando asistencia a los supervivientes. Se habr\u00edan encontrado 20 cad\u00e1veres y habr\u00eda otros tantos desaparecidos.<b> Hasta hoy, son 675 los muertos desde principios de a\u00f1o en el Mediterr\u00e1neo central. Reforzar las v\u00edas legales<\/b>\u201d, confirm\u00f3 en sus redes la secci\u00f3n italiana de la Agencia de Naciones Unidas para los Refugiados.<\/p>\n<div class=\"visual__image\"><picture><source srcset=\"https:\/\/www.infobae.com\/resizer\/v2\/B43DGXPURJAWXLLBMQDSPYIGGE.jpg?auth=dfa370f8a2f597caa26c30edc15780c139efe692ff533e8c4cf9f32bf3d29672&amp;smart=true&amp;width=992&amp;height=649&amp;quality=85\" media=\"(min-width: 1000px)\"\/><source srcset=\"https:\/\/www.infobae.com\/resizer\/v2\/B43DGXPURJAWXLLBMQDSPYIGGE.jpg?auth=dfa370f8a2f597caa26c30edc15780c139efe692ff533e8c4cf9f32bf3d29672&amp;smart=true&amp;width=768&amp;height=503&amp;quality=85\" media=\"(min-width: 768px)\"\/><source srcset=\"https:\/\/www.infobae.com\/resizer\/v2\/B43DGXPURJAWXLLBMQDSPYIGGE.jpg?auth=dfa370f8a2f597caa26c30edc15780c139efe692ff533e8c4cf9f32bf3d29672&amp;smart=true&amp;width=577&amp;height=378&amp;quality=85\" media=\"(min-width: 580px)\"\/><source srcset=\"https:\/\/www.infobae.com\/resizer\/v2\/B43DGXPURJAWXLLBMQDSPYIGGE.jpg?auth=dfa370f8a2f597caa26c30edc15780c139efe692ff533e8c4cf9f32bf3d29672&amp;smart=true&amp;width=420&amp;height=275&amp;quality=85\" media=\"(min-width: 350px)\"\/><source srcset=\"https:\/\/www.infobae.com\/resizer\/v2\/B43DGXPURJAWXLLBMQDSPYIGGE.jpg?auth=dfa370f8a2f597caa26c30edc15780c139efe692ff533e8c4cf9f32bf3d29672&amp;smart=true&amp;width=350&amp;height=229&amp;quality=85\" media=\"(min-width: 80px)\"\/><img alt=\"La embarcaci\u00f3n volc\u00f3 antes de\" class=\"global-image\" decoding=\"async\" fetchpriority=\"low\" height=\"2082\" loading=\"lazy\" src=\"https:\/\/www.infobae.com\/resizer\/v2\/B43DGXPURJAWXLLBMQDSPYIGGE.jpg?auth=dfa370f8a2f597caa26c30edc15780c139efe692ff533e8c4cf9f32bf3d29672&amp;smart=true&amp;width=350&amp;height=229&amp;quality=85\" width=\"3180\"\/><\/picture><figcaption class=\"article-figcaption-img\">La embarcaci\u00f3n volc\u00f3 antes de que pudiesen llegar los servicios de rescate, que s\u00f3lo pudieron rescatar a al menos 60. REUTERS\/Juan Medina\/File Photo<\/figcaption><\/div>\n<p class=\"paragraph\">Seg\u00fan los primeros datos hab\u00eda <b>aproximadamente 100 personas a bordo <\/b>y un grupo de supervivientes ya ha sido desembarcado en la isla italiana, la m\u00e1s cercana a las costas africanas.<\/p>\n<p class=\"paragraph\">El diario <i>\u2018La Repubblica\u2019<\/i> informa de que la embarcaci\u00f3n fue avistada a las 11.15 horas por un helic\u00f3ptero de la Guardia de Finanza que patrullaba esa zona mar\u00edtima que lanz\u00f3 una alarma y una lancha patrullera de la Guardia Costera, otra de la Guardia di Finanza y una tercera embarcaci\u00f3n de Frontex acudieron al lugar para prestar primeros auxilios.<\/p>\n<p class=\"paragraph\">Las lanchas encontraron la embarcaci\u00f3n, que zarp\u00f3 del norte de Libia hace unos d\u00edas, volcada con todos los migrantes en el mar.<\/p>\n<p class=\"paragraph\"><b>S\u00f3lo en lo que va de a\u00f1o, unos 675 migrantes y refugiados han perecido en aguas del Mediterr\u00e1neo central<\/b>, seg\u00fan datos de la Organizaci\u00f3n Internacional para las Migraciones (OIM), que no tienen en cuenta este \u00faltimo hundimiento.<\/p>\n<p class=\"paragraph\"><i>Noticia en desarrollo&#8230;<\/i><\/p>\n<p class=\"paragraph\"><i>(con informaci\u00f3n de EP)<\/i><\/p>\n<\/div>\n<p><script type=\"didomi\/javascript\" data-vendor=\"facebook\" defer=\"\">try{!function(f,b,e,v,n,t,s) {if(f.fbq)return;n=f.fbq=function(){n.callMethod? n.callMethod.apply(n,arguments):n.queue.push(arguments)}; if(!f._fbq)f._fbq=n;n.push=n;n.loaded=!0;n.version='2.0'; n.queue=[];t=b.createElement(e);t.async=!0; t.src=v;s=b.getElementsByTagName(e)[0]; s.parentNode.insertBefore(t,s)}(window, document,'script', ' fbq('init', '336383993555320'); fbq('track', 'PageView'); fbq('track', 'ViewContent');}catch(error){console.log(\"Error al inicializar facebookPixelRawCodeScript:\",error);}<\/script><\/p>\n","protected":false},"excerpt":{"rendered":"<p>Migrantes en un bote en las costas de Lampedusa. REUTERS\/Ana Beltran Al menos 20 migrantes han muerto por el naufragio de la embarcaci\u00f3n en la que viajaban frente a las costas de la isla italiana de Lampedusa, seg\u00fan las primeras informaciones, que dan cuenta tambi\u00e9n de entre 15 y 20 desaparecidos como consecuencia de esta [&hellip;]<\/p>\n","protected":false},"author":2,"featured_media":47573,"comment_status":"","ping_status":"","sticky":false,"template":"","format":"standard","meta":{"footnotes":""},"categories":[3],"tags":[],"_links":{"self":[{"href":"https:\/\/maxradio923.com.ar\/index.php\/wp-json\/wp\/v2\/posts\/47572"}],"collection":[{"href":"https:\/\/maxradio923.com.ar\/index.php\/wp-json\/wp\/v2\/posts"}],"about":[{"href":"https:\/\/maxradio923.com.ar\/index.php\/wp-json\/wp\/v2\/types\/post"}],"author":[{"embeddable":true,"href":"https:\/\/maxradio923.com.ar\/index.php\/wp-json\/wp\/v2\/users\/2"}],"replies":[{"embeddable":true,"href":"https:\/\/maxradio923.com.ar\/index.php\/wp-json\/wp\/v2\/comments?post=47572"}],"version-history":[{"count":0,"href":"https:\/\/maxradio923.com.ar\/index.php\/wp-json\/wp\/v2\/posts\/47572\/revisions"}],"wp:featuredmedia":[{"embeddable":true,"href":"https:\/\/maxradio923.com.ar\/index.php\/wp-json\/wp\/v2\/media\/47573"}],"wp:attachment":[{"href":"https:\/\/maxradio923.com.ar\/index.php\/wp-json\/wp\/v2\/media?parent=47572"}],"wp:term":[{"taxonomy":"category","embeddable":true,"href":"https:\/\/maxradio923.com.ar\/index.php\/wp-json\/wp\/v2\/categories?post=47572"},{"taxonomy":"post_tag","embeddable":true,"href":"https:\/\/maxradio923.com.ar\/index.php\/wp-json\/wp\/v2\/tags?post=47572"}],"curies":[{"name":"wp","href":"https:\/\/api.w.org\/{rel}","templated":true}]}}