{"id":47566,"date":"2025-08-13T09:14:21","date_gmt":"2025-08-13T12:14:21","guid":{"rendered":"https:\/\/maxradio923.com.ar\/index.php\/2025\/08\/13\/el-tribunal-supremo-de-brasil-autorizo-a-jair-bolsonaro-a-salir-de-su-domicilio-para-examenes-medicos-en-brasilia\/"},"modified":"2025-08-13T09:14:21","modified_gmt":"2025-08-13T12:14:21","slug":"el-tribunal-supremo-de-brasil-autorizo-a-jair-bolsonaro-a-salir-de-su-domicilio-para-examenes-medicos-en-brasilia","status":"publish","type":"post","link":"https:\/\/maxradio923.com.ar\/index.php\/2025\/08\/13\/el-tribunal-supremo-de-brasil-autorizo-a-jair-bolsonaro-a-salir-de-su-domicilio-para-examenes-medicos-en-brasilia\/","title":{"rendered":"El Tribunal Supremo de Brasil autoriz\u00f3 a Jair Bolsonaro a salir de su domicilio para ex\u00e1menes m\u00e9dicos en Brasilia"},"content":{"rendered":"<p><\/p>\n<div>\n<div class=\"visual__image image-initial-width\"><picture><source srcset=\"https:\/\/www.infobae.com\/resizer\/v2\/LYZ3A34RU5E65NSIQLHXXI2VFU.jpg?auth=c50b509a5f46f1fbedfa254666de1f86fb37ce4f5e487c7e8b3540a966c1a13d&amp;smart=true&amp;width=992&amp;height=660&amp;quality=85\" media=\"(min-width: 1000px)\"\/><source srcset=\"https:\/\/www.infobae.com\/resizer\/v2\/LYZ3A34RU5E65NSIQLHXXI2VFU.jpg?auth=c50b509a5f46f1fbedfa254666de1f86fb37ce4f5e487c7e8b3540a966c1a13d&amp;smart=true&amp;width=768&amp;height=511&amp;quality=85\" media=\"(min-width: 768px)\"\/><source srcset=\"https:\/\/www.infobae.com\/resizer\/v2\/LYZ3A34RU5E65NSIQLHXXI2VFU.jpg?auth=c50b509a5f46f1fbedfa254666de1f86fb37ce4f5e487c7e8b3540a966c1a13d&amp;smart=true&amp;width=577&amp;height=384&amp;quality=85\" media=\"(min-width: 580px)\"\/><source srcset=\"https:\/\/www.infobae.com\/resizer\/v2\/LYZ3A34RU5E65NSIQLHXXI2VFU.jpg?auth=c50b509a5f46f1fbedfa254666de1f86fb37ce4f5e487c7e8b3540a966c1a13d&amp;smart=true&amp;width=420&amp;height=279&amp;quality=85\" media=\"(min-width: 350px)\"\/><source srcset=\"https:\/\/www.infobae.com\/resizer\/v2\/LYZ3A34RU5E65NSIQLHXXI2VFU.jpg?auth=c50b509a5f46f1fbedfa254666de1f86fb37ce4f5e487c7e8b3540a966c1a13d&amp;smart=true&amp;width=350&amp;height=233&amp;quality=85\" media=\"(min-width: 80px)\"\/><img alt=\"El Tribunal Supremo de Brasil\" class=\"global-image\" decoding=\"async\" fetchpriority=\"high\" height=\"1277\" loading=\"eager\" src=\"https:\/\/www.infobae.com\/resizer\/v2\/LYZ3A34RU5E65NSIQLHXXI2VFU.jpg?auth=c50b509a5f46f1fbedfa254666de1f86fb37ce4f5e487c7e8b3540a966c1a13d&amp;smart=true&amp;width=350&amp;height=233&amp;quality=85\" width=\"1920\"\/><\/picture><figcaption class=\"article-figcaption-img\">El Tribunal Supremo de Brasil autoriz\u00f3 a Jair Bolsonaro a salir de su domicilio para ex\u00e1menes m\u00e9dicos en Brasilia<\/figcaption><\/div>\n<p class=\"paragraph\">El <b>Tribunal Supremo de Brasil<\/b> autoriz\u00f3 al expresidente <b>Jair Bolsonaro<\/b> (2019-2023) a abandonar su domicilio el pr\u00f3ximo s\u00e1bado 16 de agosto para someterse a una serie de ex\u00e1menes m\u00e9dicos en un hospital privado de <b>Brasilia<\/b>. Ser\u00e1 la primera vez que el ex mandatario salga de su residencia desde que cumple prisi\u00f3n domiciliaria, medida impuesta el pasado 4 de agosto.<\/p>\n<p class=\"paragraph\">La decisi\u00f3n fue adoptada por el juez <b>Alexandre de Moraes<\/b>, magistrado del Supremo y responsable de varios procesos contra Bolsonaro, quien acept\u00f3 el pedido de la defensa para que el ex mandatario sea trasladado al <b>Hospital DF Star<\/b>. All\u00ed deber\u00e1 permanecer entre seis y ocho horas para someterse a an\u00e1lisis de sangre y orina, endoscopia, tomograf\u00eda computarizada, ecograf\u00eda y un cardiograma.<\/p>\n<p class=\"paragraph\">Seg\u00fan sus abogados, el ex mandatario presenta problemas de reflujo e hipo refractario, afecciones que \u2014aseguran\u2014 requieren una evaluaci\u00f3n m\u00e9dica urgente. <b>Bolsonaro deber\u00e1 entregar a la Justicia, en un plazo m\u00e1ximo de 48 horas despu\u00e9s de la consulta, un informe que acredite los procedimientos realizados y la hora de la cita m\u00e9dica.<\/b><\/p>\n<div class=\"visual__image\"><picture><source srcset=\"https:\/\/www.infobae.com\/resizer\/v2\/CCEYK4ODXFQ7PWJOWNMZEWP2W4.jpg?auth=11186cebbe44eee8336bd33eb1586f08bfed96f84bc864c785dd4bdd87b00677&amp;smart=true&amp;width=992&amp;height=661&amp;quality=85\" media=\"(min-width: 1000px)\"\/><source srcset=\"https:\/\/www.infobae.com\/resizer\/v2\/CCEYK4ODXFQ7PWJOWNMZEWP2W4.jpg?auth=11186cebbe44eee8336bd33eb1586f08bfed96f84bc864c785dd4bdd87b00677&amp;smart=true&amp;width=768&amp;height=512&amp;quality=85\" media=\"(min-width: 768px)\"\/><source srcset=\"https:\/\/www.infobae.com\/resizer\/v2\/CCEYK4ODXFQ7PWJOWNMZEWP2W4.jpg?auth=11186cebbe44eee8336bd33eb1586f08bfed96f84bc864c785dd4bdd87b00677&amp;smart=true&amp;width=577&amp;height=385&amp;quality=85\" media=\"(min-width: 580px)\"\/><source srcset=\"https:\/\/www.infobae.com\/resizer\/v2\/CCEYK4ODXFQ7PWJOWNMZEWP2W4.jpg?auth=11186cebbe44eee8336bd33eb1586f08bfed96f84bc864c785dd4bdd87b00677&amp;smart=true&amp;width=420&amp;height=280&amp;quality=85\" media=\"(min-width: 350px)\"\/><source srcset=\"https:\/\/www.infobae.com\/resizer\/v2\/CCEYK4ODXFQ7PWJOWNMZEWP2W4.jpg?auth=11186cebbe44eee8336bd33eb1586f08bfed96f84bc864c785dd4bdd87b00677&amp;smart=true&amp;width=350&amp;height=233&amp;quality=85\" media=\"(min-width: 80px)\"\/><img alt=\"El permiso m\u00e9dico no modifica\" class=\"global-image\" decoding=\"async\" fetchpriority=\"low\" height=\"3667\" loading=\"lazy\" src=\"https:\/\/www.infobae.com\/resizer\/v2\/CCEYK4ODXFQ7PWJOWNMZEWP2W4.jpg?auth=11186cebbe44eee8336bd33eb1586f08bfed96f84bc864c785dd4bdd87b00677&amp;smart=true&amp;width=350&amp;height=233&amp;quality=85\" width=\"5500\"\/><\/picture><figcaption class=\"article-figcaption-img\">El permiso m\u00e9dico no modifica la situaci\u00f3n judicial de Bolsonaro, quien enfrenta otras causas por abuso de poder y desinformaci\u00f3n durante la pandemia (REUTERS\/ARCHIVO)<\/figcaption><\/div>\n<p class=\"paragraph\">Aunque el permiso le permitir\u00e1 salir de su casa, el ex presidente seguir\u00e1 bajo vigilancia constante. Portar\u00e1 la pulsera electr\u00f3nica que se le coloc\u00f3 a inicios de mes y que permite rastrear sus movimientos en todo momento. El traslado y la supervisi\u00f3n quedar\u00e1n a cargo de la <b>Secretar\u00eda de Administraci\u00f3n Penitenciaria del Distrito Federal<\/b>.<\/p>\n<p class=\"paragraph\">La resoluci\u00f3n judicial tambi\u00e9n autoriza a Bolsonaro a recibir la visita de varios aliados pol\u00edticos: el senador <b>Rog\u00e9rio Marinho<\/b> y el diputado <b>Altineu Cortes<\/b>, ambos del <b>Partido Liberal (PL)<\/b>; as\u00ed como del vicealcalde de <b>S\u00e3o Paulo<\/b>, <b>Ricardo Melo Ara\u00fajo<\/b>, y del diputado <b>Tom\u00e9 Abuch<\/b>, del partido <b>Republicanos<\/b>.<\/p>\n<p class=\"paragraph\"><b>Bolsonaro<\/b> se encuentra bajo arresto domiciliario por incumplir medidas cautelares impuestas en el marco de una investigaci\u00f3n sobre su presunta implicaci\u00f3n en un plan para obstaculizar un proceso judicial en su contra por intento de <b>golpe de Estado.<\/b> La causa se centra en los eventos posteriores a las elecciones de 2022, cuando el entonces presidente <b>Luiz In\u00e1cio Lula da Silva<\/b> result\u00f3 electo.<\/p>\n<p class=\"paragraph\">Las pesquisas del <b>Supremo<\/b> apuntan a que Bolsonaro habr\u00eda canalizado hasta dos millones de reales (m\u00e1s de 350.000 d\u00f3lares) para financiar actividades pol\u00edticas en el extranjero, espec\u00edficamente en <b>Estados Unidos<\/b>, a trav\u00e9s de su hijo, el diputado federal <b>Eduardo Bolsonaro<\/b>. Este \u00faltimo habr\u00eda promovido, desde marzo, una campa\u00f1a para impulsar sanciones y aranceles contra autoridades brasile\u00f1as, en un contexto en el que el expresidente estadounidense <b>Donald Trump<\/b> manifestaba un inter\u00e9s particular por la situaci\u00f3n judicial de su aliado brasile\u00f1o.<\/p>\n<div class=\"visual__image\"><picture><source srcset=\"https:\/\/www.infobae.com\/resizer\/v2\/OJXHQJJXKNGQ3LQ4T67VDBGIMI.jpg?auth=0474718b9a9a68cf91a5b080572a781662746d8eba0bbda9c400aa1b8b84e16d&amp;smart=true&amp;width=992&amp;height=661&amp;quality=85\" media=\"(min-width: 1000px)\"\/><source srcset=\"https:\/\/www.infobae.com\/resizer\/v2\/OJXHQJJXKNGQ3LQ4T67VDBGIMI.jpg?auth=0474718b9a9a68cf91a5b080572a781662746d8eba0bbda9c400aa1b8b84e16d&amp;smart=true&amp;width=768&amp;height=512&amp;quality=85\" media=\"(min-width: 768px)\"\/><source srcset=\"https:\/\/www.infobae.com\/resizer\/v2\/OJXHQJJXKNGQ3LQ4T67VDBGIMI.jpg?auth=0474718b9a9a68cf91a5b080572a781662746d8eba0bbda9c400aa1b8b84e16d&amp;smart=true&amp;width=577&amp;height=385&amp;quality=85\" media=\"(min-width: 580px)\"\/><source srcset=\"https:\/\/www.infobae.com\/resizer\/v2\/OJXHQJJXKNGQ3LQ4T67VDBGIMI.jpg?auth=0474718b9a9a68cf91a5b080572a781662746d8eba0bbda9c400aa1b8b84e16d&amp;smart=true&amp;width=420&amp;height=280&amp;quality=85\" media=\"(min-width: 350px)\"\/><source srcset=\"https:\/\/www.infobae.com\/resizer\/v2\/OJXHQJJXKNGQ3LQ4T67VDBGIMI.jpg?auth=0474718b9a9a68cf91a5b080572a781662746d8eba0bbda9c400aa1b8b84e16d&amp;smart=true&amp;width=350&amp;height=233&amp;quality=85\" media=\"(min-width: 80px)\"\/><img alt=\"El juez Alexandre de Moraes,\" class=\"global-image\" decoding=\"async\" fetchpriority=\"low\" height=\"2412\" loading=\"lazy\" src=\"https:\/\/www.infobae.com\/resizer\/v2\/OJXHQJJXKNGQ3LQ4T67VDBGIMI.jpg?auth=0474718b9a9a68cf91a5b080572a781662746d8eba0bbda9c400aa1b8b84e16d&amp;smart=true&amp;width=350&amp;height=233&amp;quality=85\" width=\"3618\"\/><\/picture><figcaption class=\"article-figcaption-img\">El juez Alexandre de Moraes, figura clave en el caso, ha impuesto medidas restrictivas y supervisa el cumplimiento de la prisi\u00f3n domiciliaria (AP\/ARCHIVO)<\/figcaption><\/div>\n<p class=\"paragraph\">De acuerdo con la acusaci\u00f3n, el objetivo era presionar y desacreditar a instituciones brasile\u00f1as que investigan los disturbios del <b>8 de enero de 2023<\/b>, cuando miles de simpatizantes bolsonaristas invadieron las sedes de los tres poderes en Brasilia. <b>Ese asalto, que dej\u00f3 un fuerte impacto pol\u00edtico, llev\u00f3 a la apertura de m\u00faltiples procesos penales contra l\u00edderes y organizadores, incluido el propio expresidente.<\/b><\/p>\n<p class=\"paragraph\">El juez <b>Alexandre de Moraes<\/b>, blanco de cr\u00edticas constantes por parte de Bolsonaro y sus seguidores, ha sido una figura central en las investigaciones sobre la desinformaci\u00f3n, los ataques a la democracia y las redes que impulsaron las protestas violentas. Ha ordenado medidas restrictivas, como la prohibici\u00f3n de contacto con otros investigados y la entrega del pasaporte, y ha bloqueado cuentas en redes sociales utilizadas para difundir mensajes considerados como incitaci\u00f3n a la violencia o al desacato judicial.<\/p>\n<p class=\"paragraph\">En el caso actual, la prisi\u00f3n domiciliaria se dict\u00f3 tras constatarse que <b>Bolsonaro<\/b> habr\u00eda incumplido la orden de no involucrarse en actos pol\u00edticos internacionales relacionados con su causa judicial. La defensa sostiene que las actividades en <b>Estados Unidos<\/b> no violaban las restricciones, argumento que el Supremo no acept\u00f3.<\/p>\n<p class=\"paragraph\">Un proceso en desarrollo <b>El permiso m\u00e9dico de este s\u00e1bado no altera la condici\u00f3n judicial del ex presidente. Bolsonaro seguir\u00e1 en prisi\u00f3n domiciliaria mientras avanza la investigaci\u00f3n, que podr\u00eda derivar en nuevas acusaciones formales.<\/b> La autorizaci\u00f3n se limita estrictamente a los procedimientos m\u00e9dicos programados, con la obligaci\u00f3n de retornar a su residencia al finalizar las pruebas.<\/p>\n<\/div>\n<p><script type=\"didomi\/javascript\" data-vendor=\"facebook\" defer=\"\">try{!function(f,b,e,v,n,t,s) {if(f.fbq)return;n=f.fbq=function(){n.callMethod? n.callMethod.apply(n,arguments):n.queue.push(arguments)}; if(!f._fbq)f._fbq=n;n.push=n;n.loaded=!0;n.version='2.0'; n.queue=[];t=b.createElement(e);t.async=!0; t.src=v;s=b.getElementsByTagName(e)[0]; s.parentNode.insertBefore(t,s)}(window, document,'script', ' fbq('init', '336383993555320'); fbq('track', 'PageView'); fbq('track', 'ViewContent');}catch(error){console.log(\"Error al inicializar facebookPixelRawCodeScript:\",error);}<\/script><\/p>\n","protected":false},"excerpt":{"rendered":"<p>El Tribunal Supremo de Brasil autoriz\u00f3 a Jair Bolsonaro a salir de su domicilio para ex\u00e1menes m\u00e9dicos en Brasilia El Tribunal Supremo de Brasil autoriz\u00f3 al expresidente Jair Bolsonaro (2019-2023) a abandonar su domicilio el pr\u00f3ximo s\u00e1bado 16 de agosto para someterse a una serie de ex\u00e1menes m\u00e9dicos en un hospital privado de Brasilia. Ser\u00e1 [&hellip;]<\/p>\n","protected":false},"author":2,"featured_media":47567,"comment_status":"","ping_status":"","sticky":false,"template":"","format":"standard","meta":{"footnotes":""},"categories":[3],"tags":[],"_links":{"self":[{"href":"https:\/\/maxradio923.com.ar\/index.php\/wp-json\/wp\/v2\/posts\/47566"}],"collection":[{"href":"https:\/\/maxradio923.com.ar\/index.php\/wp-json\/wp\/v2\/posts"}],"about":[{"href":"https:\/\/maxradio923.com.ar\/index.php\/wp-json\/wp\/v2\/types\/post"}],"author":[{"embeddable":true,"href":"https:\/\/maxradio923.com.ar\/index.php\/wp-json\/wp\/v2\/users\/2"}],"replies":[{"embeddable":true,"href":"https:\/\/maxradio923.com.ar\/index.php\/wp-json\/wp\/v2\/comments?post=47566"}],"version-history":[{"count":0,"href":"https:\/\/maxradio923.com.ar\/index.php\/wp-json\/wp\/v2\/posts\/47566\/revisions"}],"wp:featuredmedia":[{"embeddable":true,"href":"https:\/\/maxradio923.com.ar\/index.php\/wp-json\/wp\/v2\/media\/47567"}],"wp:attachment":[{"href":"https:\/\/maxradio923.com.ar\/index.php\/wp-json\/wp\/v2\/media?parent=47566"}],"wp:term":[{"taxonomy":"category","embeddable":true,"href":"https:\/\/maxradio923.com.ar\/index.php\/wp-json\/wp\/v2\/categories?post=47566"},{"taxonomy":"post_tag","embeddable":true,"href":"https:\/\/maxradio923.com.ar\/index.php\/wp-json\/wp\/v2\/tags?post=47566"}],"curies":[{"name":"wp","href":"https:\/\/api.w.org\/{rel}","templated":true}]}}