{"id":47564,"date":"2025-08-13T08:42:15","date_gmt":"2025-08-13T11:42:15","guid":{"rendered":"https:\/\/maxradio923.com.ar\/index.php\/2025\/08\/13\/el-ejercito-israeli-aprobo-el-marco-para-una-nueva-ofensiva-contra-el-grupo-terrorista-hamas-en-la-franja-de-gaza\/"},"modified":"2025-08-13T08:42:15","modified_gmt":"2025-08-13T11:42:15","slug":"el-ejercito-israeli-aprobo-el-marco-para-una-nueva-ofensiva-contra-el-grupo-terrorista-hamas-en-la-franja-de-gaza","status":"publish","type":"post","link":"https:\/\/maxradio923.com.ar\/index.php\/2025\/08\/13\/el-ejercito-israeli-aprobo-el-marco-para-una-nueva-ofensiva-contra-el-grupo-terrorista-hamas-en-la-franja-de-gaza\/","title":{"rendered":"El Ej\u00e9rcito israel\u00ed aprob\u00f3 el marco para una nueva ofensiva contra el grupo terrorista Hamas en la Franja de Gaza"},"content":{"rendered":"<p><\/p>\n<div>\n<div class=\"visual__image image-initial-width\"><picture><source srcset=\"https:\/\/www.infobae.com\/resizer\/v2\/TTZ2EXAU6FBEVE4AQG23F3PPZI.jpg?auth=643767195420ac599f6a5aa7665f99c70c08750634ff905453bc01b3a7700f0a&amp;smart=true&amp;width=992&amp;height=641&amp;quality=85\" media=\"(min-width: 1000px)\"\/><source srcset=\"https:\/\/www.infobae.com\/resizer\/v2\/TTZ2EXAU6FBEVE4AQG23F3PPZI.jpg?auth=643767195420ac599f6a5aa7665f99c70c08750634ff905453bc01b3a7700f0a&amp;smart=true&amp;width=768&amp;height=496&amp;quality=85\" media=\"(min-width: 768px)\"\/><source srcset=\"https:\/\/www.infobae.com\/resizer\/v2\/TTZ2EXAU6FBEVE4AQG23F3PPZI.jpg?auth=643767195420ac599f6a5aa7665f99c70c08750634ff905453bc01b3a7700f0a&amp;smart=true&amp;width=577&amp;height=373&amp;quality=85\" media=\"(min-width: 580px)\"\/><source srcset=\"https:\/\/www.infobae.com\/resizer\/v2\/TTZ2EXAU6FBEVE4AQG23F3PPZI.jpg?auth=643767195420ac599f6a5aa7665f99c70c08750634ff905453bc01b3a7700f0a&amp;smart=true&amp;width=420&amp;height=271&amp;quality=85\" media=\"(min-width: 350px)\"\/><source srcset=\"https:\/\/www.infobae.com\/resizer\/v2\/TTZ2EXAU6FBEVE4AQG23F3PPZI.jpg?auth=643767195420ac599f6a5aa7665f99c70c08750634ff905453bc01b3a7700f0a&amp;smart=true&amp;width=350&amp;height=226&amp;quality=85\" media=\"(min-width: 80px)\"\/><img alt=\"Soldados israel\u00edes (Europa Press)\" class=\"global-image\" decoding=\"async\" fetchpriority=\"high\" height=\"1240\" loading=\"eager\" src=\"https:\/\/www.infobae.com\/resizer\/v2\/TTZ2EXAU6FBEVE4AQG23F3PPZI.jpg?auth=643767195420ac599f6a5aa7665f99c70c08750634ff905453bc01b3a7700f0a&amp;smart=true&amp;width=350&amp;height=226&amp;quality=85\" width=\"1920\"\/><\/picture><figcaption class=\"article-figcaption-img\">Soldados israel\u00edes (Europa Press)<\/figcaption><\/div>\n<p class=\"paragraph\">El Ej\u00e9rcito israel\u00ed anunci\u00f3 este mi\u00e9rcoles la <b>aprobaci\u00f3n del marco<\/b> para <b>una nueva ofensiva en la Franja de Gaza<\/b>. <\/p>\n<p class=\"paragraph\">La aprobaci\u00f3n de la ofensiva ampliada se produce d\u00edas despu\u00e9s de que el gabinete de seguridad israel\u00ed <b>solicitara la toma de la ciudad m\u00e1s grande de Gaza<\/b>, tras 22 meses de guerra que han generado graves condiciones humanitarias en el territorio palestino.<\/p>\n<p class=\"paragraph\">El jefe de las fuerzas armadas israel\u00edes, el teniente general <b>Eyal Zamir<\/b>, \u201c<b>aprob\u00f3 el marco principal del plan operativo de las Fuerzas de Defensa de Israel (FDI) en la Franja de Gaza<\/b>\u201d, seg\u00fan un comunicado emitido por el ej\u00e9rcito.<\/p>\n<p class=\"paragraph\">El gobierno del primer ministro <b>Benjamin Netanyahu<\/b> no ha proporcionado un calendario preciso sobre la entrada de las tropas israel\u00edes en la ciudad de Gaza, donde miles de personas se han refugiado tras huir de ofensivas anteriores.<\/p>\n<p class=\"paragraph\">Este martes, el propio Netanyahu afirm\u00f3 que <b>su pa\u00eds permitir\u00e1 que los palestinos salgan de la Franja de Gaza<\/b>. <\/p>\n<div class=\"visual__image\"><picture><source srcset=\"https:\/\/www.infobae.com\/resizer\/v2\/CKVUV6RRXFF45M7UVTXCN3FVO4.jpg?auth=d3e23d4d41f0d8c740129dbcb36ebe5a978954a467479f37c0621556705f6076&amp;smart=true&amp;width=992&amp;height=661&amp;quality=85\" media=\"(min-width: 1000px)\"\/><source srcset=\"https:\/\/www.infobae.com\/resizer\/v2\/CKVUV6RRXFF45M7UVTXCN3FVO4.jpg?auth=d3e23d4d41f0d8c740129dbcb36ebe5a978954a467479f37c0621556705f6076&amp;smart=true&amp;width=768&amp;height=512&amp;quality=85\" media=\"(min-width: 768px)\"\/><source srcset=\"https:\/\/www.infobae.com\/resizer\/v2\/CKVUV6RRXFF45M7UVTXCN3FVO4.jpg?auth=d3e23d4d41f0d8c740129dbcb36ebe5a978954a467479f37c0621556705f6076&amp;smart=true&amp;width=577&amp;height=385&amp;quality=85\" media=\"(min-width: 580px)\"\/><source srcset=\"https:\/\/www.infobae.com\/resizer\/v2\/CKVUV6RRXFF45M7UVTXCN3FVO4.jpg?auth=d3e23d4d41f0d8c740129dbcb36ebe5a978954a467479f37c0621556705f6076&amp;smart=true&amp;width=420&amp;height=280&amp;quality=85\" media=\"(min-width: 350px)\"\/><source srcset=\"https:\/\/www.infobae.com\/resizer\/v2\/CKVUV6RRXFF45M7UVTXCN3FVO4.jpg?auth=d3e23d4d41f0d8c740129dbcb36ebe5a978954a467479f37c0621556705f6076&amp;smart=true&amp;width=350&amp;height=233&amp;quality=85\" media=\"(min-width: 80px)\"\/><img alt=\"El jefe del Estado Mayor\" class=\"global-image\" decoding=\"async\" fetchpriority=\"low\" height=\"1280\" loading=\"lazy\" src=\"https:\/\/www.infobae.com\/resizer\/v2\/CKVUV6RRXFF45M7UVTXCN3FVO4.jpg?auth=d3e23d4d41f0d8c740129dbcb36ebe5a978954a467479f37c0621556705f6076&amp;smart=true&amp;width=350&amp;height=233&amp;quality=85\" width=\"1920\"\/><\/picture><figcaption class=\"article-figcaption-img\">El jefe del Estado Mayor de las Fuerzas Armadas de Israel, el teniente general Eyal Zamir (Europa Press)<br \/>\n<\/figcaption><\/div>\n<p class=\"paragraph\">Los anteriores llamamientos para reasentar a los habitantes de Gaza fuera del territorio devastado por la guerra, incluidos los del presidente estadounidense <b>Donald Trump<\/b>, han suscitado preocupaci\u00f3n entre los palestinos y la condena de la comunidad internacional.<\/p>\n<p class=\"paragraph\">Netanyahu defendi\u00f3 sus pol\u00edticas b\u00e9licas en una entrevista con un medio de comunicaci\u00f3n israel\u00ed, emitida poco despu\u00e9s de que Egipto anunciara que los mediadores del conflicto estaban trabajando de nuevo para alcanzar una tregua de 60 d\u00edas.<\/p>\n<p class=\"paragraph\">\u201c<b>No los estamos expulsando, sino que les permitimos marcharse<\/b>\u201d, declar\u00f3 el mandatario israel\u00ed en el canal de televisi\u00f3n <i>I24 News<\/i>.<\/p>\n<p class=\"paragraph\">Hay que darles \u201c<b>la posibilidad de irse, en primer lugar, de salir de las zonas de combate y, en general, de abandonar el territorio, si as\u00ed lo desean<\/b>\u201d, indic\u00f3 el primer ministro, citando los desplazamientos de refugiados durante las guerras en Siria, Ucrania y Afganist\u00e1n.<\/p>\n<p class=\"paragraph\">En la Franja de Gaza, Israel lleva a\u00f1os controlando estrictamente las fronteras e impidiendo a muchos salir del territorio. Para los palestinos, cualquier intento de expulsarlos de sus tierras les recordar\u00eda la \u201cNakba\u201d, su desplazamiento masivo durante la creaci\u00f3n de Israel en 1948.<\/p>\n<p class=\"paragraph\">Netanyahu respald\u00f3 la sugerencia de Trump de principios de a\u00f1o de expulsar a los m\u00e1s de dos millones de habitantes de Gaza a Egipto y Jordania, mientras que los ministros israel\u00edes de extrema derecha pidieron su salida \u201cvoluntaria\u201d.<\/p>\n<\/div>\n<p><script type=\"didomi\/javascript\" data-vendor=\"facebook\" defer=\"\">try{!function(f,b,e,v,n,t,s) {if(f.fbq)return;n=f.fbq=function(){n.callMethod? n.callMethod.apply(n,arguments):n.queue.push(arguments)}; if(!f._fbq)f._fbq=n;n.push=n;n.loaded=!0;n.version='2.0'; n.queue=[];t=b.createElement(e);t.async=!0; t.src=v;s=b.getElementsByTagName(e)[0]; s.parentNode.insertBefore(t,s)}(window, document,'script', ' fbq('init', '336383993555320'); fbq('track', 'PageView'); fbq('track', 'ViewContent');}catch(error){console.log(\"Error al inicializar facebookPixelRawCodeScript:\",error);}<\/script><\/p>\n","protected":false},"excerpt":{"rendered":"<p>Soldados israel\u00edes (Europa Press) El Ej\u00e9rcito israel\u00ed anunci\u00f3 este mi\u00e9rcoles la aprobaci\u00f3n del marco para una nueva ofensiva en la Franja de Gaza. La aprobaci\u00f3n de la ofensiva ampliada se produce d\u00edas despu\u00e9s de que el gabinete de seguridad israel\u00ed solicitara la toma de la ciudad m\u00e1s grande de Gaza, tras 22 meses de guerra [&hellip;]<\/p>\n","protected":false},"author":2,"featured_media":47565,"comment_status":"","ping_status":"","sticky":false,"template":"","format":"standard","meta":{"footnotes":""},"categories":[3],"tags":[],"_links":{"self":[{"href":"https:\/\/maxradio923.com.ar\/index.php\/wp-json\/wp\/v2\/posts\/47564"}],"collection":[{"href":"https:\/\/maxradio923.com.ar\/index.php\/wp-json\/wp\/v2\/posts"}],"about":[{"href":"https:\/\/maxradio923.com.ar\/index.php\/wp-json\/wp\/v2\/types\/post"}],"author":[{"embeddable":true,"href":"https:\/\/maxradio923.com.ar\/index.php\/wp-json\/wp\/v2\/users\/2"}],"replies":[{"embeddable":true,"href":"https:\/\/maxradio923.com.ar\/index.php\/wp-json\/wp\/v2\/comments?post=47564"}],"version-history":[{"count":0,"href":"https:\/\/maxradio923.com.ar\/index.php\/wp-json\/wp\/v2\/posts\/47564\/revisions"}],"wp:featuredmedia":[{"embeddable":true,"href":"https:\/\/maxradio923.com.ar\/index.php\/wp-json\/wp\/v2\/media\/47565"}],"wp:attachment":[{"href":"https:\/\/maxradio923.com.ar\/index.php\/wp-json\/wp\/v2\/media?parent=47564"}],"wp:term":[{"taxonomy":"category","embeddable":true,"href":"https:\/\/maxradio923.com.ar\/index.php\/wp-json\/wp\/v2\/categories?post=47564"},{"taxonomy":"post_tag","embeddable":true,"href":"https:\/\/maxradio923.com.ar\/index.php\/wp-json\/wp\/v2\/tags?post=47564"}],"curies":[{"name":"wp","href":"https:\/\/api.w.org\/{rel}","templated":true}]}}