{"id":47552,"date":"2025-08-13T04:26:04","date_gmt":"2025-08-13T07:26:04","guid":{"rendered":"https:\/\/maxradio923.com.ar\/index.php\/2025\/08\/13\/netanyahu-anuncio-que-autorizara-a-los-palestinos-salir-de-gaza\/"},"modified":"2025-08-13T04:26:04","modified_gmt":"2025-08-13T07:26:04","slug":"netanyahu-anuncio-que-autorizara-a-los-palestinos-salir-de-gaza","status":"publish","type":"post","link":"https:\/\/maxradio923.com.ar\/index.php\/2025\/08\/13\/netanyahu-anuncio-que-autorizara-a-los-palestinos-salir-de-gaza\/","title":{"rendered":"Netanyahu anunci\u00f3 que autorizar\u00e1 a los palestinos salir de Gaza"},"content":{"rendered":"<p><\/p>\n<div>\n<div class=\"visual__image image-initial-width\"><picture><source srcset=\"https:\/\/www.infobae.com\/resizer\/v2\/DVMFVQX7KJDDZC6ZOCFUWGAPXI.JPG?auth=fb643b395043e0f19f62f2fb49475e74421849bf51c47f3fb964864ff910f363&amp;smart=true&amp;width=992&amp;height=661&amp;quality=85\" media=\"(min-width: 1000px)\"\/><source srcset=\"https:\/\/www.infobae.com\/resizer\/v2\/DVMFVQX7KJDDZC6ZOCFUWGAPXI.JPG?auth=fb643b395043e0f19f62f2fb49475e74421849bf51c47f3fb964864ff910f363&amp;smart=true&amp;width=768&amp;height=512&amp;quality=85\" media=\"(min-width: 768px)\"\/><source srcset=\"https:\/\/www.infobae.com\/resizer\/v2\/DVMFVQX7KJDDZC6ZOCFUWGAPXI.JPG?auth=fb643b395043e0f19f62f2fb49475e74421849bf51c47f3fb964864ff910f363&amp;smart=true&amp;width=577&amp;height=384&amp;quality=85\" media=\"(min-width: 580px)\"\/><source srcset=\"https:\/\/www.infobae.com\/resizer\/v2\/DVMFVQX7KJDDZC6ZOCFUWGAPXI.JPG?auth=fb643b395043e0f19f62f2fb49475e74421849bf51c47f3fb964864ff910f363&amp;smart=true&amp;width=420&amp;height=280&amp;quality=85\" media=\"(min-width: 350px)\"\/><source srcset=\"https:\/\/www.infobae.com\/resizer\/v2\/DVMFVQX7KJDDZC6ZOCFUWGAPXI.JPG?auth=fb643b395043e0f19f62f2fb49475e74421849bf51c47f3fb964864ff910f363&amp;smart=true&amp;width=350&amp;height=233&amp;quality=85\" media=\"(min-width: 80px)\"\/><img alt=\"Foto del domingo del Primer\" class=\"global-image\" decoding=\"async\" fetchpriority=\"high\" height=\"533\" loading=\"eager\" src=\"https:\/\/www.infobae.com\/resizer\/v2\/DVMFVQX7KJDDZC6ZOCFUWGAPXI.JPG?auth=fb643b395043e0f19f62f2fb49475e74421849bf51c47f3fb964864ff910f363&amp;smart=true&amp;width=350&amp;height=233&amp;quality=85\" width=\"800\"\/><\/picture><figcaption class=\"article-figcaption-img\">Foto del domingo del Primer Ministro de Israel Benjamin Netanyahu en una rueda de prensa en Jerusal\u00e9n<br \/>\n10 2025 (ABIR SULTAN\/Pool via REUTERS)<\/figcaption><\/div>\n<p class=\"paragraph\">El primer ministro israel\u00ed, <b>Benjamin Netanyahu<\/b>, afirm\u00f3 el martes que su pa\u00eds permitir\u00e1 que los palestinos salgan de la <b>Franja de Gaza<\/b>, mientras el ej\u00e9rcito se prepara para una ofensiva m\u00e1s amplia en el territorio.<\/p>\n<p class=\"paragraph\">Los anteriores llamamientos para reasentar a los habitantes de Gaza fuera del territorio devastado por la guerra, incluidos los del presidente estadounidense <b>Donald Trump<\/b>, han suscitado preocupaci\u00f3n entre los palestinos y la condena de la comunidad internacional.<\/p>\n<p class=\"paragraph\">Netanyahu defendi\u00f3 sus pol\u00edticas b\u00e9licas en una inusual entrevista con un medio de comunicaci\u00f3n israel\u00ed, emitida poco despu\u00e9s de que Egipto anunciara que los mediadores del conflicto estaban trabajando de nuevo para alcanzar una <b>tregua de 60 d\u00edas<\/b>.<\/p>\n<p class=\"paragraph\">\u201c<b>No los estamos expulsando, sino que les permitimos marcharse<\/b>\u201d, declar\u00f3 el mandatario israel\u00ed en el canal de televisi\u00f3n <i>I24 News<\/i>.<\/p>\n<p class=\"paragraph\">Hay que darles \u201cla posibilidad de irse, en primer lugar, de salir de las zonas de combate y, en general, de abandonar el territorio, si as\u00ed lo desean\u201d, indic\u00f3 el primer ministro, citando los desplazamientos de refugiados durante las guerras en Siria, Ucrania y Afganist\u00e1n.<\/p>\n<p class=\"paragraph\">En la Franja de Gaza, Israel lleva a\u00f1os controlando estrictamente las fronteras e impidiendo a muchos salir del territorio.<\/p>\n<p class=\"paragraph\">Para los palestinos, cualquier intento de expulsarlos de sus tierras les recordar\u00eda la \u201c<b>Nakba<\/b>\u201d, su desplazamiento masivo durante la creaci\u00f3n de Israel en 1948.<\/p>\n<p class=\"paragraph\">Netanyahu respald\u00f3 la sugerencia de Trump de principios de a\u00f1o de expulsar a los m\u00e1s de dos millones de habitantes de Gaza a Egipto y Jordania, mientras que los ministros israel\u00edes de extrema derecha pidieron su salida \u201cvoluntaria\u201d.<\/p>\n<div class=\"visual__image\"><picture><source srcset=\"https:\/\/www.infobae.com\/resizer\/v2\/PEAUWP75CNB75GOFCLXPHZF3PY.JPG?auth=f46629a62015b16dd2586d6d6f6b899aad6851f1210cb6c4a9b8cd653b70e8cb&amp;smart=true&amp;width=992&amp;height=661&amp;quality=85\" media=\"(min-width: 1000px)\"\/><source srcset=\"https:\/\/www.infobae.com\/resizer\/v2\/PEAUWP75CNB75GOFCLXPHZF3PY.JPG?auth=f46629a62015b16dd2586d6d6f6b899aad6851f1210cb6c4a9b8cd653b70e8cb&amp;smart=true&amp;width=768&amp;height=512&amp;quality=85\" media=\"(min-width: 768px)\"\/><source srcset=\"https:\/\/www.infobae.com\/resizer\/v2\/PEAUWP75CNB75GOFCLXPHZF3PY.JPG?auth=f46629a62015b16dd2586d6d6f6b899aad6851f1210cb6c4a9b8cd653b70e8cb&amp;smart=true&amp;width=577&amp;height=384&amp;quality=85\" media=\"(min-width: 580px)\"\/><source srcset=\"https:\/\/www.infobae.com\/resizer\/v2\/PEAUWP75CNB75GOFCLXPHZF3PY.JPG?auth=f46629a62015b16dd2586d6d6f6b899aad6851f1210cb6c4a9b8cd653b70e8cb&amp;smart=true&amp;width=420&amp;height=280&amp;quality=85\" media=\"(min-width: 350px)\"\/><source srcset=\"https:\/\/www.infobae.com\/resizer\/v2\/PEAUWP75CNB75GOFCLXPHZF3PY.JPG?auth=f46629a62015b16dd2586d6d6f6b899aad6851f1210cb6c4a9b8cd653b70e8cb&amp;smart=true&amp;width=350&amp;height=233&amp;quality=85\" media=\"(min-width: 80px)\"\/><img alt=\"Palestinos se apresuran a recoger\" class=\"global-image\" decoding=\"async\" fetchpriority=\"low\" height=\"533\" loading=\"lazy\" src=\"https:\/\/www.infobae.com\/resizer\/v2\/PEAUWP75CNB75GOFCLXPHZF3PY.JPG?auth=f46629a62015b16dd2586d6d6f6b899aad6851f1210cb6c4a9b8cd653b70e8cb&amp;smart=true&amp;width=350&amp;height=233&amp;quality=85\" width=\"800\"\/><\/picture><figcaption class=\"article-figcaption-img\">Palestinos se apresuran a recoger suministros de ayuda de los camiones que ingresaron a trav\u00e9s de Israel, en Jan Yunis, en el sur de la Franja de Gaza, el 12 de agosto de 2025 (REUTERS\/Hatem Khaled)<\/figcaption><\/div>\n<p class=\"paragraph\">En paralelo a la entrevista del dirigente israel\u00ed, dos fuentes palestinas declararon que una delegaci\u00f3n de Hamas llegar\u00eda a El Cairo para conversar con los mediadores, que intentan encontrar una salida a esta guerra, desencadenada tras el ataque del grupo terrorista palestino del <b>7 de octubre de 2023<\/b>.<\/p>\n<p class=\"paragraph\">La delegaci\u00f3n, encabezada por el principal negociador del grupo, <b>Jalil al Haya<\/b>, tiene previsto reunirse con funcionarios egipcios el mi\u00e9rcoles para \u201cdiscutir los \u00faltimos avances\u201d en las negociaciones, seg\u00fan una de las fuentes.<\/p>\n<p class=\"paragraph\">Los esfuerzos de mediaci\u00f3n liderados por Qatar, Egipto y Estados Unidos no han logrado un avance significativo desde la breve tregua alcanzada a principios de este a\u00f1o, rota dos meses despu\u00e9s.<\/p>\n<p class=\"paragraph\">En un nuevo intento de relanzar la diplomacia, el canciller egipcio, Badr Abdelatty, indic\u00f3 este martes que est\u00e1n \u201ctrabajando muy arduamente en plena<b> cooperaci\u00f3n con los catar\u00edes y estadounidenses<\/b>\u201d.<\/p>\n<p class=\"paragraph\">El objetivo es \u201cun alto al fuego de 60 d\u00edas, con la liberaci\u00f3n de algunos rehenes y algunos detenidos palestinos y el flujo de asistencia humanitaria y m\u00e9dica a Gaza sin restricciones ni condiciones\u201d, precis\u00f3.<\/p>\n<p class=\"paragraph\">Una fuente palestina familiarizada con las negociaciones dijo anteriormente a <i>AFP <\/i>que \u201clos mediadores est\u00e1n trabajando para formular una nueva propuesta de acuerdo de alto al fuego integral\u201d que incluir\u00eda la <b>liberaci\u00f3n de todos los rehenes que quedan en Gaza \u201cde una sola vez\u201d<\/b>.<\/p>\n<p class=\"paragraph\">Netanyahu afirm\u00f3 en su entrevista que se opondr\u00eda a la liberaci\u00f3n escalonada de los rehenes y que, en su lugar, \u201cquerr\u00eda que todos ellos fueran liberados como parte del fin de la guerra, pero bajo nuestras condiciones\u201d.<\/p>\n<div class=\"visual__image\"><picture><source srcset=\"https:\/\/www.infobae.com\/resizer\/v2\/IH3XSE6FOBG6HFPLXUZHTLWLUI.jpg?auth=45b16249a4ec7bd7f220a10851d4ff36ef1ca047416bfd2526e11d88d9c9b44c&amp;smart=true&amp;width=992&amp;height=661&amp;quality=85\" media=\"(min-width: 1000px)\"\/><source srcset=\"https:\/\/www.infobae.com\/resizer\/v2\/IH3XSE6FOBG6HFPLXUZHTLWLUI.jpg?auth=45b16249a4ec7bd7f220a10851d4ff36ef1ca047416bfd2526e11d88d9c9b44c&amp;smart=true&amp;width=768&amp;height=512&amp;quality=85\" media=\"(min-width: 768px)\"\/><source srcset=\"https:\/\/www.infobae.com\/resizer\/v2\/IH3XSE6FOBG6HFPLXUZHTLWLUI.jpg?auth=45b16249a4ec7bd7f220a10851d4ff36ef1ca047416bfd2526e11d88d9c9b44c&amp;smart=true&amp;width=577&amp;height=385&amp;quality=85\" media=\"(min-width: 580px)\"\/><source srcset=\"https:\/\/www.infobae.com\/resizer\/v2\/IH3XSE6FOBG6HFPLXUZHTLWLUI.jpg?auth=45b16249a4ec7bd7f220a10851d4ff36ef1ca047416bfd2526e11d88d9c9b44c&amp;smart=true&amp;width=420&amp;height=280&amp;quality=85\" media=\"(min-width: 350px)\"\/><source srcset=\"https:\/\/www.infobae.com\/resizer\/v2\/IH3XSE6FOBG6HFPLXUZHTLWLUI.jpg?auth=45b16249a4ec7bd7f220a10851d4ff36ef1ca047416bfd2526e11d88d9c9b44c&amp;smart=true&amp;width=350&amp;height=233&amp;quality=85\" media=\"(min-width: 80px)\"\/><img alt=\"Manifestantes portan antorchas durante una\" class=\"global-image\" decoding=\"async\" fetchpriority=\"low\" height=\"3562\" loading=\"lazy\" src=\"https:\/\/www.infobae.com\/resizer\/v2\/IH3XSE6FOBG6HFPLXUZHTLWLUI.jpg?auth=45b16249a4ec7bd7f220a10851d4ff36ef1ca047416bfd2526e11d88d9c9b44c&amp;smart=true&amp;width=350&amp;height=233&amp;quality=85\" width=\"5342\"\/><\/picture><figcaption class=\"article-figcaption-img\">Manifestantes portan antorchas durante una protesta para exigir la liberaci\u00f3n inmediata de todos los rehenes retenidos por Ham\u00e1s en la Franja de Gaza, y para pedir el fin de la guerra, el jueves 7 de agosto de 2025, frente a la oficina del primer ministro en Jerusal\u00e9n (AP Foto\/Ohad Zwigenberg)<\/figcaption><\/div>\n<p class=\"paragraph\">En el terreno, la Defensa Civil local anunci\u00f3 la intensificaci\u00f3n de los ataques en Ciudad de Gaza, d\u00edas despu\u00e9s de que el gabinete de seguridad israel\u00ed decidiera expandir su ofensiva a la principal urbe del enclave.<\/p>\n<p class=\"paragraph\">Aunque el gobierno israel\u00ed no proporcion\u00f3 un calendario exacto de cu\u00e1ndo entrar\u00edan sus fuerzas en la zona, el portavoz de la agencia, Mahmud Basal, dijo que los bombardeos a\u00e9reos sobre esta ciudad han ido en aumento durante los \u00faltimos tres d\u00edas.<\/p>\n<p class=\"paragraph\">Basal se\u00f1al\u00f3 que los barrios residenciales de Zeitun y Sabra fueron atacados \u201ccon<b> bombardeos muy intensos<\/b> que tienen como objetivo viviendas civiles\u201d.<\/p>\n<p class=\"paragraph\">Seg\u00fan el vocero, <b>los ataques israel\u00edes mataron este martes a 33 personas en toda la Franja de Gaza<\/b>.<\/p>\n<p class=\"paragraph\">\u201cLos bombardeos han sido extremadamente intensos desde hace dos d\u00edas. Con cada impacto, el suelo tiembla\u201d, afirm\u00f3 Majed al Hosary, un habitante de Zeitun.<\/p>\n<p class=\"paragraph\">En los \u00faltimos meses, Israel ha enfrentado crecientes cr\u00edticas por su ofensiva en Gaza y su asedio del territorio, donde <b>expertos respaldados por la ONU han advertido de una hambruna generalizad<\/b>a.<\/p>\n<p class=\"paragraph\">Adem\u00e1s, Netanyahu se encuentra bajo una presi\u00f3n interna cada vez mayor para garantizar la liberaci\u00f3n de los 49 rehenes que siguen cautivos en Gaza, de los cuales 27 habr\u00edan muerto seg\u00fan el ej\u00e9rcito israel\u00ed.<\/p>\n<p class=\"paragraph\"><b>El ataque del 7 de octubre dej\u00f3 1.219 israel\u00edes muertos<\/b>, la mayor\u00eda civiles, seg\u00fan un recuento de <i>AFP <\/i>basado en cifras oficiales.<\/p>\n<p class=\"paragraph\">Al menos 61.599 palestinos, en su mayor\u00eda civiles, han muerto en las operaciones de represalias del ej\u00e9rcito israel\u00ed en Gaza, seg\u00fan datos del Ministerio de Salud del gobierno de Ham\u00e1s, considerados fiables por la ONU.<\/p>\n<p class=\"paragraph\"><i>(Con informaci\u00f3n de AFP)<\/i><\/p>\n<\/div>\n<p><script type=\"didomi\/javascript\" data-vendor=\"facebook\" defer=\"\">try{!function(f,b,e,v,n,t,s) {if(f.fbq)return;n=f.fbq=function(){n.callMethod? n.callMethod.apply(n,arguments):n.queue.push(arguments)}; if(!f._fbq)f._fbq=n;n.push=n;n.loaded=!0;n.version='2.0'; n.queue=[];t=b.createElement(e);t.async=!0; t.src=v;s=b.getElementsByTagName(e)[0]; s.parentNode.insertBefore(t,s)}(window, document,'script', ' fbq('init', '336383993555320'); fbq('track', 'PageView'); fbq('track', 'ViewContent');}catch(error){console.log(\"Error al inicializar facebookPixelRawCodeScript:\",error);}<\/script><\/p>\n","protected":false},"excerpt":{"rendered":"<p>Foto del domingo del Primer Ministro de Israel Benjamin Netanyahu en una rueda de prensa en Jerusal\u00e9n 10 2025 (ABIR SULTAN\/Pool via REUTERS) El primer ministro israel\u00ed, Benjamin Netanyahu, afirm\u00f3 el martes que su pa\u00eds permitir\u00e1 que los palestinos salgan de la Franja de Gaza, mientras el ej\u00e9rcito se prepara para una ofensiva m\u00e1s amplia [&hellip;]<\/p>\n","protected":false},"author":2,"featured_media":47553,"comment_status":"","ping_status":"","sticky":false,"template":"","format":"standard","meta":{"footnotes":""},"categories":[3],"tags":[],"_links":{"self":[{"href":"https:\/\/maxradio923.com.ar\/index.php\/wp-json\/wp\/v2\/posts\/47552"}],"collection":[{"href":"https:\/\/maxradio923.com.ar\/index.php\/wp-json\/wp\/v2\/posts"}],"about":[{"href":"https:\/\/maxradio923.com.ar\/index.php\/wp-json\/wp\/v2\/types\/post"}],"author":[{"embeddable":true,"href":"https:\/\/maxradio923.com.ar\/index.php\/wp-json\/wp\/v2\/users\/2"}],"replies":[{"embeddable":true,"href":"https:\/\/maxradio923.com.ar\/index.php\/wp-json\/wp\/v2\/comments?post=47552"}],"version-history":[{"count":0,"href":"https:\/\/maxradio923.com.ar\/index.php\/wp-json\/wp\/v2\/posts\/47552\/revisions"}],"wp:featuredmedia":[{"embeddable":true,"href":"https:\/\/maxradio923.com.ar\/index.php\/wp-json\/wp\/v2\/media\/47553"}],"wp:attachment":[{"href":"https:\/\/maxradio923.com.ar\/index.php\/wp-json\/wp\/v2\/media?parent=47552"}],"wp:term":[{"taxonomy":"category","embeddable":true,"href":"https:\/\/maxradio923.com.ar\/index.php\/wp-json\/wp\/v2\/categories?post=47552"},{"taxonomy":"post_tag","embeddable":true,"href":"https:\/\/maxradio923.com.ar\/index.php\/wp-json\/wp\/v2\/tags?post=47552"}],"curies":[{"name":"wp","href":"https:\/\/api.w.org\/{rel}","templated":true}]}}