{"id":47551,"date":"2025-08-13T03:54:03","date_gmt":"2025-08-13T06:54:03","guid":{"rendered":"https:\/\/maxradio923.com.ar\/index.php\/2025\/08\/13\/vladimir-putin-y-kim-jong-un-reforzaron-su-cooperacion-antes-de-la-cumbre-con-donald-trump-en-alaska\/"},"modified":"2025-08-13T03:54:03","modified_gmt":"2025-08-13T06:54:03","slug":"vladimir-putin-y-kim-jong-un-reforzaron-su-cooperacion-antes-de-la-cumbre-con-donald-trump-en-alaska","status":"publish","type":"post","link":"https:\/\/maxradio923.com.ar\/index.php\/2025\/08\/13\/vladimir-putin-y-kim-jong-un-reforzaron-su-cooperacion-antes-de-la-cumbre-con-donald-trump-en-alaska\/","title":{"rendered":"Vladimir Putin y Kim Jong-un reforzaron su cooperaci\u00f3n antes de la cumbre con Donald Trump en Alaska"},"content":{"rendered":"<p><\/p>\n<div>\n<div class=\"visual__image image-initial-width\"><picture><source srcset=\"https:\/\/www.infobae.com\/resizer\/v2\/B642K2LKOZFCNDITCNLIOFUJSQ.JPG?auth=da0ae2afcb0e3b4620d83c5ca9eedd7f7089b51bb2cb4640c2c7cb0bec733ba2&amp;smart=true&amp;width=992&amp;height=661&amp;quality=85\" media=\"(min-width: 1000px)\"\/><source srcset=\"https:\/\/www.infobae.com\/resizer\/v2\/B642K2LKOZFCNDITCNLIOFUJSQ.JPG?auth=da0ae2afcb0e3b4620d83c5ca9eedd7f7089b51bb2cb4640c2c7cb0bec733ba2&amp;smart=true&amp;width=768&amp;height=512&amp;quality=85\" media=\"(min-width: 768px)\"\/><source srcset=\"https:\/\/www.infobae.com\/resizer\/v2\/B642K2LKOZFCNDITCNLIOFUJSQ.JPG?auth=da0ae2afcb0e3b4620d83c5ca9eedd7f7089b51bb2cb4640c2c7cb0bec733ba2&amp;smart=true&amp;width=577&amp;height=385&amp;quality=85\" media=\"(min-width: 580px)\"\/><source srcset=\"https:\/\/www.infobae.com\/resizer\/v2\/B642K2LKOZFCNDITCNLIOFUJSQ.JPG?auth=da0ae2afcb0e3b4620d83c5ca9eedd7f7089b51bb2cb4640c2c7cb0bec733ba2&amp;smart=true&amp;width=420&amp;height=280&amp;quality=85\" media=\"(min-width: 350px)\"\/><source srcset=\"https:\/\/www.infobae.com\/resizer\/v2\/B642K2LKOZFCNDITCNLIOFUJSQ.JPG?auth=da0ae2afcb0e3b4620d83c5ca9eedd7f7089b51bb2cb4640c2c7cb0bec733ba2&amp;smart=true&amp;width=350&amp;height=233&amp;quality=85\" media=\"(min-width: 80px)\"\/><img alt=\"La Agencia Central de Noticias\" class=\"global-image\" decoding=\"async\" fetchpriority=\"high\" height=\"4201\" loading=\"eager\" src=\"https:\/\/www.infobae.com\/resizer\/v2\/B642K2LKOZFCNDITCNLIOFUJSQ.JPG?auth=da0ae2afcb0e3b4620d83c5ca9eedd7f7089b51bb2cb4640c2c7cb0bec733ba2&amp;smart=true&amp;width=350&amp;height=233&amp;quality=85\" width=\"6302\"\/><\/picture><figcaption class=\"article-figcaption-img\">La Agencia Central de Noticias de Corea del Norte (KCNA) divulg\u00f3 este martes esta imagen del l\u00edder norcoreano Kim Jong-un durante la conversaci\u00f3n telef\u00f3nica con el presidente ruso Vladimir Putin, en Pyongyang (KCNA v\u00eda REUTERS)<\/figcaption><\/div>\n<p class=\"paragraph\">El presidente ruso <b>Vladimir Putin<\/b> y el dictador norcoreano <b>Kim Jong-un<\/b> reafirmaron su <b>voluntad de reforzar su colaboraci\u00f3n bilateral<\/b>, en el contexto de los preparativos de la pr\u00f3xima cumbre entre Putin y el presidente de Estados Unidos, <b>Donald Trump<\/b>, que se celebrar\u00e1 en Alaska este viernes 15 de agosto, seg\u00fan inform\u00f3 la agencia oficial <i>KCNA<\/i> y confirm\u00f3 el Kremlin.<\/p>\n<p class=\"paragraph\">Durante una <b>conversaci\u00f3n telef\u00f3nica<\/b> mantenida este martes, ambos dirigentes intercambiaron impresiones en un <b>\u201cambiente c\u00e1lido y de camarader\u00eda\u201d<\/b>,<b> <\/b>subrayando su compromiso de fortalecer la cooperaci\u00f3n entre sus pa\u00edses en el futuro.<\/p>\n<p class=\"paragraph\">Putin agradeci\u00f3 a Kim el apoyo mostrado por Corea del Norte en la guerra en Ucrania, destacando el <b>\u201ccoraje, hero\u00edsmo y abnegaci\u00f3n\u201d de los soldados norcoreanos que combaten al lado de las tropas rusas en la regi\u00f3n fronteriza de Kursk<\/b>, seg\u00fan la nota del Kremlin.<\/p>\n<p class=\"paragraph\">La agencia <i>KCNA<\/i> detall\u00f3 que<b> el presidente ruso valor\u00f3 el \u201cesp\u00edritu abnegado\u201d de los efectivos norcoreanos movilizados<\/b> en el conflicto de Ucrania y mencion\u00f3 la colaboraci\u00f3n de Pyongyang en la liberaci\u00f3n de Kursk. Pyongyang ha intensificado en los \u00faltimos a\u00f1os su cooperaci\u00f3n militar con Mosc\u00fa, suministrando armas y personal para las operaciones rusas.<\/p>\n<div class=\"visual__image\"><picture><source srcset=\"https:\/\/www.infobae.com\/resizer\/v2\/UBOUG3SCKJAYLCE35TYDNWJRLE.jpg?auth=a3b39a0f01d1fe9e36ba9e5efed8cb38c2aceccfd35fba98240b5d252ed82f13&amp;smart=true&amp;width=992&amp;height=612&amp;quality=85\" media=\"(min-width: 1000px)\"\/><source srcset=\"https:\/\/www.infobae.com\/resizer\/v2\/UBOUG3SCKJAYLCE35TYDNWJRLE.jpg?auth=a3b39a0f01d1fe9e36ba9e5efed8cb38c2aceccfd35fba98240b5d252ed82f13&amp;smart=true&amp;width=768&amp;height=474&amp;quality=85\" media=\"(min-width: 768px)\"\/><source srcset=\"https:\/\/www.infobae.com\/resizer\/v2\/UBOUG3SCKJAYLCE35TYDNWJRLE.jpg?auth=a3b39a0f01d1fe9e36ba9e5efed8cb38c2aceccfd35fba98240b5d252ed82f13&amp;smart=true&amp;width=577&amp;height=356&amp;quality=85\" media=\"(min-width: 580px)\"\/><source srcset=\"https:\/\/www.infobae.com\/resizer\/v2\/UBOUG3SCKJAYLCE35TYDNWJRLE.jpg?auth=a3b39a0f01d1fe9e36ba9e5efed8cb38c2aceccfd35fba98240b5d252ed82f13&amp;smart=true&amp;width=420&amp;height=259&amp;quality=85\" media=\"(min-width: 350px)\"\/><source srcset=\"https:\/\/www.infobae.com\/resizer\/v2\/UBOUG3SCKJAYLCE35TYDNWJRLE.jpg?auth=a3b39a0f01d1fe9e36ba9e5efed8cb38c2aceccfd35fba98240b5d252ed82f13&amp;smart=true&amp;width=350&amp;height=216&amp;quality=85\" media=\"(min-width: 80px)\"\/><img alt=\"Imagen de archivo: El presidente\" class=\"global-image\" decoding=\"async\" fetchpriority=\"low\" height=\"1185\" loading=\"lazy\" src=\"https:\/\/www.infobae.com\/resizer\/v2\/UBOUG3SCKJAYLCE35TYDNWJRLE.jpg?auth=a3b39a0f01d1fe9e36ba9e5efed8cb38c2aceccfd35fba98240b5d252ed82f13&amp;smart=true&amp;width=350&amp;height=216&amp;quality=85\" width=\"1920\"\/><\/picture><figcaption class=\"article-figcaption-img\">Imagen de archivo: El presidente ruso Vladimir Putin y el l\u00edder norcoreano Kim Jong-un se dan la mano antes de su reuni\u00f3n durante la visita de Estado el 18 de junio de 2024 (EP)<\/figcaption><\/div>\n<p class=\"paragraph\"><b>Kim Jong-un comunic\u00f3 el respaldo de su pa\u00eds a las futuras \u201cmedidas que adopte la direcci\u00f3n rusa\u201d<\/b>, y afirm\u00f3 el \u201capoyo total\u201d del r\u00e9gimen norcoreano a las acciones que Rusia pueda llevar a cabo pr\u00f3ximamente, seg\u00fan los comunicados difundidos por ambas naciones.<\/p>\n<p class=\"paragraph\">Ambos mandatarios aprovecharon la conversaci\u00f3n para <b>intercambiar felicitaciones por la proximidad del 80 aniversario de la liberaci\u00f3n de Corea del colonialismo japon\u00e9s<\/b>, fecha que ser\u00e1 celebrada por Corea del Norte el 15 de agosto y que Kim calific\u00f3 de <b>\u201cfiesta nacional compartida\u201d, en alusi\u00f3n al rol del Ej\u00e9rcito Rojo sovi\u00e9tico en la derrota de las fuerzas niponas.<\/b><\/p>\n<p class=\"paragraph\">La reuni\u00f3n telef\u00f3nica se enmarca en el<b> reciente acuerdo de cooperaci\u00f3n estrat\u00e9gica firmado en Pyongyang el 19 de julio de 2024 entre Rusia y Corea del Norte<\/b>, que incluye asistencia militar rec\u00edproca en caso de agresi\u00f3n exterior. Ambas capitales han destacado su intenci\u00f3n de continuar desarrollando relaciones de amistad y buena vecindad en distintas \u00e1reas, y confirmaron la previsi\u00f3n de mantener contactos regulares de alto nivel.<\/p>\n<div class=\"visual__image\"><picture><source srcset=\"https:\/\/www.infobae.com\/resizer\/v2\/HBTJRWX2GBPRMMF3WMKMQB2MTE.jpg?auth=d1c1bcfe0cf85d080478c87b654d39728eaee2083da92a4461d1a7c954209b0f&amp;smart=true&amp;width=992&amp;height=662&amp;quality=85\" media=\"(min-width: 1000px)\"\/><source srcset=\"https:\/\/www.infobae.com\/resizer\/v2\/HBTJRWX2GBPRMMF3WMKMQB2MTE.jpg?auth=d1c1bcfe0cf85d080478c87b654d39728eaee2083da92a4461d1a7c954209b0f&amp;smart=true&amp;width=768&amp;height=512&amp;quality=85\" media=\"(min-width: 768px)\"\/><source srcset=\"https:\/\/www.infobae.com\/resizer\/v2\/HBTJRWX2GBPRMMF3WMKMQB2MTE.jpg?auth=d1c1bcfe0cf85d080478c87b654d39728eaee2083da92a4461d1a7c954209b0f&amp;smart=true&amp;width=577&amp;height=385&amp;quality=85\" media=\"(min-width: 580px)\"\/><source srcset=\"https:\/\/www.infobae.com\/resizer\/v2\/HBTJRWX2GBPRMMF3WMKMQB2MTE.jpg?auth=d1c1bcfe0cf85d080478c87b654d39728eaee2083da92a4461d1a7c954209b0f&amp;smart=true&amp;width=420&amp;height=280&amp;quality=85\" media=\"(min-width: 350px)\"\/><source srcset=\"https:\/\/www.infobae.com\/resizer\/v2\/HBTJRWX2GBPRMMF3WMKMQB2MTE.jpg?auth=d1c1bcfe0cf85d080478c87b654d39728eaee2083da92a4461d1a7c954209b0f&amp;smart=true&amp;width=350&amp;height=233&amp;quality=85\" media=\"(min-width: 80px)\"\/><img alt=\"Imagen de archivo: El secretario\" class=\"global-image\" decoding=\"async\" fetchpriority=\"low\" height=\"3668\" loading=\"lazy\" src=\"https:\/\/www.infobae.com\/resizer\/v2\/HBTJRWX2GBPRMMF3WMKMQB2MTE.jpg?auth=d1c1bcfe0cf85d080478c87b654d39728eaee2083da92a4461d1a7c954209b0f&amp;smart=true&amp;width=350&amp;height=233&amp;quality=85\" width=\"5500\"\/><\/picture><figcaption class=\"article-figcaption-img\">Imagen de archivo: El secretario de Estado de Estados Unidos, Marco Rubio (segundo, izquierda), se reuni\u00f3 con el ministro ruso de Exteriores, Sergei Lavrov (derecha) en Riad, Arabia Saudita, el 18 de febrero de 2025 (Evelyn Hockstein\/AP)<\/figcaption><\/div>\n<p class=\"paragraph\">En paralelo a la aproximaci\u00f3n entre Mosc\u00fa y Pyongyang, <b>los ministros de Exteriores de Rusia, Sergei Lavrov, y de EEUU, Marco Rubio, tambi\u00e9n sostuvieron este martes una conversaci\u00f3n para ultimar los detalles de la cumbre Putin-Trump en Alaska<\/b>. La diplomacia rusa inform\u00f3 de que ambas partes mantienen un \u201cenfoque positivo\u201d y un inter\u00e9s com\u00fan en lograr una reuni\u00f3n exitosa que pueda abordar las opciones para alcanzar una soluci\u00f3n duradera a la crisis ucraniana.<\/p>\n<p class=\"paragraph\"><b>El encuentro entre Putin y Trump, confirmado oficialmente por ambos gobiernos, ser\u00e1 el primero entre ambos l\u00edderes desde la cumbre celebrada en Helsinki en 2018<\/b>. La \u00faltima vez que el presidente ruso se reuni\u00f3 con su hom\u00f3logo estadounidense tuvo lugar en 2021 en Ginebra, entonces con Joe Biden.<\/p>\n<p class=\"paragraph\">El asesor presidencial ruso para Asuntos Internacionales, Yuri Ushakov, explic\u00f3 que la elecci\u00f3n de Alaska como sede de la cumbre responde a la ubicaci\u00f3n geogr\u00e1fica de ambos pa\u00edses, que comparten fronteras en el estrecho de Bering. Ushakov resalt\u00f3 la relevancia de este encuentro para abordar de forma directa los elementos centrales del conflicto en Ucrania y explorar v\u00edas de entendimiento bilateral en el actual escenario internacional.<\/p>\n<p class=\"paragraph\">Las expectativas se centran en que la cumbre permita avanzar, por primera vez en varios a\u00f1os, hacia posibles soluciones negociadas que puedan incidir en el curso de la guerra. Las delegaciones de Rusia y Estados Unidos se preparan para tratar una agenda en la que la estabilidad europea, el intercambio comercial y la seguridad estrat\u00e9gica figuran como principales prioridades.<\/p>\n<p class=\"paragraph\"><i>(Con informaci\u00f3n de AFP y EFE)<\/i><\/p>\n<\/div>\n<p><script type=\"didomi\/javascript\" data-vendor=\"facebook\" defer=\"\">try{!function(f,b,e,v,n,t,s) {if(f.fbq)return;n=f.fbq=function(){n.callMethod? n.callMethod.apply(n,arguments):n.queue.push(arguments)}; if(!f._fbq)f._fbq=n;n.push=n;n.loaded=!0;n.version='2.0'; n.queue=[];t=b.createElement(e);t.async=!0; t.src=v;s=b.getElementsByTagName(e)[0]; s.parentNode.insertBefore(t,s)}(window, document,'script', ' fbq('init', '336383993555320'); fbq('track', 'PageView'); fbq('track', 'ViewContent');}catch(error){console.log(\"Error al inicializar facebookPixelRawCodeScript:\",error);}<\/script><\/p>\n","protected":false},"excerpt":{"rendered":"<p>La Agencia Central de Noticias de Corea del Norte (KCNA) divulg\u00f3 este martes esta imagen del l\u00edder norcoreano Kim Jong-un durante la conversaci\u00f3n telef\u00f3nica con el presidente ruso Vladimir Putin, en Pyongyang (KCNA v\u00eda REUTERS) El presidente ruso Vladimir Putin y el dictador norcoreano Kim Jong-un reafirmaron su voluntad de reforzar su colaboraci\u00f3n bilateral, en [&hellip;]<\/p>\n","protected":false},"author":2,"featured_media":39560,"comment_status":"","ping_status":"","sticky":false,"template":"","format":"standard","meta":{"footnotes":""},"categories":[3],"tags":[],"_links":{"self":[{"href":"https:\/\/maxradio923.com.ar\/index.php\/wp-json\/wp\/v2\/posts\/47551"}],"collection":[{"href":"https:\/\/maxradio923.com.ar\/index.php\/wp-json\/wp\/v2\/posts"}],"about":[{"href":"https:\/\/maxradio923.com.ar\/index.php\/wp-json\/wp\/v2\/types\/post"}],"author":[{"embeddable":true,"href":"https:\/\/maxradio923.com.ar\/index.php\/wp-json\/wp\/v2\/users\/2"}],"replies":[{"embeddable":true,"href":"https:\/\/maxradio923.com.ar\/index.php\/wp-json\/wp\/v2\/comments?post=47551"}],"version-history":[{"count":0,"href":"https:\/\/maxradio923.com.ar\/index.php\/wp-json\/wp\/v2\/posts\/47551\/revisions"}],"wp:featuredmedia":[{"embeddable":true,"href":"https:\/\/maxradio923.com.ar\/index.php\/wp-json\/wp\/v2\/media\/39560"}],"wp:attachment":[{"href":"https:\/\/maxradio923.com.ar\/index.php\/wp-json\/wp\/v2\/media?parent=47551"}],"wp:term":[{"taxonomy":"category","embeddable":true,"href":"https:\/\/maxradio923.com.ar\/index.php\/wp-json\/wp\/v2\/categories?post=47551"},{"taxonomy":"post_tag","embeddable":true,"href":"https:\/\/maxradio923.com.ar\/index.php\/wp-json\/wp\/v2\/tags?post=47551"}],"curies":[{"name":"wp","href":"https:\/\/api.w.org\/{rel}","templated":true}]}}